{"id":166297,"date":"2021-02-15T18:42:29","date_gmt":"2021-02-15T17:42:29","guid":{"rendered":"https:\/\/www.ifun.de\/?p=166297"},"modified":"2021-02-15T18:42:29","modified_gmt":"2021-02-15T17:42:29","slug":"ard-mediathek-altersbestaetigung-hebt-jugenschutz-beschraenkungen-auf","status":"publish","type":"post","link":"https:\/\/www.ifun.de\/ard-mediathek-altersbestaetigung-hebt-jugenschutz-beschraenkungen-auf-166297\/","title":{"rendered":"ARD Mediathek: Altersbest\u00e4tigung hebt Jugenschutz-Beschr\u00e4nkungen auf"},"content":{"rendered":"<p>Erst vergangene Woche wurde bekannt, dass die App <a href=\"https:\/\/apps.apple.com\/de\/app\/ard-mediathek\/id981496660\">ARD Mediathek<\/a> k\u00fcnftig auch die Inhalte der nicht mehr weiterentwickelten iOS-Anwendung \u201eDas Erste\u201c anbietet. Um den damit verbundenen Komfort zu steigern, haben die verantwortlichen Entwickler jetzt Version 7.10.0 der Mediathek-App ver\u00f6ffentlicht und die Anbindung an ARD-Benutzerkonten integriert.<\/p>\n<p>\u00dcber das links oben platzierte Symbol f\u00fcr das pers\u00f6nliche Men\u00fc kann man nicht nur auf Einstellungen f\u00fcr die Videowiedergabe zugreifen, sondern sich auch mit einem pers\u00f6nlichen ARD-Konto anmelden. Wer sich nicht mehr dar\u00fcber \u00e4rgern will, dass ausgew\u00e4hlte Inhalte (aufgrund von teils nicht nachvollziehbaren Kriterien) nur zu nachtschlafender Stunde abrufbar sind, hat die M\u00f6glichkeit, hier einen Altersnachweis zu hinterlegen.<\/p>\n<p><a href=\"https:\/\/images.ifun.de\/wp-content\/uploads\/2021\/02\/ard-mediathek-login.jpg\"><img loading=\"lazy\" decoding=\"async\" src=\"https:\/\/images.ifun.de\/wp-content\/uploads\/2021\/02\/ard-mediathek-login-700x504.jpg\" alt=\"Ard Mediathek Login\" width=\"700\" height=\"504\" class=\"alignnone size-large wp-image-166300\" srcset=\"https:\/\/images.ifun.de\/wp-content\/uploads\/2021\/02\/ard-mediathek-login-700x504.jpg 700w, https:\/\/images.ifun.de\/wp-content\/uploads\/2021\/02\/ard-mediathek-login-500x360.jpg 500w, https:\/\/images.ifun.de\/wp-content\/uploads\/2021\/02\/ard-mediathek-login-768x553.jpg 768w, https:\/\/images.ifun.de\/wp-content\/uploads\/2021\/02\/ard-mediathek-login.jpg 1400w\" sizes=\"auto, (max-width: 700px) 100vw, 700px\" \/><\/a><\/p>\n<p>Ohne Aufwand l\u00e4sst sich das allerdings nicht realisieren. Um die Alterssperre aufzuheben, ben\u00f6tigt ihr einen Personalausweis, Reisepass oder deutschen Aufenthaltstitel. Zus\u00e4tzlich zu den aus diesen Dokumenten abgefragten Informationen m\u00fcsst ihr dann auch noch einen Jugendschutz-Code vergeben, der fest mit eurem Benutzerkonto verbunden ist. Die Anmeldung mit einem Benutzerkonto erlaubt es dar\u00fcber hinaus, Inhalte Merklisten und angefangene Sendungen auf verschiedenen Ger\u00e4ten zu synchronisieren.<\/p>\n<p>Der ZDF-Login hilft hier \u00fcbrigens nicht weiter. Man kann sich zwar grunds\u00e4tzlich f\u00fcr die Verwendung der ARD Mediathek auch mit seinen ZDF-Nutzerdaten anmelden, die Altersbest\u00e4tigung erfordert allerdings ein separates Benutzerkonto bei der ARD. Schade, denn zahlreiche Nutzer d\u00fcrften den Freigabeprozess schon vor zwei Jahren in Verbindung mit der ZDF Mediathek hinter sich gebracht haben.<\/p>\n<p>Den Versionsbeschreibungen zufolge wurden mit Ver\u00f6ffentlichung der neuen App-Version auch kleinere \u00c4nderungen vorgenommen und Fehler behoben. Die Anwendung ARD Mediathek pr\u00e4sentiert sich jetzt als zentrale App der ARD und ihrer Landesanstalten und bietet gleicherma\u00dfen Zugriff auf das Live-Programm wie auch auf die On-Demand-Inhalte der einzelnen Sendeanstalten.<img loading=\"lazy\" decoding=\"async\" src=\"https:\/\/vg01.met.vgwort.de\/na\/c809be10be6a49b28267706bb5cd1551\" width=\"1\" height=\"1\" no-lazy class=\"tracking\"><\/p>\n<!-- WP-Appbox (Version: 4.5.13 \/\/ Store: appstore \/\/ ID: 981496660) -->\t<!-- app-link -->\n\t<div id=\"article-single-app-preview\">\n\t\t<div id=\"article-single-app-preview-header\">\n\t\t\t<span class=\"title\">Laden im App Store<\/span>\n\t\t<\/div>\n\t\t<div id=\"article-single-app-preview-content\">\n\t\t\t<div id=\"article-single-app-preview-img\"><img loading=\"lazy\" decoding=\"async\" src=\"\/\/is1-ssl.mzstatic.com\/image\/thumb\/PurpleSource221\/v4\/51\/f3\/fb\/51f3fb25-4025-d1b6-7e9c-10f7b0d8613d\/Placeholder.mill\/200x200bb-75.png\" alt=\"ARD Mediathek\"  height=\"72\" width=\"72\" class=\"asl-icon-img\" \/><\/div>\n\t\t\t<div id=\"article-single-app-preview-desc\">\n\t\t\t\t<span class=\"name\">ARD Mediathek<\/span><br \/>\n\t\t\t\t<span class=\"seller\">Entwickler: <a target=\"_blank\" rel=\"nofollow\" href=\"https:\/\/apps.apple.com\/de\/developer\/sudwestrundfunk-anstalt-des-offentlichen-rechts\/id610313722\">Sudwestrundfunk, Anstalt des offentlichen Rechts<\/a><\/span>\n\t\t\t<\/div>\n\t\t\t<a target=\"_blank\" rel=\"nofollow\" href=\"https:\/\/apps.apple.com\/de\/app\/ard-mediathek\/id981496660\"><div id=\"article-single-app-preview-download\">Preis: Kostenlos<br \/>\n\t\t\t<span class=\"size\">Laden<\/span><\/div><\/a>\n\t\t<\/div>\n\t\t<!-- <div id=\"article-single-app-preview-footer\"><\/div>\t-->\n\t<\/div>\n\t<!-- app-link\/ende --><!-- \/WP-Appbox -->\n","protected":false},"excerpt":{"rendered":"<a href=\"https:\/\/www.ifun.de\/ard-mediathek-altersbestaetigung-hebt-jugenschutz-beschraenkungen-auf-166297\/\"><img width=\"150\" height=\"150\" src=\"https:\/\/images.ifun.de\/wp-content\/uploads\/2021\/02\/ard-mediathek-app-ipad-150x150.jpg\" class=\"alignright tfe wp-post-image\" alt=\"Ard Mediathek App Ipad\" decoding=\"async\" loading=\"lazy\" \/><\/a><p>Erst vergangene Woche wurde bekannt, dass die App ARD Mediathek k\u00fcnftig auch die Inhalte der nicht mehr weiterentwickelten iOS-Anwendung \u201eDas Erste\u201c anbietet. Um den damit verbundenen Komfort zu steigern, haben die verantwortlichen Entwickler jetzt Version 7.10.0 der Mediathek-App ver\u00f6ffentlicht und die Anbindung an ARD-Benutzerkonten integriert. \u00dcber das links oben platzierte Symbol f\u00fcr das pers\u00f6nliche Men\u00fc [&hellip;]<\/p>\n","protected":false},"author":2,"featured_media":166302,"comment_status":"open","ping_status":"closed","sticky":false,"template":"","format":"standard","meta":{"_acf_changed":false,"footnotes":""},"categories":[5],"tags":[4737,4362,5280,2128],"class_list":["post-166297","post","type-post","status-publish","format-standard","has-post-thumbnail","hentry","category-apps","tag-apps","tag-ard-mediathek","tag-jugendschutz","tag-video-on-demand"],"acf":[],"aioseo_notices":[],"subheadline":["Alle Videos rund um die Uhr"],"featured_image":["https:\/\/images.ifun.de\/wp-content\/uploads\/2021\/02\/ard-mediathek-app-ipad.jpg"],"rest_api_enabler":{"subheadline":"Alle Videos rund um die Uhr","featured_image":"https:\/\/images.ifun.de\/wp-content\/uploads\/2021\/02\/ard-mediathek-app-ipad.jpg"},"_links":{"self":[{"href":"https:\/\/www.ifun.de\/apiv2\/wp\/v2\/posts\/166297","targetHints":{"allow":["GET"]}}],"collection":[{"href":"https:\/\/www.ifun.de\/apiv2\/wp\/v2\/posts"}],"about":[{"href":"https:\/\/www.ifun.de\/apiv2\/wp\/v2\/types\/post"}],"author":[{"embeddable":true,"href":"https:\/\/www.ifun.de\/apiv2\/wp\/v2\/users\/2"}],"replies":[{"embeddable":true,"href":"https:\/\/www.ifun.de\/apiv2\/wp\/v2\/comments?post=166297"}],"version-history":[{"count":3,"href":"https:\/\/www.ifun.de\/apiv2\/wp\/v2\/posts\/166297\/revisions"}],"predecessor-version":[{"id":166301,"href":"https:\/\/www.ifun.de\/apiv2\/wp\/v2\/posts\/166297\/revisions\/166301"}],"wp:featuredmedia":[{"embeddable":true,"href":"https:\/\/www.ifun.de\/apiv2\/wp\/v2\/media\/166302"}],"wp:attachment":[{"href":"https:\/\/www.ifun.de\/apiv2\/wp\/v2\/media?parent=166297"}],"wp:term":[{"taxonomy":"category","embeddable":true,"href":"https:\/\/www.ifun.de\/apiv2\/wp\/v2\/categories?post=166297"},{"taxonomy":"post_tag","embeddable":true,"href":"https:\/\/www.ifun.de\/apiv2\/wp\/v2\/tags?post=166297"}],"curies":[{"name":"wp","href":"https:\/\/api.w.org\/{rel}","templated":true}]}}