{"id":166129,"date":"2021-02-11T08:31:06","date_gmt":"2021-02-11T07:31:06","guid":{"rendered":"https:\/\/www.ifun.de\/?p=166129"},"modified":"2021-02-11T08:35:06","modified_gmt":"2021-02-11T07:35:06","slug":"amazon-neue-smart-home-zentrale-kommt","status":"publish","type":"post","link":"https:\/\/www.ifun.de\/amazon-neue-smart-home-zentrale-kommt-166129\/","title":{"rendered":"Amazon: Neue Smart-Home-Zentrale kommt"},"content":{"rendered":"<p>Der Online-H\u00e4ndler Amazon soll an einer neuen Smart-Home-Zentrale arbeiten, die anders als die meisten Echo-Modelle nicht ausschlie\u00dflich auf die Spracheingabe ihrer Nutzer wartet sondern auf einen Touchscreen zur Wandmontage setzt.<\/p>\n<p><a href=\"https:\/\/images.ifun.de\/wp-content\/uploads\/2021\/02\/unsplash-touch.jpg\"><img loading=\"lazy\" decoding=\"async\" class=\"aligncenter size-medium wp-image-166132\" src=\"https:\/\/images.ifun.de\/wp-content\/uploads\/2021\/02\/unsplash-touch-500x367.jpg\" alt=\"Unsplash Touch\" width=\"500\" height=\"367\" srcset=\"https:\/\/images.ifun.de\/wp-content\/uploads\/2021\/02\/unsplash-touch-500x367.jpg 500w, https:\/\/images.ifun.de\/wp-content\/uploads\/2021\/02\/unsplash-touch-700x514.jpg 700w, https:\/\/images.ifun.de\/wp-content\/uploads\/2021\/02\/unsplash-touch-768x564.jpg 768w, https:\/\/images.ifun.de\/wp-content\/uploads\/2021\/02\/unsplash-touch.jpg 1106w\" sizes=\"auto, (max-width: 500px) 100vw, 500px\" \/><\/a><\/p>\n<p>Dieser soll sich als Kommandozentrale um die Smart-Home-Steuerung, das F\u00fchren von Videotelefonaten und das Abspielen von Medieninhalten k\u00fcmmern.<\/p>\n<p>Wie mit der Entwicklung der neuen Smart-Home-Zentrale vertraute Personen dem Finanznachrichten-Dienst Bloomberg <a href=\"https:\/\/www.bloomberg.com\/news\/articles\/2021-02-09\/amazon-plans-wall-mounted-echo-as-smart-home-command-center\">gesteckt haben<\/a>, soll die als Always-On-Ger\u00e4t konzipierte L\u00f6sung zudem bevorstehende Kalender-Termine anzeigen, mit integrierten Kameras ausgestattet sein und nat\u00fcrlich auch die Sprachassistentin Alexa integrierten.<\/p>\n<h2>Zwischen 10 und 13 Zoll<\/h2>\n<p>Die neuen Touchscreen sollen mit fest installierten iPads und Insell\u00f6sungen wie den <a href=\"https:\/\/www.control4.com\/\">Control4-Modulen<\/a> zur Heimsteuerung konkurrieren und auf Bildschirmgr\u00f6\u00dfen zwischen 10 und 13 Zoll setzen. Zur Erinnerung: Der ebenfalls mit einem Touchscreen ausgestattete Amazon Echo Show ist mit Bildschirmgr\u00f6\u00dfen von 5, 8 und 10 Zoll erh\u00e4ltlich.<\/p>\n<p>Die neue Steuerzentrale zur Wandhalterung soll fr\u00fchestens Ende 2021 in den Markt starten (allerdings k\u00f6nnte der Launch auch um ein Jahr nach hinten verschoben werden) und dann f\u00fcr Preise zwischen $200 und $250 angeboten werden.<\/p>\n<script>\r\n  function open_amazon(link) {\r\n    if (navigator.userAgent.indexOf(\"Firefox\") != -1) {\r\n      window.open(link, '_blank');\r\n    } else {\r\n      var tag = document.createElement('a');\r\n      tag.setAttribute('href', link);\r\n      tag.innerHTML = \"amzn\";\r\n      tag.click();\r\n    }\r\n  }\r\n<\/script>\r\n    <div id=\"article-single-amazon-preview\" onclick=\"return open_amazon('https:\/\/www.amazon.de\/dp\/B08BJMZNS2?tag=musicweb02&linkCode=ogi&th=1&psc=1');\">\n  <div id=\"article-single-amazon-preview-header\">\n    <span class=\"title\">Produkthinweis<\/span>\n      <\/div>\n  <div id=\"article-single-amazon-preview-content\">\n    <div id=\"article-single-amazon-preview-img\" style=\"background: url('https:\/\/m.media-amazon.com\/images\/I\/313bWJu+L0L.jpg') center center no-repeat; background-size: cover;\"><\/div>\n    <div id=\"article-single-amazon-preview-desc\">\n      <span class=\"bezeichnung\"><a href=\"https:\/\/www.amazon.de\/dp\/B08BJMZNS2?tag=musicweb02&linkCode=ogi&th=1&psc=1\" style=\"text-decoration: none; border-bottom: 0px; box-shadow: none;\">Cozycase kleines Wandregal f\u00fcr Show 8 (1.\/2.\/3. Gen), Google Nest Hub, Wandhalterung f\u00fcr Bose SoundLink Mini und...<\/a><\/span>\n      <span class=\"preis--aktuell\">16,99 EUR<\/span>\n      <span class=\"preis--alt\">14,44 EUR<\/span>\n    <\/div>\n  <\/div>\n<\/div>\n<p>Nach der Echo Wall Clock w\u00e4re die Smart-Home-Zentrale dann das zweite Echo-Produkt zur Wandmontage und wahrscheinlich auch das d\u00fcnnste Echo-Produkt bislang. So finden sich auf Amazon zwar auch f\u00fcr die aktuell erh\u00e4ltlichen Echo Show-Modelle <a rel=\"noindex, nofollow\" href=\"http:\/\/www.ifun.de\/amzn\/B08BJMZNS2\">m\u00f6gliche Wandbefestigungen<\/a>, diese erinnern h\u00e4ufig jedoch an kleine Regal und lassen die Echo-Ger\u00e4te verh\u00e4ltnism\u00e4\u00dfig weit in den Raum hineinragen.<\/p>\n<p>Im Rahmen einer aktuellen Aktion bietet Amazon den Echo Show 5 und den Echo Show 8 derzeit mit deutlichen Preisnachl\u00e4ssen an:<\/p>\n<ul>\n<li><b>Echo Show 5<\/b>: <a rel=\"noindex, nofollow\" href=\"http:\/\/www.ifun.de\/amzn\/B07KD6624B\">F\u00fcr 55 statt 90 Euro<\/a><\/li>\n<li><b>Echo Show 8<\/b>: <a rel=\"noindex, nofollow\" href=\"http:\/\/www.ifun.de\/amzn\/B07SNPKX5Y\">F\u00fcr 95 statt 130 Euro<\/a><\/li>\n<li><b>Echo Show 10<\/b>: <a rel=\"noindex, nofollow\" href=\"http:\/\/www.ifun.de\/amzn\/B084P3KP2S\">F\u00fcr 250 Euro<\/a><\/li>\n<\/ul>\n<p><img loading=\"lazy\" decoding=\"async\" src=\"https:\/\/vg02.met.vgwort.de\/na\/70d461e06adc40c7b26c739ee15e27ef\" width=\"1\" height=\"1\" no-lazy class=\"tracking\"><\/p>\n","protected":false},"excerpt":{"rendered":"<a href=\"https:\/\/www.ifun.de\/amazon-neue-smart-home-zentrale-kommt-166129\/\"><img width=\"150\" height=\"150\" src=\"https:\/\/images.ifun.de\/wp-content\/uploads\/2021\/02\/unsplash-touch-150x150.jpg\" class=\"alignright tfe wp-post-image\" alt=\"Unsplash Touch\" decoding=\"async\" loading=\"lazy\" \/><\/a><p>Der Online-H\u00e4ndler Amazon soll an einer neuen Smart-Home-Zentrale arbeiten, die anders als die meisten Echo-Modelle nicht ausschlie\u00dflich auf die Spracheingabe ihrer Nutzer wartet sondern auf einen Touchscreen zur Wandmontage setzt. Dieser soll sich als Kommandozentrale um die Smart-Home-Steuerung, das F\u00fchren von Videotelefonaten und das Abspielen von Medieninhalten k\u00fcmmern. Wie mit der Entwicklung der neuen Smart-Home-Zentrale [&hellip;]<\/p>\n","protected":false},"author":1,"featured_media":166132,"comment_status":"open","ping_status":"closed","sticky":false,"template":"","format":"standard","meta":{"_acf_changed":false,"footnotes":""},"categories":[1],"tags":[3204,3910,6322],"class_list":["post-166129","post","type-post","status-publish","format-standard","has-post-thumbnail","hentry","category-news","tag-amazon-echo","tag-geruechte","tag-rumors"],"acf":[],"aioseo_notices":[],"subheadline":["Touchscreen zur Wandmontage"],"featured_image":["https:\/\/images.ifun.de\/wp-content\/uploads\/2021\/02\/echo-unsplash-feature.jpg"],"rest_api_enabler":{"subheadline":"Touchscreen zur Wandmontage","featured_image":"https:\/\/images.ifun.de\/wp-content\/uploads\/2021\/02\/echo-unsplash-feature.jpg"},"_links":{"self":[{"href":"https:\/\/www.ifun.de\/apiv2\/wp\/v2\/posts\/166129","targetHints":{"allow":["GET"]}}],"collection":[{"href":"https:\/\/www.ifun.de\/apiv2\/wp\/v2\/posts"}],"about":[{"href":"https:\/\/www.ifun.de\/apiv2\/wp\/v2\/types\/post"}],"author":[{"embeddable":true,"href":"https:\/\/www.ifun.de\/apiv2\/wp\/v2\/users\/1"}],"replies":[{"embeddable":true,"href":"https:\/\/www.ifun.de\/apiv2\/wp\/v2\/comments?post=166129"}],"version-history":[{"count":8,"href":"https:\/\/www.ifun.de\/apiv2\/wp\/v2\/posts\/166129\/revisions"}],"predecessor-version":[{"id":166139,"href":"https:\/\/www.ifun.de\/apiv2\/wp\/v2\/posts\/166129\/revisions\/166139"}],"wp:featuredmedia":[{"embeddable":true,"href":"https:\/\/www.ifun.de\/apiv2\/wp\/v2\/media\/166132"}],"wp:attachment":[{"href":"https:\/\/www.ifun.de\/apiv2\/wp\/v2\/media?parent=166129"}],"wp:term":[{"taxonomy":"category","embeddable":true,"href":"https:\/\/www.ifun.de\/apiv2\/wp\/v2\/categories?post=166129"},{"taxonomy":"post_tag","embeddable":true,"href":"https:\/\/www.ifun.de\/apiv2\/wp\/v2\/tags?post=166129"}],"curies":[{"name":"wp","href":"https:\/\/api.w.org\/{rel}","templated":true}]}}