{"id":166113,"date":"2021-02-10T18:46:10","date_gmt":"2021-02-10T17:46:10","guid":{"rendered":"https:\/\/www.ifun.de\/?p=166113"},"modified":"2021-02-10T18:46:10","modified_gmt":"2021-02-10T17:46:10","slug":"das-erste-app-eingestellt-ard-mediathek-uebernimmt","status":"publish","type":"post","link":"https:\/\/www.ifun.de\/das-erste-app-eingestellt-ard-mediathek-uebernimmt-166113\/","title":{"rendered":"&#8222;Das Erste&#8220;-App eingestellt: ARD-Mediathek \u00fcbernimmt"},"content":{"rendered":"<p>Um f\u00fcr mehr Durchblick in einer ohnehin schon \u00fcberladenen Medienlandschaft zu sorgen, hat die ARD ihr Produkt-Portfolio kurzerhand zusammengestrichen und die &#8222;Das Erste&#8220;-App aus den App Stores bei Apple und Google entfernt. Allerdings m\u00fcssen Anwender nicht auf die hier angebotenen Inhalte verzichten. Diese werden ab sofort von <a href=\"https:\/\/www.ardmediathek.de\/ard\/\">der ARD-Mediathek<\/a> ausgespielt.<\/p>\n<p><a href=\"https:\/\/images.ifun.de\/wp-content\/uploads\/2021\/02\/ard-mediathek.jpg\"><img loading=\"lazy\" decoding=\"async\" class=\"aligncenter size-medium wp-image-166115\" src=\"https:\/\/images.ifun.de\/wp-content\/uploads\/2021\/02\/ard-mediathek-500x281.jpg\" alt=\"Ard Mediathek\" width=\"500\" height=\"281\" srcset=\"https:\/\/images.ifun.de\/wp-content\/uploads\/2021\/02\/ard-mediathek-500x281.jpg 500w, https:\/\/images.ifun.de\/wp-content\/uploads\/2021\/02\/ard-mediathek-700x394.jpg 700w, https:\/\/images.ifun.de\/wp-content\/uploads\/2021\/02\/ard-mediathek-768x432.jpg 768w, https:\/\/images.ifun.de\/wp-content\/uploads\/2021\/02\/ard-mediathek.jpg 1200w\" sizes=\"auto, (max-width: 500px) 100vw, 500px\" \/><\/a><\/p>\n<p>Die &#8222;Das Erste&#8220;-App wird zudem nicht mehr mit Aktualisierungen versorgt und kann guten Gewissens von all jenen Ger\u00e4ten entfernt werden, auf denen ihr die <a href=\"https:\/\/www.iphone-ticker.de\/ard-das-erste-app-ab-sofort-verfugbar-44958\/\">seit dem 18. M\u00e4rz 2013<\/a> erh\u00e4ltliche Universal-Anwendung f\u00fcr iPhone, iPad und Apple TV installiert hattet.<\/p>\n<p>In der ARD-Mediathek-App pr\u00e4sentieren sich die Inhalte von &#8222;Das Erste&#8220; neben den Bewegtbilder der Dritten Programme und der ARD-Angebote funk, phoenix, ONE, tagesschau24 und ARD-alpha.<\/p>\n<p>Damit treibt die ARD den Ausbau der f\u00fcnf bekannten Digitalmarken, zu denen neben der Mediathek, die Audiothek der ARD, die Tagesschau, die Sportschau und KiKA z\u00e4hlen weiter voran.<\/p>\n<!-- WP-Appbox (Version: 4.5.12 \/\/ Store: appstore \/\/ ID: 981496660) -->\t<!-- app-link -->\n\t<div id=\"article-single-app-preview\">\n\t\t<div id=\"article-single-app-preview-header\">\n\t\t\t<span class=\"title\">Laden im App Store<\/span>\n\t\t<\/div>\n\t\t<div id=\"article-single-app-preview-content\">\n\t\t\t<div id=\"article-single-app-preview-img\"><img loading=\"lazy\" decoding=\"async\" src=\"\/\/is1-ssl.mzstatic.com\/image\/thumb\/PurpleSource221\/v4\/51\/f3\/fb\/51f3fb25-4025-d1b6-7e9c-10f7b0d8613d\/Placeholder.mill\/200x200bb-75.png\" alt=\"ARD Mediathek\"  height=\"72\" width=\"72\" class=\"asl-icon-img\" \/><\/div>\n\t\t\t<div id=\"article-single-app-preview-desc\">\n\t\t\t\t<span class=\"name\">ARD Mediathek<\/span><br \/>\n\t\t\t\t<span class=\"seller\">Entwickler: <a target=\"_blank\" rel=\"nofollow\" href=\"https:\/\/apps.apple.com\/de\/developer\/sudwestrundfunk-anstalt-des-offentlichen-rechts\/id610313722\">Sudwestrundfunk, Anstalt des offentlichen Rechts<\/a><\/span>\n\t\t\t<\/div>\n\t\t\t<a target=\"_blank\" rel=\"nofollow\" href=\"https:\/\/apps.apple.com\/de\/app\/ard-mediathek\/id981496660\"><div id=\"article-single-app-preview-download\">Preis: Kostenlos<br \/>\n\t\t\t<span class=\"size\">Laden<\/span><\/div><\/a>\n\t\t<\/div>\n\t\t<!-- <div id=\"article-single-app-preview-footer\"><\/div>\t-->\n\t<\/div>\n\t<!-- app-link\/ende --><!-- \/WP-Appbox -->\n<h2>ARD-Mediathek als App und Web-Version<\/h2>\n<p>Neben dem Direktzugriff \u00fcber die iOS- und Apple TV-Anwendung, kann die ARD-Mediathek auch im Web besucht werden. Hier bietet das Online-Portal mehrere Einstiegsseiten an, die euch direkt zu den \u00dcbersichtsseiten <a href=\"https:\/\/www.ardmediathek.de\/ard\/filme\/\">Alle Filme<\/a>, <a href=\"https:\/\/www.ardmediathek.de\/ard\/dokus\/\">Alle Dokus<\/a>, <a href=\"https:\/\/www.ardmediathek.de\/ard\/serien\/\">Alle Serien<\/a> und <a href=\"https:\/\/www.ardmediathek.de\/ard\/tatort\/\">Tatort<\/a> f\u00fchren.<\/p>\n<p><a href=\"https:\/\/images.ifun.de\/wp-content\/uploads\/2021\/02\/ard-mediathek-1500.jpg\"><img loading=\"lazy\" decoding=\"async\" class=\"aligncenter size-large wp-image-166116\" src=\"https:\/\/images.ifun.de\/wp-content\/uploads\/2021\/02\/ard-mediathek-1500-700x515.jpg\" alt=\"Ard Mediathek 1500\" width=\"700\" height=\"515\" srcset=\"https:\/\/images.ifun.de\/wp-content\/uploads\/2021\/02\/ard-mediathek-1500-700x515.jpg 700w, https:\/\/images.ifun.de\/wp-content\/uploads\/2021\/02\/ard-mediathek-1500-500x368.jpg 500w, https:\/\/images.ifun.de\/wp-content\/uploads\/2021\/02\/ard-mediathek-1500-768x565.jpg 768w, https:\/\/images.ifun.de\/wp-content\/uploads\/2021\/02\/ard-mediathek-1500.jpg 1500w\" sizes=\"auto, (max-width: 700px) 100vw, 700px\" \/><\/a><\/p>\n<p>Hier gibt die ARD neuerdings an, zu Serien &#8222;immer h\u00e4ufiger&#8220; auch komplette Staffeln anzubieten. Zudem w\u00fcrde man \u00fcber die Kategorien &#8222;H\u00f6rfilme&#8220; und &#8222;Geb\u00e4rdensprache&#8220; die barrierefreien Angebote nun besser b\u00fcndeln. Au\u00dferdem lassen sich interessante Videos auch auf individuellen Merklisten speichern, die per Login auf allen genutzten Ger\u00e4ten verf\u00fcgbar gehalten werden.<\/p>\n<p>Die ARD bittet alle bisherigen Nutzer der &#8222;Das Erste&#8220;-App zeitnah auf die Applikation der ARD-Mediathek umzusteigen und die fast 100.000 Videos hier zu konsumieren.<\/p>\n<p><img loading=\"lazy\" decoding=\"async\" src=\"https:\/\/vg02.met.vgwort.de\/na\/d40e88aef25c4c8a9e096448830e3266\" width=\"1\" height=\"1\" no-lazy class=\"tracking\"><\/p>\n","protected":false},"excerpt":{"rendered":"<a href=\"https:\/\/www.ifun.de\/das-erste-app-eingestellt-ard-mediathek-uebernimmt-166113\/\"><img width=\"150\" height=\"150\" src=\"https:\/\/images.ifun.de\/wp-content\/uploads\/2021\/02\/ard-mediathek-1500-150x150.jpg\" class=\"alignright tfe wp-post-image\" alt=\"Ard Mediathek 1500\" decoding=\"async\" loading=\"lazy\" \/><\/a><p>Um f\u00fcr mehr Durchblick in einer ohnehin schon \u00fcberladenen Medienlandschaft zu sorgen, hat die ARD ihr Produkt-Portfolio kurzerhand zusammengestrichen und die &#8222;Das Erste&#8220;-App aus den App Stores bei Apple und Google entfernt. Allerdings m\u00fcssen Anwender nicht auf die hier angebotenen Inhalte verzichten. Diese werden ab sofort von der ARD-Mediathek ausgespielt. Die &#8222;Das Erste&#8220;-App wird zudem [&hellip;]<\/p>\n","protected":false},"author":1,"featured_media":166116,"comment_status":"open","ping_status":"closed","sticky":false,"template":"","format":"standard","meta":{"_acf_changed":false,"footnotes":""},"categories":[1],"tags":[183,1169],"class_list":["post-166113","post","type-post","status-publish","format-standard","has-post-thumbnail","hentry","category-news","tag-ard","tag-mediathek"],"acf":[],"aioseo_notices":[],"featured_image":["https:\/\/images.ifun.de\/wp-content\/uploads\/2021\/02\/ard-mediathek-feature.jpg"],"subheadline":["\"immer h\u00e4ufiger komplette Staffeln\""],"rest_api_enabler":{"featured_image":"https:\/\/images.ifun.de\/wp-content\/uploads\/2021\/02\/ard-mediathek-feature.jpg","subheadline":"\"immer h\u00e4ufiger komplette Staffeln\""},"_links":{"self":[{"href":"https:\/\/www.ifun.de\/apiv2\/wp\/v2\/posts\/166113","targetHints":{"allow":["GET"]}}],"collection":[{"href":"https:\/\/www.ifun.de\/apiv2\/wp\/v2\/posts"}],"about":[{"href":"https:\/\/www.ifun.de\/apiv2\/wp\/v2\/types\/post"}],"author":[{"embeddable":true,"href":"https:\/\/www.ifun.de\/apiv2\/wp\/v2\/users\/1"}],"replies":[{"embeddable":true,"href":"https:\/\/www.ifun.de\/apiv2\/wp\/v2\/comments?post=166113"}],"version-history":[{"count":1,"href":"https:\/\/www.ifun.de\/apiv2\/wp\/v2\/posts\/166113\/revisions"}],"predecessor-version":[{"id":166117,"href":"https:\/\/www.ifun.de\/apiv2\/wp\/v2\/posts\/166113\/revisions\/166117"}],"wp:featuredmedia":[{"embeddable":true,"href":"https:\/\/www.ifun.de\/apiv2\/wp\/v2\/media\/166116"}],"wp:attachment":[{"href":"https:\/\/www.ifun.de\/apiv2\/wp\/v2\/media?parent=166113"}],"wp:term":[{"taxonomy":"category","embeddable":true,"href":"https:\/\/www.ifun.de\/apiv2\/wp\/v2\/categories?post=166113"},{"taxonomy":"post_tag","embeddable":true,"href":"https:\/\/www.ifun.de\/apiv2\/wp\/v2\/tags?post=166113"}],"curies":[{"name":"wp","href":"https:\/\/api.w.org\/{rel}","templated":true}]}}