{"id":166017,"date":"2021-02-09T07:37:03","date_gmt":"2021-02-09T06:37:03","guid":{"rendered":"https:\/\/www.ifun.de\/?p=166017"},"modified":"2021-02-09T07:39:18","modified_gmt":"2021-02-09T06:39:18","slug":"fuer-den-distanzunterricht-belkin-tablet-stage-fuer-ipad-pro","status":"publish","type":"post","link":"https:\/\/www.ifun.de\/fuer-den-distanzunterricht-belkin-tablet-stage-fuer-ipad-pro-166017\/","title":{"rendered":"F\u00fcr den Distanzunterricht: Belkin Tablet Stage f\u00fcr iPad und iPad Pro"},"content":{"rendered":"<p>Der Zubeh\u00f6r-Anbieter Belkin wird seine <a href=\"https:\/\/www.belkin.com\/us\/p\/P-EDC001\/\">Tablet Stage<\/a> demn\u00e4chst auch f\u00fcr das iPad Pro anbieten und listet den neuen portablen Projektor-Standfu\u00df bereits in seinem <a href=\"https:\/\/www.belkin.com\/us\/p\/P-EDC001\/\">Online-Shop<\/a>. Noch ohne voraussichtlichen Versand-Termin, steht der Verkaufspreis mit 169,99 Euro bereits fest und unterscheidet sich so gut wie nicht vom bereits <a rel=\"noindex, nofollow\" href=\"http:\/\/www.ifun.de\/amzn\/B00CF7M7RA\">bislang angebotenen Modell<\/a>.<\/p>\n<p><a href=\"https:\/\/images.ifun.de\/wp-content\/uploads\/2021\/02\/belkin-tablet-stage-square.gif\"><img decoding=\"async\" class=\"aligncenter size-full wp-image-166019\" src=\"https:\/\/images.ifun.de\/wp-content\/uploads\/2021\/02\/belkin-tablet-stage-square.gif\" alt=\"Belkin Tablet Stage Square\" width=\"500\" \/><\/a><\/p>\n<p>Belkin selbst beschreibt die Tablet Stage als &#8222;Projektor-Standfu\u00df&#8220; f\u00fcr iPad-Nutzer und hat vor allem Lern- und Lehr-Situationen im Blick bei dem das iPad und Lerninhalte vor der Linse der iPad-Kamera zum Einsatz kommen sollen.<\/p>\n<p>So sorgt die Halterung zum einen daf\u00fcr, dass sich aktuelle iPad-Modelle sicher befestigen lassen. Nach Angaben des Anbieters werden 7 bis 11 Zoll gro\u00dfe Tablet und das 12,9 Zoll gro\u00dfe iPad Pro unterst\u00fctzt. Zum Anderen stellt diese den richtigen Abstand zur Pr\u00e4sentationsfl\u00e4che her, auf der sich B\u00fccher und Arbeitsb\u00f6gen ablegen lassen, die am iPad beschriftet, um Notizen erg\u00e4nzt und <a rel=\"noindex, nofollow\" href=\"http:\/\/www.ifun.de\/app\/584574701\">in der Stage-App<\/a> festgehalten werden k\u00f6nnen.<\/p>\n<p><a href=\"https:\/\/images.ifun.de\/wp-content\/uploads\/2021\/02\/belkin-tablet-stage-breit.jpg\"><img loading=\"lazy\" decoding=\"async\" class=\"aligncenter size-large wp-image-166020\" src=\"https:\/\/images.ifun.de\/wp-content\/uploads\/2021\/02\/belkin-tablet-stage-breit-700x335.jpg\" alt=\"Belkin Tablet Stage Breit\" width=\"700\" height=\"335\" srcset=\"https:\/\/images.ifun.de\/wp-content\/uploads\/2021\/02\/belkin-tablet-stage-breit-700x335.jpg 700w, https:\/\/images.ifun.de\/wp-content\/uploads\/2021\/02\/belkin-tablet-stage-breit-500x239.jpg 500w, https:\/\/images.ifun.de\/wp-content\/uploads\/2021\/02\/belkin-tablet-stage-breit-768x368.jpg 768w, https:\/\/images.ifun.de\/wp-content\/uploads\/2021\/02\/belkin-tablet-stage-breit.jpg 1500w\" sizes=\"auto, (max-width: 700px) 100vw, 700px\" \/><\/a><\/p>\n<h2>Begleitet von der Stage-App<\/h2>\n<p>Diese soll beim Erstellen von Demo-Videos und Unterrichtseinheiten zur Hand gehen und erlaubt das Abfilmen der Pr\u00e4sentationsfl\u00e4che, die Darstellung von Bild-in-Bild-Inhalten und den Wechsel des Hintergrundes. Die Stage-App l\u00e4sst sich kostenfrei aus dem App Store laden, verlangt zum Freischalten aller Funktionen jedoch das T\u00e4tigen eines 5,49 Euro teuren In-App-Kaufs.<\/p>\n<p>Neben der Aufnahme von Videos kann die Stage-App ihren Display-Inhalt auch an angeschlossene Projektoren \u00fcbergeben, setzt hierf\u00fcr jedoch die Anbindung per AirPlay oder einen entsprechenden Video-Adapter voraus.<\/p>\n<p>Belkins Tablet Stage misst 33,0 cm x 39,0 cm x 41,5 cm, besitzt eine integrierte Kabelf\u00fchrung und l\u00e4sst sich um 180 Grad drehen. Amazon listet <a rel=\"noindex, nofollow\" href=\"http:\/\/www.ifun.de\/amzn\/B00CF7M7RA\">das alte Modell der Tablet Stage<\/a> f\u00fcr 189 Euro.<\/p>\n<!-- WP-Appbox (Version: 4.5.12 \/\/ Store: appstore \/\/ ID: 584574701) -->\t<!-- app-link -->\n\t<div id=\"article-single-app-preview\">\n\t\t<div id=\"article-single-app-preview-header\">\n\t\t\t<span class=\"title\">Laden im App Store<\/span>\n\t\t<\/div>\n\t\t<div id=\"article-single-app-preview-content\">\n\t\t\t<div id=\"article-single-app-preview-img\"><img loading=\"lazy\" decoding=\"async\" src=\"\/\/is1-ssl.mzstatic.com\/image\/thumb\/PurpleSource211\/v4\/26\/eb\/1a\/26eb1ab9-c031-d366-fe13-06cd547c986a\/Placeholder.mill\/48x48bb-75.png\" alt=\"Unbekannte App\"  height=\"72\" width=\"72\" class=\"asl-icon-img\" \/><\/div>\n\t\t\t<div id=\"article-single-app-preview-desc\">\n\t\t\t\t<span class=\"name\">Unbekannte App<\/span><br \/>\n\t\t\t\t<span class=\"seller\">Entwickler: Unbekannt<\/span>\n\t\t\t<\/div>\n\t\t\t<a target=\"_blank\" rel=\"nofollow\" href=\"https:\/\/apps.apple.com\/cn\/iphone\/today\"><div id=\"article-single-app-preview-download\">Preis: Kostenlos<br \/>\n\t\t\t<span class=\"size\">Laden<\/span><\/div><\/a>\n\t\t<\/div>\n\t\t<!-- <div id=\"article-single-app-preview-footer\"><\/div>\t-->\n\t<\/div>\n\t<!-- app-link\/ende --><!-- \/WP-Appbox -->\n<p><div class=\"responsive-video\"><iframe loading=\"lazy\" src=\"https:\/\/www.youtube-nocookie.com\/embed\/4DhAnzIuGIU\" width=\"700\" height=\"371\" frameborder=\"0\" allowfullscreen=\"allowfullscreen\"><\/iframe><\/div><\/p>\n<p><img loading=\"lazy\" decoding=\"async\" src=\"https:\/\/vg02.met.vgwort.de\/na\/d698169ead34441ea990b7e14fcc1051\" width=\"1\" height=\"1\" no-lazy class=\"tracking\"><\/p>\n","protected":false},"excerpt":{"rendered":"<a href=\"https:\/\/www.ifun.de\/fuer-den-distanzunterricht-belkin-tablet-stage-fuer-ipad-pro-166017\/\"><img width=\"150\" height=\"150\" src=\"https:\/\/images.ifun.de\/wp-content\/uploads\/2021\/02\/belkin-tablet-stage-breit-150x150.jpg\" class=\"alignright tfe wp-post-image\" alt=\"Belkin Tablet Stage Breit\" decoding=\"async\" loading=\"lazy\" \/><\/a><p>Der Zubeh\u00f6r-Anbieter Belkin wird seine Tablet Stage demn\u00e4chst auch f\u00fcr das iPad Pro anbieten und listet den neuen portablen Projektor-Standfu\u00df bereits in seinem Online-Shop. Noch ohne voraussichtlichen Versand-Termin, steht der Verkaufspreis mit 169,99 Euro bereits fest und unterscheidet sich so gut wie nicht vom bereits bislang angebotenen Modell. Belkin selbst beschreibt die Tablet Stage als [&hellip;]<\/p>\n","protected":false},"author":1,"featured_media":166020,"comment_status":"open","ping_status":"closed","sticky":false,"template":"","format":"standard","meta":{"_acf_changed":false,"footnotes":""},"categories":[10],"tags":[193,4740,4591],"class_list":["post-166017","post","type-post","status-publish","format-standard","has-post-thumbnail","hentry","category-ipad","tag-belkin","tag-ipad","tag-zubehoer"],"acf":[],"aioseo_notices":[],"featured_image":["https:\/\/images.ifun.de\/wp-content\/uploads\/2021\/02\/belkin-tablet-stage-feature.jpg"],"subheadline":["Begleitet von der Stage-App"],"rest_api_enabler":{"featured_image":"https:\/\/images.ifun.de\/wp-content\/uploads\/2021\/02\/belkin-tablet-stage-feature.jpg","subheadline":"Begleitet von der Stage-App"},"_links":{"self":[{"href":"https:\/\/www.ifun.de\/apiv2\/wp\/v2\/posts\/166017","targetHints":{"allow":["GET"]}}],"collection":[{"href":"https:\/\/www.ifun.de\/apiv2\/wp\/v2\/posts"}],"about":[{"href":"https:\/\/www.ifun.de\/apiv2\/wp\/v2\/types\/post"}],"author":[{"embeddable":true,"href":"https:\/\/www.ifun.de\/apiv2\/wp\/v2\/users\/1"}],"replies":[{"embeddable":true,"href":"https:\/\/www.ifun.de\/apiv2\/wp\/v2\/comments?post=166017"}],"version-history":[{"count":3,"href":"https:\/\/www.ifun.de\/apiv2\/wp\/v2\/posts\/166017\/revisions"}],"predecessor-version":[{"id":166023,"href":"https:\/\/www.ifun.de\/apiv2\/wp\/v2\/posts\/166017\/revisions\/166023"}],"wp:featuredmedia":[{"embeddable":true,"href":"https:\/\/www.ifun.de\/apiv2\/wp\/v2\/media\/166020"}],"wp:attachment":[{"href":"https:\/\/www.ifun.de\/apiv2\/wp\/v2\/media?parent=166017"}],"wp:term":[{"taxonomy":"category","embeddable":true,"href":"https:\/\/www.ifun.de\/apiv2\/wp\/v2\/categories?post=166017"},{"taxonomy":"post_tag","embeddable":true,"href":"https:\/\/www.ifun.de\/apiv2\/wp\/v2\/tags?post=166017"}],"curies":[{"name":"wp","href":"https:\/\/api.w.org\/{rel}","templated":true}]}}