{"id":165972,"date":"2021-02-08T10:32:06","date_gmt":"2021-02-08T09:32:06","guid":{"rendered":"https:\/\/www.ifun.de\/?p=165972"},"modified":"2021-02-08T10:32:06","modified_gmt":"2021-02-08T09:32:06","slug":"apple-auto-hyundai-und-kia-dementieren-geruechte","status":"publish","type":"post","link":"https:\/\/www.ifun.de\/apple-auto-hyundai-und-kia-dementieren-geruechte-165972\/","title":{"rendered":"Apple-Auto: Hyundai und Kia dementieren Ger\u00fcchte"},"content":{"rendered":"<p>Die Ger\u00fcchte um ein Apple-Auto haben in den ersten Wochen des Jahres Hochkonjunktur. Anlass f\u00fcr erweiterte Spekulationen ist <a href=\"https:\/\/www.ifun.de\/apples-selbstfahrendes-auto-kommt-2026-vielleicht-164714\/\" title=\"Apples selbstfahrendes Auto kommt 2026. Vielleicht.\">Apples Stellenpolitik<\/a> ebenso wie entsprechend deutbare <a href=\"https:\/\/www.ifun.de\/apple-auto-kooperation-mit-hyundai-im-gespraech-164776\/\" title=\"Apple-Auto: Kooperation mit Hyundai im Gespr\u00e4ch\">Aussagen von Hyundai<\/a>. Mittlerweile dementiert der koreanische Konzern ebenso wie dessen PKW-Tochter Kia dergleichen allerdings.<\/p>\n<p>Das Wirtschaftsmagazin <a href=\"https:\/\/www.bloomberg.com\/news\/articles\/2021-02-08\/hyundai-kia-say-they-aren-t-in-ev-discussions-with-apple\">Bloomberg<\/a> zitiert die Automobilhersteller Hyundai und Kia dahingehend, dass sie sich bez\u00fcglich der Fertigung selbstfahrender Automobile nicht in Gespr\u00e4chen mit Apple befinden. Das Statement l\u00e4sst allerdings offen, ob dergleichen in der Vergangenheit so war. Im Vorfeld wurde zumindest berichtet, dass Apple diesbez\u00fcglich konkrete Gespr\u00e4che mit Hyundai gef\u00fchrt, diese dann aber vor einigen Wochen abgebrochen habe. Konkret war hier auch die Rede von einer geplanten Kooperation zur Fertigung von Elektrofahrzeugen in einer Niederlassung der Hyundai-Tochter Kia im US-Bundesstaat Georgia.<\/p>\n<p><a href=\"https:\/\/images.ifun.de\/wp-content\/uploads\/2021\/01\/hyundai-prophecy-innen.jpg\"><img loading=\"lazy\" decoding=\"async\" src=\"https:\/\/images.ifun.de\/wp-content\/uploads\/2021\/01\/hyundai-prophecy-innen-700x394.jpg\" alt=\"Hyundai Prophecy Innen\" width=\"700\" height=\"394\" class=\"alignnone size-large wp-image-164783\" srcset=\"https:\/\/images.ifun.de\/wp-content\/uploads\/2021\/01\/hyundai-prophecy-innen-700x394.jpg 700w, https:\/\/images.ifun.de\/wp-content\/uploads\/2021\/01\/hyundai-prophecy-innen-500x281.jpg 500w, https:\/\/images.ifun.de\/wp-content\/uploads\/2021\/01\/hyundai-prophecy-innen-768x432.jpg 768w, https:\/\/images.ifun.de\/wp-content\/uploads\/2021\/01\/hyundai-prophecy-innen.jpg 1400w\" sizes=\"auto, (max-width: 700px) 100vw, 700px\" \/><\/a><\/p>\n<p>Automobilherstellern wie Hyundai und Kia wird niemand absprechen, dass sie bereits konkrete Strategien f\u00fcr das Angebot von elektrisch betriebenen und auch selbstfahrenden Fahrzeugen \u00fcber das kommende Jahrzehnt hinweg ausarbeiten. Mit Blick auf ein Engagement Apples in diesem Bereich sehen wir aber weiterhin sehr vielen Fragezeichen am Horizont.<\/p>\n<p>F\u00fcr uns klingt immer noch unwahrscheinlich, dass Apple tats\u00e4chlich ein komplett eigenes Auto anbieten will. Unabh\u00e4ngig davon ist der Mac- und iPhone-Hersteller allerdings l\u00e4ngst in diesem Produktbereich aktiv, beispielsweise im Rahmen von Kooperationen mit Fahrzeugherstellern und dem Angebot von CarPlay oder weiterf\u00fchrenden L\u00f6sungen wie dem <a href=\"https:\/\/www.iphone-ticker.de\/bmw-digital-key-plus-bringt-carkey-funktionen-ueber-ultrabreitband-168754\/\" title=\"BMW Digital Key Plus bringt CarKey-Funktionen \u00fcber Ultrabreitband\">digitalen Autoschl\u00fcssel<\/a>. Gerade in Bereichen wie Fahrzeugintegration und digitale L\u00f6sungen lassen sich die derzeitigen Angebote noch immens ausweiten, ohne dass sich Apple ernsthaft mit dem Bau von Motoren und Karosserien befassen muss.<\/p>\n<p>In vielen Bereichen erinnert uns die Diskussion um ein Apple-Auto an die \u00fcber Jahre hinweg wiederkehrenden Ger\u00fcchte um einen Apple-Fernseher. Auch hier hat Apple die Bereitstellung der Grundfunktionen und \u201eKarosserie\u201c den darauf spezialisierten Anbietern \u00fcberlassen, und setzt mit externen und teils auch im Rahmen von speziellen Kooperationen integrierten L\u00f6sungen auf diese Systeme auf.<img loading=\"lazy\" decoding=\"async\" src=\"https:\/\/vg09.met.vgwort.de\/na\/af3ffd69becf4866a658322208f38cb0\" width=\"1\" height=\"1\" no-lazy class=\"tracking\"><\/p>\n","protected":false},"excerpt":{"rendered":"<a href=\"https:\/\/www.ifun.de\/apple-auto-hyundai-und-kia-dementieren-geruechte-165972\/\"><img width=\"150\" height=\"150\" src=\"https:\/\/images.ifun.de\/wp-content\/uploads\/2021\/02\/hyundai-elektroauto-studie-150x150.jpg\" class=\"alignright tfe wp-post-image\" alt=\"Hyundai Elektroauto Studie\" decoding=\"async\" loading=\"lazy\" \/><\/a><p>Die Ger\u00fcchte um ein Apple-Auto haben in den ersten Wochen des Jahres Hochkonjunktur. Anlass f\u00fcr erweiterte Spekulationen ist Apples Stellenpolitik ebenso wie entsprechend deutbare Aussagen von Hyundai. Mittlerweile dementiert der koreanische Konzern ebenso wie dessen PKW-Tochter Kia dergleichen allerdings. Das Wirtschaftsmagazin Bloomberg zitiert die Automobilhersteller Hyundai und Kia dahingehend, dass sie sich bez\u00fcglich der Fertigung [&hellip;]<\/p>\n","protected":false},"author":2,"featured_media":165976,"comment_status":"open","ping_status":"closed","sticky":false,"template":"","format":"standard","meta":{"_acf_changed":false,"footnotes":""},"categories":[3],"tags":[2632,2646,5256],"class_list":["post-165972","post","type-post","status-publish","format-standard","has-post-thumbnail","hentry","category-apple","tag-apple-auto","tag-hyundai","tag-kia"],"acf":[],"aioseo_notices":[],"subheadline":["\"Aktuell finden keine Gespr\u00e4che statt\""],"featured_image":["https:\/\/images.ifun.de\/wp-content\/uploads\/2021\/02\/hyundai-elektroauto-studie.jpg"],"rest_api_enabler":{"subheadline":"\"Aktuell finden keine Gespr\u00e4che statt\"","featured_image":"https:\/\/images.ifun.de\/wp-content\/uploads\/2021\/02\/hyundai-elektroauto-studie.jpg"},"_links":{"self":[{"href":"https:\/\/www.ifun.de\/apiv2\/wp\/v2\/posts\/165972","targetHints":{"allow":["GET"]}}],"collection":[{"href":"https:\/\/www.ifun.de\/apiv2\/wp\/v2\/posts"}],"about":[{"href":"https:\/\/www.ifun.de\/apiv2\/wp\/v2\/types\/post"}],"author":[{"embeddable":true,"href":"https:\/\/www.ifun.de\/apiv2\/wp\/v2\/users\/2"}],"replies":[{"embeddable":true,"href":"https:\/\/www.ifun.de\/apiv2\/wp\/v2\/comments?post=165972"}],"version-history":[{"count":4,"href":"https:\/\/www.ifun.de\/apiv2\/wp\/v2\/posts\/165972\/revisions"}],"predecessor-version":[{"id":165977,"href":"https:\/\/www.ifun.de\/apiv2\/wp\/v2\/posts\/165972\/revisions\/165977"}],"wp:featuredmedia":[{"embeddable":true,"href":"https:\/\/www.ifun.de\/apiv2\/wp\/v2\/media\/165976"}],"wp:attachment":[{"href":"https:\/\/www.ifun.de\/apiv2\/wp\/v2\/media?parent=165972"}],"wp:term":[{"taxonomy":"category","embeddable":true,"href":"https:\/\/www.ifun.de\/apiv2\/wp\/v2\/categories?post=165972"},{"taxonomy":"post_tag","embeddable":true,"href":"https:\/\/www.ifun.de\/apiv2\/wp\/v2\/tags?post=165972"}],"curies":[{"name":"wp","href":"https:\/\/api.w.org\/{rel}","templated":true}]}}