{"id":16593,"date":"2011-10-03T13:52:27","date_gmt":"2011-10-03T11:52:27","guid":{"rendered":"http:\/\/www.ifun.de\/?p=16593"},"modified":"2011-10-04T10:20:33","modified_gmt":"2011-10-04T08:20:33","slug":"apple-event-town-hall-cupertino","status":"publish","type":"post","link":"https:\/\/www.ifun.de\/apple-event-town-hall-cupertino-16593\/","title":{"rendered":"Town Hall Auditorium in Cupertino fertig geschm\u00fcckt, keine 30 Stunden mehr bis zur Keynote"},"content":{"rendered":"<p>Die Fassade des Town Hall Auditorium von Apple an deren aktuellem Hauptsitz in der Infinite Loop in Cupertino ist bereits geschm\u00fcckt und die Ger\u00fcchtek\u00fcche befindet sich auf dem Endspurt. (Neue iPhone-Modelle sind in der Liste des Vodafones Zubeh\u00f6rshop aufgetaucht, mehr dar\u00fcber beim <a title=\"iPhone-Ticker\" href=\"http:\/\/www.iphone-ticker.de\/iphone-4s-vodafone-25468\/\">iPhone-Ticker<\/a>)<\/p>\n<p><img loading=\"lazy\" decoding=\"async\" class=\"alignnone size-full wp-image-16634\" src=\"http:\/\/images.ifun.de\/wp-content\/uploads\/2011\/10\/townhall.jpg\" alt=\"\" width=\"464\" height=\"275\" srcset=\"https:\/\/images.ifun.de\/wp-content\/uploads\/2011\/10\/townhall.jpg 464w, https:\/\/images.ifun.de\/wp-content\/uploads\/2011\/10\/townhall-300x177.jpg 300w\" sizes=\"auto, (max-width: 464px) 100vw, 464px\" \/><br \/>\n(Bild: <a title=\"9to5mac.com\" href=\"http:\/\/9to5mac.com\/2011\/10\/02\/lets-talk-about-tuesday-iphones-ipods-and-more\/\">9to5mac.com<\/a> )<\/p>\n<p>Nichtmal mehr 30 Stunden m\u00fcssen wir warten bis, aller Voraussicht nach, Tim Cook um 19 Uhr unserer Zeit die n\u00e4chste Keynote er\u00f6ffnet. Am 24. August hatte der vorherige COO (operativer Gesch\u00e4ftsf\u00fchrer) Steve Jobs Platz als CEO (Vorsitzender der Gesch\u00e4ftsleitung) eingenommen, was ihn dazu privilegiert Apples Keynotes zu halten. Es ist nicht das erste Mal, dass Cook bei einer Apple Keynote auf die B\u00fchne tritt. Unter anderem stand er Ende 2010 zum Beispiel schon einmal auf der B\u00fchne des kleinen Auditorium in Cupertino und berichtete \u00fcber den damaligen &#8222;State of the Mac&#8220;. (Das Video h\u00e4ngt unten an.)<\/p>\n<p><!--more-->Neben Cook k\u00f6nnten am morgigen Tag ebenfalls Scott Forstall (Vizepr\u00e4sident iOS Softwareentwicklung) und Phil Schiller (Vizepr\u00e4sident weltweites Marketing) auf Apples B\u00fchne erscheinen. Ob auch Steve Jobs anwesend sein wird und seinen Nachfolger &#8222;offiziell&#8220; in sein neues Amt einl\u00e4utet ist hingegen g\u00e4nzlich unbekannt.<\/p>\n<p>Punkt 19 Uhr unserer Zeit soll die Keynote beginnen. Ob Apple einen Live-Stream \u00fcbertragen wird ist leider nach wie vor unbekannt. Jedoch werden wir euch wie \u00fcblich ab etwa 18.30 Uhr unabh\u00e4ngig davon per Live-Ticker auf dem Laufenden halten.<\/p>\n<p>http:\/\/www.youtube.com\/watch?v=9iJce6axaPc&#038;w=464<br \/>\n(<a title=\"Youtube-Link\" href=\"http:\/\/www.youtube.com\/watch?v=9iJce6axaPc\">Direktlink zum Video<\/a>)<\/p>\n","protected":false},"excerpt":{"rendered":"<a href=\"https:\/\/www.ifun.de\/apple-event-town-hall-cupertino-16593\/\"><img width=\"150\" height=\"125\" src=\"https:\/\/images.ifun.de\/wp-content\/uploads\/2011\/10\/lets-talk-iphone-150x125.png\" class=\"alignright tfe wp-post-image\" alt=\"\" decoding=\"async\" loading=\"lazy\" \/><\/a><p>Apples Veranstaltungshalle bereits geschm\u00fcckt, Tim Cooks Premiere als Apple-Boss<\/p>\n","protected":false},"author":5,"featured_media":16644,"comment_status":"open","ping_status":"closed","sticky":false,"template":"","format":"standard","meta":{"_acf_changed":false,"footnotes":""},"categories":[3,7],"tags":[4736,462,342,614,31],"class_list":["post-16593","post","type-post","status-publish","format-standard","has-post-thumbnail","hentry","category-apple","category-featured","tag-apple","tag-cupertino","tag-keynote","tag-tim-cook","tag-video"],"acf":[],"aioseo_notices":[],"featured_image":["http:\/\/images.ifun.de\/wp-content\/uploads\/2011\/10\/lets-talk-iphone.png"],"rest_api_enabler":{"featured_image":"http:\/\/images.ifun.de\/wp-content\/uploads\/2011\/10\/lets-talk-iphone.png"},"_links":{"self":[{"href":"https:\/\/www.ifun.de\/apiv2\/wp\/v2\/posts\/16593","targetHints":{"allow":["GET"]}}],"collection":[{"href":"https:\/\/www.ifun.de\/apiv2\/wp\/v2\/posts"}],"about":[{"href":"https:\/\/www.ifun.de\/apiv2\/wp\/v2\/types\/post"}],"author":[{"embeddable":true,"href":"https:\/\/www.ifun.de\/apiv2\/wp\/v2\/users\/5"}],"replies":[{"embeddable":true,"href":"https:\/\/www.ifun.de\/apiv2\/wp\/v2\/comments?post=16593"}],"version-history":[{"count":53,"href":"https:\/\/www.ifun.de\/apiv2\/wp\/v2\/posts\/16593\/revisions"}],"predecessor-version":[{"id":16637,"href":"https:\/\/www.ifun.de\/apiv2\/wp\/v2\/posts\/16593\/revisions\/16637"}],"wp:featuredmedia":[{"embeddable":true,"href":"https:\/\/www.ifun.de\/apiv2\/wp\/v2\/media\/16644"}],"wp:attachment":[{"href":"https:\/\/www.ifun.de\/apiv2\/wp\/v2\/media?parent=16593"}],"wp:term":[{"taxonomy":"category","embeddable":true,"href":"https:\/\/www.ifun.de\/apiv2\/wp\/v2\/categories?post=16593"},{"taxonomy":"post_tag","embeddable":true,"href":"https:\/\/www.ifun.de\/apiv2\/wp\/v2\/tags?post=16593"}],"curies":[{"name":"wp","href":"https:\/\/api.w.org\/{rel}","templated":true}]}}