{"id":165490,"date":"2021-01-26T18:47:22","date_gmt":"2021-01-26T17:47:22","guid":{"rendered":"https:\/\/www.ifun.de\/?p=165490"},"modified":"2021-01-26T18:47:22","modified_gmt":"2021-01-26T17:47:22","slug":"palmer-und-snoopy-show-neue-premieren-trailer-bei-apple-tv","status":"publish","type":"post","link":"https:\/\/www.ifun.de\/palmer-und-snoopy-show-neue-premieren-trailer-bei-apple-tv-165490\/","title":{"rendered":"&#8222;Palmer&#8220; und &#8222;Snoopy Show&#8220;: Neue Premieren-Trailer bei Apple TV+"},"content":{"rendered":"<p>Mit Blick auf den heranr\u00fcckenden Starttermin f\u00fcr die \u201e<a href=\"https:\/\/tv.apple.com\/de\/show\/die-snoopy-show\/umc.cmc.5iswprrvjjw6ab020a17x4ca3\">Snoopy Show<\/a>\u201c hat Apple jetzt den ersten Trailer f\u00fcr die neue TV-Serie ver\u00f6ffentlicht. Die von der Produktionsfirma WildBrain verantwortete Serie bringt den legend\u00e4ren Beagle gemeinsam mit seinen Freunden Woodstock und Charlie Brown mit sechs Episoden auf die Bildschirme der Abonnenten von Apple TV+<\/p>\n<p>Die \u201eSnoopy Show\u201c wird vom 5. Februar an \u00fcber Apple TV+ verf\u00fcgbar sein. Bereits eine Woche vorher startet an diesem Freitag mit <a href=\"https:\/\/apple.co\/_Palmer\" title=\"Palmer\">Palmer<\/a> ein neues Apple Original mit Justin Timberlake in der Hauptrolle. Timberlake spielt darin den Ex-Gefangenen Eddie Palmer, der nach zw\u00f6lf Jahren Gef\u00e4ngnis sein Leben in den Griff bekommen will, dabei jedoch von seiner Vergangenheit eingeholt wird.<\/p>\n<h2>The Snoopy Show \u2014 Official Trailer<\/h2>\n<p><div class=\"responsive-video\"><iframe loading=\"lazy\" width=\"700\" height=\"371\" src=\"https:\/\/www.youtube-nocookie.com\/embed\/A-C9hfwvLDc\" frameborder=\"0\" allowfullscreen><\/iframe><\/div><\/p>\n<h2>Palmer \u2014 First Look Featurette<\/h2>\n<p><div class=\"responsive-video\"><iframe loading=\"lazy\" width=\"700\" height=\"371\" src=\"https:\/\/www.youtube-nocookie.com\/embed\/Fuaq7l7DAeI\" frameborder=\"0\" allowfullscreen><\/iframe><\/div><\/p>\n","protected":false},"excerpt":{"rendered":"<a href=\"https:\/\/www.ifun.de\/palmer-und-snoopy-show-neue-premieren-trailer-bei-apple-tv-165490\/\"><img width=\"150\" height=\"150\" src=\"https:\/\/images.ifun.de\/wp-content\/uploads\/2021\/01\/the-snoopy-show-apple-tv-plus-150x150.jpg\" class=\"alignright tfe wp-post-image\" alt=\"The Snoopy Show Apple Tv Plus\" decoding=\"async\" loading=\"lazy\" \/><\/a><p>Mit Blick auf den heranr\u00fcckenden Starttermin f\u00fcr die \u201eSnoopy Show\u201c hat Apple jetzt den ersten Trailer f\u00fcr die neue TV-Serie ver\u00f6ffentlicht. Die von der Produktionsfirma WildBrain verantwortete Serie bringt den legend\u00e4ren Beagle gemeinsam mit seinen Freunden Woodstock und Charlie Brown mit sechs Episoden auf die Bildschirme der Abonnenten von Apple TV+ Die \u201eSnoopy Show\u201c wird [&hellip;]<\/p>\n","protected":false},"author":2,"featured_media":165492,"comment_status":"open","ping_status":"closed","sticky":false,"template":"","format":"standard","meta":{"_acf_changed":false,"footnotes":""},"categories":[1],"tags":[26,5250,5090],"class_list":["post-165490","post","type-post","status-publish","format-standard","has-post-thumbnail","hentry","category-news","tag-apple-tv","tag-palmer","tag-snoopy-show"],"acf":[],"aioseo_notices":[],"subheadline":["Ab dieser und n\u00e4chster Woche"],"featured_image":["https:\/\/images.ifun.de\/wp-content\/uploads\/2021\/01\/the-snoopy-show-apple-tv-plus.jpg"],"rest_api_enabler":{"subheadline":"Ab dieser und n\u00e4chster Woche","featured_image":"https:\/\/images.ifun.de\/wp-content\/uploads\/2021\/01\/the-snoopy-show-apple-tv-plus.jpg"},"_links":{"self":[{"href":"https:\/\/www.ifun.de\/apiv2\/wp\/v2\/posts\/165490","targetHints":{"allow":["GET"]}}],"collection":[{"href":"https:\/\/www.ifun.de\/apiv2\/wp\/v2\/posts"}],"about":[{"href":"https:\/\/www.ifun.de\/apiv2\/wp\/v2\/types\/post"}],"author":[{"embeddable":true,"href":"https:\/\/www.ifun.de\/apiv2\/wp\/v2\/users\/2"}],"replies":[{"embeddable":true,"href":"https:\/\/www.ifun.de\/apiv2\/wp\/v2\/comments?post=165490"}],"version-history":[{"count":2,"href":"https:\/\/www.ifun.de\/apiv2\/wp\/v2\/posts\/165490\/revisions"}],"predecessor-version":[{"id":165493,"href":"https:\/\/www.ifun.de\/apiv2\/wp\/v2\/posts\/165490\/revisions\/165493"}],"wp:featuredmedia":[{"embeddable":true,"href":"https:\/\/www.ifun.de\/apiv2\/wp\/v2\/media\/165492"}],"wp:attachment":[{"href":"https:\/\/www.ifun.de\/apiv2\/wp\/v2\/media?parent=165490"}],"wp:term":[{"taxonomy":"category","embeddable":true,"href":"https:\/\/www.ifun.de\/apiv2\/wp\/v2\/categories?post=165490"},{"taxonomy":"post_tag","embeddable":true,"href":"https:\/\/www.ifun.de\/apiv2\/wp\/v2\/tags?post=165490"}],"curies":[{"name":"wp","href":"https:\/\/api.w.org\/{rel}","templated":true}]}}