{"id":165039,"date":"2021-01-15T08:56:22","date_gmt":"2021-01-15T07:56:22","guid":{"rendered":"https:\/\/www.ifun.de\/?p=165039"},"modified":"2021-01-15T09:06:38","modified_gmt":"2021-01-15T08:06:38","slug":"apple-tv-2-staffel-servant-und-neue-trailer-starten","status":"publish","type":"post","link":"https:\/\/www.ifun.de\/apple-tv-2-staffel-servant-und-neue-trailer-starten-165039\/","title":{"rendered":"Apple TV+: 2. Staffel Servant und neue Trailer starten"},"content":{"rendered":"<p>Auf Apple TV+ geht am heutigen Freitag die zweite Staffel der Originals-Serie <a href=\"https:\/\/tv.apple.com\/de\/episode\/48-stunden\/umc.cmc.2zofzoaleo33vbqzgxn8m541u?showId=umc.cmc.4y25wuby7pck9o6vaubbbk7gb\">Servant<\/a> ins Rennen. Mit \u201e48 Stunden\u201c steht die erste Folge der Fortsetzung zum Abruf bereit. Weitere neun Folgen werden dann von n\u00e4chstem Freitag an im Wochenrhythmus bereitgestellt.<\/p>\n<p><a href=\"https:\/\/images.ifun.de\/wp-content\/uploads\/2021\/01\/apple-tv-servant-staffel-2.jpg\"><img loading=\"lazy\" decoding=\"async\" src=\"https:\/\/images.ifun.de\/wp-content\/uploads\/2021\/01\/apple-tv-servant-staffel-2-500x333.jpg\" alt=\"Apple Tv Servant Staffel 2\" width=\"500\" height=\"333\" class=\"alignnone size-medium wp-image-165041\" srcset=\"https:\/\/images.ifun.de\/wp-content\/uploads\/2021\/01\/apple-tv-servant-staffel-2-500x333.jpg 500w, https:\/\/images.ifun.de\/wp-content\/uploads\/2021\/01\/apple-tv-servant-staffel-2-700x467.jpg 700w, https:\/\/images.ifun.de\/wp-content\/uploads\/2021\/01\/apple-tv-servant-staffel-2-768x512.jpg 768w, https:\/\/images.ifun.de\/wp-content\/uploads\/2021\/01\/apple-tv-servant-staffel-2.jpg 1200w\" sizes=\"auto, (max-width: 500px) 100vw, 500px\" \/><\/a><\/p>\n<blockquote>\n<p>Jericho und Leanne sind verschwunden. Dorothy erstellt einen Schlachtplan f\u00fcr die n\u00e4chsten drei Tage, w\u00e4hrend Sean und Julian weiterhin die Wahrheit verbergen.<\/p>\n<\/blockquote>\n<h2>&#8222;Kitbag&#8220; von Ridley Scott mit Joaquin Phoenix<\/h2>\n<p><a href=\"https:\/\/deadline.com\/2021\/01\/apple-tv-kitbag-1234672742\/\">Medienberichten<\/a> zufolge hat Apple mit \u201eKitbag\u201c ein nennenswert gro\u00dfes Projekt f\u00fcr Apple TV+ an Land gezogen. Unter dem Star-Regisseur Ridley Scott nimmt Joaquin Phoenix hier die Rolle von Napoleon Bonaparte ein. Mit den Dreharbeiten soll im kommenden Jahr begonnen werden.<\/p>\n<h2>Neue Trailer f\u00fcr &#8222;Cherry&#8220; und &#8222;Farben der Nacht&#8220;<\/h2>\n<p>Dar\u00fcber hinaus stehen zwei neue Trailer f\u00fcr Inhalte von Apple TV+ zum Abruf bereit. Bei \u201eCherry\u201c handelt es sich um einen ersten Blick auf eine neue Filmproduktion mit Tom Holland in der Hauptrolle, deren Premiere f\u00fcr den 26. Februar angesetzt ist, der Start auf Apple TV soll am 12. M\u00e4rz folgen.<\/p>\n<p>\u201eDie Welt in den Farben der Nacht\u201c ist der offizielle deutsche Trailer f\u00fcr die bereits auf Apple TV+ verf\u00fcgbare Dokuserie von Tom Hiddleston.<\/p>\n<p><div class=\"responsive-video\"><iframe loading=\"lazy\" width=\"700\" height=\"371\" src=\"https:\/\/www.youtube-nocookie.com\/embed\/H5bH6O0bErk\" frameborder=\"0\" allowfullscreen><\/iframe><\/div><\/p>\n<p><div class=\"responsive-video\"><iframe loading=\"lazy\" width=\"700\" height=\"371\" src=\"https:\/\/www.youtube-nocookie.com\/embed\/BjnsAkGwK0M\" frameborder=\"0\" allowfullscreen><\/iframe><\/div><\/p>\n","protected":false},"excerpt":{"rendered":"<a href=\"https:\/\/www.ifun.de\/apple-tv-2-staffel-servant-und-neue-trailer-starten-165039\/\"><img width=\"150\" height=\"150\" src=\"https:\/\/images.ifun.de\/wp-content\/uploads\/2021\/01\/apple-tv-plus-servant-150x150.jpg\" class=\"alignright tfe wp-post-image\" alt=\"Apple Tv Plus Servant\" decoding=\"async\" loading=\"lazy\" \/><\/a><p>Auf Apple TV+ geht am heutigen Freitag die zweite Staffel der Originals-Serie Servant ins Rennen. Mit \u201e48 Stunden\u201c steht die erste Folge der Fortsetzung zum Abruf bereit. Weitere neun Folgen werden dann von n\u00e4chstem Freitag an im Wochenrhythmus bereitgestellt. Jericho und Leanne sind verschwunden. Dorothy erstellt einen Schlachtplan f\u00fcr die n\u00e4chsten drei Tage, w\u00e4hrend Sean [&hellip;]<\/p>\n","protected":false},"author":2,"featured_media":165040,"comment_status":"open","ping_status":"closed","sticky":false,"template":"","format":"standard","meta":{"_acf_changed":false,"footnotes":""},"categories":[20],"tags":[26,5236],"class_list":["post-165039","post","type-post","status-publish","format-standard","has-post-thumbnail","hentry","category-videos","tag-apple-tv","tag-servant"],"acf":[],"aioseo_notices":[],"featured_image":["https:\/\/images.ifun.de\/wp-content\/uploads\/2021\/01\/apple-tv-plus-servant.jpg"],"subheadline":["Freitags-Update"],"rest_api_enabler":{"featured_image":"https:\/\/images.ifun.de\/wp-content\/uploads\/2021\/01\/apple-tv-plus-servant.jpg","subheadline":"Freitags-Update"},"_links":{"self":[{"href":"https:\/\/www.ifun.de\/apiv2\/wp\/v2\/posts\/165039","targetHints":{"allow":["GET"]}}],"collection":[{"href":"https:\/\/www.ifun.de\/apiv2\/wp\/v2\/posts"}],"about":[{"href":"https:\/\/www.ifun.de\/apiv2\/wp\/v2\/types\/post"}],"author":[{"embeddable":true,"href":"https:\/\/www.ifun.de\/apiv2\/wp\/v2\/users\/2"}],"replies":[{"embeddable":true,"href":"https:\/\/www.ifun.de\/apiv2\/wp\/v2\/comments?post=165039"}],"version-history":[{"count":3,"href":"https:\/\/www.ifun.de\/apiv2\/wp\/v2\/posts\/165039\/revisions"}],"predecessor-version":[{"id":165044,"href":"https:\/\/www.ifun.de\/apiv2\/wp\/v2\/posts\/165039\/revisions\/165044"}],"wp:featuredmedia":[{"embeddable":true,"href":"https:\/\/www.ifun.de\/apiv2\/wp\/v2\/media\/165040"}],"wp:attachment":[{"href":"https:\/\/www.ifun.de\/apiv2\/wp\/v2\/media?parent=165039"}],"wp:term":[{"taxonomy":"category","embeddable":true,"href":"https:\/\/www.ifun.de\/apiv2\/wp\/v2\/categories?post=165039"},{"taxonomy":"post_tag","embeddable":true,"href":"https:\/\/www.ifun.de\/apiv2\/wp\/v2\/tags?post=165039"}],"curies":[{"name":"wp","href":"https:\/\/api.w.org\/{rel}","templated":true}]}}