{"id":164933,"date":"2021-01-13T13:54:44","date_gmt":"2021-01-13T12:54:44","guid":{"rendered":"https:\/\/www.ifun.de\/?p=164933"},"modified":"2021-01-14T20:20:17","modified_gmt":"2021-01-14T19:20:17","slug":"apples-grosse-ankuendigung-ausbau-der-100-millionen-initiative","status":"publish","type":"post","link":"https:\/\/www.ifun.de\/apples-grosse-ankuendigung-ausbau-der-100-millionen-initiative-164933\/","title":{"rendered":"Apples gro\u00dfe Ank\u00fcndigung: Ausbau der 100-Millionen-Initiative"},"content":{"rendered":"<p>Seitdem der US-Fernsehsender CBS am Dienstag-Nachmittag \u00fcber eine bevorstehende &#8222;gro\u00dfe Ank\u00fcndigung&#8220; des Apple-Chefs Tim Cook <a href=\"https:\/\/www.ifun.de\/cbs-news-morgen-steht-grosse-apple-ankuendigung-an-164883\/\">berichtete<\/a>, wurde wie wild spekuliert.<\/p>\n<p><a href=\"https:\/\/images.ifun.de\/wp-content\/uploads\/2019\/05\/tim-cook-eroeffnung-carnegie-library-washington.jpg\"><img loading=\"lazy\" decoding=\"async\" class=\"aligncenter size-medium wp-image-137492\" src=\"https:\/\/images.ifun.de\/wp-content\/uploads\/2019\/05\/tim-cook-eroeffnung-carnegie-library-washington-500x359.jpg\" alt=\"Tim Cook Eroeffnung Carnegie Library Washington\" width=\"500\" height=\"359\" srcset=\"https:\/\/images.ifun.de\/wp-content\/uploads\/2019\/05\/tim-cook-eroeffnung-carnegie-library-washington-500x359.jpg 500w, https:\/\/images.ifun.de\/wp-content\/uploads\/2019\/05\/tim-cook-eroeffnung-carnegie-library-washington.jpg 700w\" sizes=\"auto, (max-width: 500px) 100vw, 500px\" \/><\/a><\/p>\n<p>Angefangen bei nicht ganz ernst gemeinten Prognosen, Apple k\u00f6nnte seine Nutzer einmal mehr dar\u00fcber Informieren, dass diese das neue U2-Album als Gratis-Dreingabe erhalten w\u00fcrden, bis hin zu Corona-Theorien, Apple k\u00f6nnte die Ladengesch\u00e4fte in den USA als Impf-St\u00fctzpunkte anbieten, war ein bunter Blumenstrau\u00df an Wetteins\u00e4tzen in den sozialen Netzen vertreten.<\/p>\n<h2>Gegen systemischen Rassismus<\/h2>\n<p>Jetzt hat Apple die Spekulationen verstummen lassen und das soziale Engagement selbst konkretisiert: So hat der Konzern <a href=\"https:\/\/www.apple.com\/newsroom\/2021\/01\/apple-launches-major-new-racial-equity-and-justice-initiative-projects-to-challenge-systemic-racism-advance-racial-equity-nationwide\/\">heute angek\u00fcndigt<\/a> neue &#8222;Racial Equity&#8220;- und &#8222;Racial Justice&#8220;-Projekte zu starten, die systemischen Rassismus bek\u00e4mpfen und amerikaweit zu mehr Gleichberechtigung f\u00fchren sollen.<\/p>\n<p>Apple will daf\u00fcr satte 100 Millionen Dollar investieren, von denen unter anderem die so genannten historisch schwarze Hochschulen (<a href=\"https:\/\/en.wikipedia.org\/wiki\/Historically_black_colleges_and_universities\">HBCUs<\/a>) profitieren sollen. Zudem ist der Aufbau einer Developer Academy in Detroit geplant. Detroit ist eine der US-Metropolen mit dem h\u00f6chsten Anteil an African Americans &#8211; fast 80 Prozent der Einwohner sind schwarze.<\/p>\n<h2>Ausbau der 2020 angek\u00fcndigten Initiative<\/h2>\n<p>Nach Angaben des Apple-Chefs Tim Cook seien die Initiativen als klare Signale Apples zu werten, dass der Konzern seine Verantwortung wahrnehmen w\u00fcrde, daran mitzuwirken eine gerechtere Welt zu schaffen.<\/p>\n<p>\u00dcber die Investitionssumme von 100 Millionen Dollar, die f\u00fcr unterschiedliche Racial Equity and Justice Initiative (REJI) zur Seite gelegt werden sollen, informierte Apple schon im vergangenen Sommer, <a href=\"https:\/\/www.ifun.de\/tim-cook-gegen-rassismus-aufstehen-154734\/\">im Nachgang<\/a> der Ermordungen von Breonna Taylor und George Floyd und der dadurch ausgel\u00f6sten Massenproteste in den USA.<\/p>\n<p><img loading=\"lazy\" decoding=\"async\" src=\"https:\/\/vg08.met.vgwort.de\/na\/24005e6a826342a184d68b15769e9a5b\" width=\"1\" height=\"1\" no-lazy class=\"tracking\"><\/p>\n","protected":false},"excerpt":{"rendered":"<a href=\"https:\/\/www.ifun.de\/apples-grosse-ankuendigung-ausbau-der-100-millionen-initiative-164933\/\"><img decoding=\"async\" width=\"150\" src=\"https:\/\/images.ifun.de\/wp-content\/uploads\/2019\/05\/tim-cook-eroeffnung-carnegie-library-washington-500x359.jpg\" class=\"alignright wp-post-image tfe\" alt=\"Tim Cook Eroeffnung Carnegie Library Washington\" title=\"\" \/><\/a><p>Seitdem der US-Fernsehsender CBS am Dienstag-Nachmittag \u00fcber eine bevorstehende &#8222;gro\u00dfe Ank\u00fcndigung&#8220; des Apple-Chefs Tim Cook berichtete, wurde wie wild spekuliert. Angefangen bei nicht ganz ernst gemeinten Prognosen, Apple k\u00f6nnte seine Nutzer einmal mehr dar\u00fcber Informieren, dass diese das neue U2-Album als Gratis-Dreingabe erhalten w\u00fcrden, bis hin zu Corona-Theorien, Apple k\u00f6nnte die Ladengesch\u00e4fte in den USA [&hellip;]<\/p>\n","protected":false},"author":1,"featured_media":0,"comment_status":"open","ping_status":"closed","sticky":false,"template":"","format":"standard","meta":{"_acf_changed":false,"footnotes":""},"categories":[3,1783],"tags":[4736,5231],"class_list":["post-164933","post","type-post","status-publish","format-standard","hentry","category-apple","category-feature","tag-apple","tag-rassismus"],"acf":[],"aioseo_notices":[],"featured_image":["https:\/\/images.ifun.de\/wp-content\/uploads\/2017\/09\/tim-cook-1.jpg"],"subheadline":["Pressemitteilung ist da"],"rest_api_enabler":{"featured_image":"https:\/\/images.ifun.de\/wp-content\/uploads\/2017\/09\/tim-cook-1.jpg","subheadline":"Pressemitteilung ist da"},"_links":{"self":[{"href":"https:\/\/www.ifun.de\/apiv2\/wp\/v2\/posts\/164933","targetHints":{"allow":["GET"]}}],"collection":[{"href":"https:\/\/www.ifun.de\/apiv2\/wp\/v2\/posts"}],"about":[{"href":"https:\/\/www.ifun.de\/apiv2\/wp\/v2\/types\/post"}],"author":[{"embeddable":true,"href":"https:\/\/www.ifun.de\/apiv2\/wp\/v2\/users\/1"}],"replies":[{"embeddable":true,"href":"https:\/\/www.ifun.de\/apiv2\/wp\/v2\/comments?post=164933"}],"version-history":[{"count":1,"href":"https:\/\/www.ifun.de\/apiv2\/wp\/v2\/posts\/164933\/revisions"}],"predecessor-version":[{"id":164935,"href":"https:\/\/www.ifun.de\/apiv2\/wp\/v2\/posts\/164933\/revisions\/164935"}],"wp:attachment":[{"href":"https:\/\/www.ifun.de\/apiv2\/wp\/v2\/media?parent=164933"}],"wp:term":[{"taxonomy":"category","embeddable":true,"href":"https:\/\/www.ifun.de\/apiv2\/wp\/v2\/categories?post=164933"},{"taxonomy":"post_tag","embeddable":true,"href":"https:\/\/www.ifun.de\/apiv2\/wp\/v2\/tags?post=164933"}],"curies":[{"name":"wp","href":"https:\/\/api.w.org\/{rel}","templated":true}]}}