{"id":164516,"date":"2021-01-05T08:55:17","date_gmt":"2021-01-05T07:55:17","guid":{"rendered":"https:\/\/www.ifun.de\/?p=164516"},"modified":"2021-01-05T08:55:17","modified_gmt":"2021-01-05T07:55:17","slug":"max-stand-ladestaender-fuer-die-airpods-max-sucht-unterstuetzer","status":"publish","type":"post","link":"https:\/\/www.ifun.de\/max-stand-ladestaender-fuer-die-airpods-max-sucht-unterstuetzer-164516\/","title":{"rendered":"Max Stand: Ladest\u00e4nder f\u00fcr die AirPods Max sucht Unterst\u00fctzer"},"content":{"rendered":"<p>Mit dem <a href=\"https:\/\/www.kickstarter.com\/projects\/maxstand\/max-stand\">Max Stand<\/a> will die in Heidelberg ans\u00e4\u00dfige Design-Agentur Floating Pixels eine praktische und komfortable Ablage f\u00fcr die AirPods Max anbieten. Der kleine St\u00e4nder soll daf\u00fcr sorgen, dass die Apple-Kopfh\u00f6rer stilecht aufger\u00e4umt und jederzeit einsatzbereit sind.<\/p>\n<p><a href=\"https:\/\/images.ifun.de\/wp-content\/uploads\/2021\/01\/max-stand-airpods-max-staender.jpg\"><img loading=\"lazy\" decoding=\"async\" src=\"https:\/\/images.ifun.de\/wp-content\/uploads\/2021\/01\/max-stand-airpods-max-staender-500x452.jpg\" alt=\"Max Stand Airpods Max Staender\" width=\"500\" height=\"452\" class=\"alignnone size-medium wp-image-164518\" srcset=\"https:\/\/images.ifun.de\/wp-content\/uploads\/2021\/01\/max-stand-airpods-max-staender-500x452.jpg 500w, https:\/\/images.ifun.de\/wp-content\/uploads\/2021\/01\/max-stand-airpods-max-staender.jpg 680w\" sizes=\"auto, (max-width: 500px) 100vw, 500px\" \/><\/a><\/p>\n<p>Die AirPods Max sollen sich in dem kompakten St\u00e4nder zuverl\u00e4ssig aufbewahren und dabei einfach einsetzen und entnehmen lassen. Doch damit nicht genug. Max Stand will die Kopfh\u00f6rer auch mit Ladestrom versorgen. Dies wird \u00fcber eine Verbindung nach dem MagSafe-Prinzip der alten Apple-Notebooks gel\u00f6st: Ein kleiner Magnetstecker in der Ladebuchse der Kopfh\u00f6rer verbindet sich mit dem Stromkontakt im St\u00e4nder. Will man die Kopfh\u00f6rer unterwegs laden, kann man dazu das mitgelieferte magnetische Ladekabel verwenden.<\/p>\n<p><a href=\"https:\/\/images.ifun.de\/wp-content\/uploads\/2021\/01\/max-stand-ladeanschluss.jpg\"><img loading=\"lazy\" decoding=\"async\" src=\"https:\/\/images.ifun.de\/wp-content\/uploads\/2021\/01\/max-stand-ladeanschluss.jpg\" alt=\"Max Stand Ladeanschluss\" width=\"680\" height=\"371\" class=\"alignnone size-full wp-image-164521\" srcset=\"https:\/\/images.ifun.de\/wp-content\/uploads\/2021\/01\/max-stand-ladeanschluss.jpg 680w, https:\/\/images.ifun.de\/wp-content\/uploads\/2021\/01\/max-stand-ladeanschluss-500x273.jpg 500w\" sizes=\"auto, (max-width: 680px) 100vw, 680px\" \/><\/a><\/p>\n<p>Der Ladest\u00e4nder Max Stand soll in verschiedenen, zu den unterschiedlichen Ausf\u00fchrungen der AirPods Max passenden Farben angeboten werden. Die Macher nennen daf\u00fcr einen ambitionierten Zeitplan, bereits im M\u00e4rz sollen erste Besteller ihren Max Stand erhalten. Aktuell l\u00e4sst sich das Zubeh\u00f6r noch zum Unterst\u00fctzer-Preis von 69 Euro reservieren, als regul\u00e4ren Endpreis peilen die Verantwortlichen 99 Euro an.<\/p>\n<p><div class=\"responsive-video\"><iframe loading=\"lazy\" width=\"700\" height=\"371\" src=\"https:\/\/www.youtube-nocookie.com\/embed\/nz-cFLbYKmk\" frameborder=\"0\" allowfullscreen><\/iframe><\/div><\/p>\n","protected":false},"excerpt":{"rendered":"<a href=\"https:\/\/www.ifun.de\/max-stand-ladestaender-fuer-die-airpods-max-sucht-unterstuetzer-164516\/\"><img width=\"150\" height=\"150\" src=\"https:\/\/images.ifun.de\/wp-content\/uploads\/2021\/01\/max-stand-airpods-max-staender-150x150.jpg\" class=\"alignright tfe wp-post-image\" alt=\"Max Stand Airpods Max Staender\" decoding=\"async\" loading=\"lazy\" \/><\/a><p>Mit dem Max Stand will die in Heidelberg ans\u00e4\u00dfige Design-Agentur Floating Pixels eine praktische und komfortable Ablage f\u00fcr die AirPods Max anbieten. Der kleine St\u00e4nder soll daf\u00fcr sorgen, dass die Apple-Kopfh\u00f6rer stilecht aufger\u00e4umt und jederzeit einsatzbereit sind. Die AirPods Max sollen sich in dem kompakten St\u00e4nder zuverl\u00e4ssig aufbewahren und dabei einfach einsetzen und entnehmen lassen. [&hellip;]<\/p>\n","protected":false},"author":2,"featured_media":164518,"comment_status":"open","ping_status":"closed","sticky":false,"template":"","format":"standard","meta":{"_acf_changed":false,"footnotes":""},"categories":[22],"tags":[5182,5218],"class_list":["post-164516","post","type-post","status-publish","format-standard","has-post-thumbnail","hentry","category-zubehor","tag-airpods-max","tag-max-stand"],"acf":[],"aioseo_notices":[],"subheadline":["Schickes Schreibtisch-Zubeh\u00f6r"],"featured_image":["https:\/\/images.ifun.de\/wp-content\/uploads\/2021\/01\/max-stand-ladestaender-airpods-max.jpg"],"rest_api_enabler":{"subheadline":"Schickes Schreibtisch-Zubeh\u00f6r","featured_image":"https:\/\/images.ifun.de\/wp-content\/uploads\/2021\/01\/max-stand-ladestaender-airpods-max.jpg"},"_links":{"self":[{"href":"https:\/\/www.ifun.de\/apiv2\/wp\/v2\/posts\/164516","targetHints":{"allow":["GET"]}}],"collection":[{"href":"https:\/\/www.ifun.de\/apiv2\/wp\/v2\/posts"}],"about":[{"href":"https:\/\/www.ifun.de\/apiv2\/wp\/v2\/types\/post"}],"author":[{"embeddable":true,"href":"https:\/\/www.ifun.de\/apiv2\/wp\/v2\/users\/2"}],"replies":[{"embeddable":true,"href":"https:\/\/www.ifun.de\/apiv2\/wp\/v2\/comments?post=164516"}],"version-history":[{"count":3,"href":"https:\/\/www.ifun.de\/apiv2\/wp\/v2\/posts\/164516\/revisions"}],"predecessor-version":[{"id":164522,"href":"https:\/\/www.ifun.de\/apiv2\/wp\/v2\/posts\/164516\/revisions\/164522"}],"wp:featuredmedia":[{"embeddable":true,"href":"https:\/\/www.ifun.de\/apiv2\/wp\/v2\/media\/164518"}],"wp:attachment":[{"href":"https:\/\/www.ifun.de\/apiv2\/wp\/v2\/media?parent=164516"}],"wp:term":[{"taxonomy":"category","embeddable":true,"href":"https:\/\/www.ifun.de\/apiv2\/wp\/v2\/categories?post=164516"},{"taxonomy":"post_tag","embeddable":true,"href":"https:\/\/www.ifun.de\/apiv2\/wp\/v2\/tags?post=164516"}],"curies":[{"name":"wp","href":"https:\/\/api.w.org\/{rel}","templated":true}]}}