{"id":164328,"date":"2020-12-29T08:02:51","date_gmt":"2020-12-29T07:02:51","guid":{"rendered":"https:\/\/www.ifun.de\/?p=164328"},"modified":"2020-12-29T08:03:15","modified_gmt":"2020-12-29T07:03:15","slug":"creative-cloud-foto-ein-jahr-photoshop-fuer-96-statt-120-euro","status":"publish","type":"post","link":"https:\/\/www.ifun.de\/creative-cloud-foto-ein-jahr-photoshop-fuer-96-statt-120-euro-164328\/","title":{"rendered":"Creative Cloud Foto: Ein Jahr Photoshop f\u00fcr 96 statt 120 Euro"},"content":{"rendered":"<p>Zuletzt bot der Online-H\u00e4ndler Amazon Adobes Foto-Abo im November zum Sonderpreis an. Nur wenige Tage nachdem uns satte 120 Euro f\u00fcr den Zugriff auf Photoshop, Lightroom und 20GB Speicher in Adobes Creative Cloud in Rechnung gestellt wurden, gab es das Foto-Abo erstmals in diesem Winter deutlich g\u00fcnstiger &#8211; heute kann erneut zum Sonderpreis zugegriffen werden.<\/p>\n<p>So bietet Amazon den einj\u00e4hrigen Photoshop-Zugriff <a rel=\"noindex, nofollow\" href=\"http:\/\/www.ifun.de\/amzn\/B00M8MOH98\">aktuell f\u00fcr 96 statt 120 Euro<\/a> an und versendet den Aktivierungscode per Email damit deutlich g\u00fcnstiger als Adobe selbst.<\/p>\n<p><a href=\"https:\/\/images.ifun.de\/wp-content\/uploads\/2020\/11\/foto-abo-teuer.jpg\"><img loading=\"lazy\" decoding=\"async\" class=\"aligncenter size-medium wp-image-162771\" src=\"https:\/\/images.ifun.de\/wp-content\/uploads\/2020\/11\/foto-abo-teuer-500x274.jpg\" alt=\"Foto Abo Teuer\" width=\"500\" height=\"274\" srcset=\"https:\/\/images.ifun.de\/wp-content\/uploads\/2020\/11\/foto-abo-teuer-500x274.jpg 500w, https:\/\/images.ifun.de\/wp-content\/uploads\/2020\/11\/foto-abo-teuer-700x383.jpg 700w, https:\/\/images.ifun.de\/wp-content\/uploads\/2020\/11\/foto-abo-teuer-768x420.jpg 768w, https:\/\/images.ifun.de\/wp-content\/uploads\/2020\/11\/foto-abo-teuer.jpg 1350w\" sizes=\"auto, (max-width: 500px) 100vw, 500px\" \/><\/a><\/p>\n<h6>Der Klassiker: Erst im November teuer bezahlt<\/h6>\n<p>Wir nutzen das <a rel=\"noindex, nofollow\" href=\"http:\/\/www.ifun.de\/amzn\/B00M8MOH98\">&#8222;Adobe Creative Cloud Foto&#8220;-Abo<\/a> (wie es voll ausgeschrieben hei\u00dft) allerdings ausschlie\u00dflich f\u00fcr den Zugriff auf die Bildbearbeitung, die wir trotz mehrmaliger Anl\u00e4ufe noch immer nicht durch Alternativen von Pixelmator oder Affinity Photo ausgetauscht haben.<\/p>\n<p>Im Laufe der Jahre hat sich Photoshop, sowohl was Arbeitsabl\u00e4ufe als auch Tastatur-K\u00fcrzel angeht, so fest ins Hirn eingebrannt, das der Wechsel erstaunlich viel Willenskraft fordert &#8211; also sind wir der bequemen Variante treu geblieben.<\/p>\n<p><a href=\"https:\/\/images.ifun.de\/wp-content\/uploads\/2020\/11\/adobe-abo.jpg\"><img loading=\"lazy\" decoding=\"async\" class=\"aligncenter size-large wp-image-162772\" src=\"https:\/\/images.ifun.de\/wp-content\/uploads\/2020\/11\/adobe-abo-681x700.jpg\" alt=\"Adobe Abo\" width=\"681\" height=\"700\" srcset=\"https:\/\/images.ifun.de\/wp-content\/uploads\/2020\/11\/adobe-abo-681x700.jpg 681w, https:\/\/images.ifun.de\/wp-content\/uploads\/2020\/11\/adobe-abo-486x500.jpg 486w, https:\/\/images.ifun.de\/wp-content\/uploads\/2020\/11\/adobe-abo-768x789.jpg 768w, https:\/\/images.ifun.de\/wp-content\/uploads\/2020\/11\/adobe-abo.jpg 1328w\" sizes=\"auto, (max-width: 681px) 100vw, 681px\" \/><\/a><\/p>\n<h6>Mit einer Apple ID f\u00fcr zwei Macs und ein iPad<\/h6>\n<h2>Bestandskunden k\u00f6nnen aufstocken<\/h2>\n<p>Da unser Adobe-Konto auch vor zwei Jahren mehr verlangt hat als jetzt im Angebot f\u00e4llig werden, d\u00fcrfte sich sogar das Aufstocken lohnen. So k\u00f6nnen auch Bestandskunden mit noch laufenden Abos das Jahr &#8222;Adobe Creative Cloud Foto&#8220;-Abo <a rel=\"noindex, nofollow\" href=\"http:\/\/www.ifun.de\/amzn\/B00M8MOH98\">f\u00fcr 96 Euro kaufen<\/a> und dieses zu ihrem bereits laufenden Abo-Zeitraum hinzuaddieren. Die Codes m\u00fcssen daf\u00fcr unter redeem.adobe.com eingel\u00f6st werden.<\/p>\n<p >Keine Produkte gefunden.<\/p>\n<h2>iPad-Zugang inklusive<\/h2>\n<p>Neben der Nutzung von Photoshop, Lightroom und 20GB Creative-Cloud-Speicher am Mac ist im Jahrespaket auch die Nutzung der <a href=\"https:\/\/www.ifun.de\/photoshop-fuer-ipad-kann-kanten-verbessern-und-arbeitsflaeche-rotieren-157255\/\">iPad-Adaption der Photoshop-App<\/a> enthalten. Pro Adobe Account l\u00e4sst sich Photoshop aktiv auf zwei Macs nutzen. Um einen dritten Rechner zu aktivieren, muss einer der beiden vorhandenen abgemeldet werden.<\/p>\n<!-- WP-Appbox (Version: 4.5.13 \/\/ Store: appstore \/\/ ID: 1457771281) -->\t<!-- app-link -->\n\t<div id=\"article-single-app-preview\">\n\t\t<div id=\"article-single-app-preview-header\">\n\t\t\t<span class=\"title\">Laden im App Store<\/span>\n\t\t<\/div>\n\t\t<div id=\"article-single-app-preview-content\">\n\t\t\t<div id=\"article-single-app-preview-img\"><img loading=\"lazy\" decoding=\"async\" src=\"\/\/is1-ssl.mzstatic.com\/image\/thumb\/PurpleSource221\/v4\/cc\/82\/55\/cc8255cd-c6c8-3592-f95b-93a6ba08a0c1\/Placeholder.mill\/200x200bb-75.png\" alt=\"Adobe Photoshop: Foto-Editor\"  height=\"72\" width=\"72\" class=\"asl-icon-img\" \/><\/div>\n\t\t\t<div id=\"article-single-app-preview-desc\">\n\t\t\t\t<span class=\"name\">Adobe Photoshop: Foto-Editor<\/span><br \/>\n\t\t\t\t<span class=\"seller\">Entwickler: <a target=\"_blank\" rel=\"nofollow\" href=\"https:\/\/apps.apple.com\/de\/developer\/adobe-inc\/id331646274\">Adobe Inc.<\/a><\/span>\n\t\t\t<\/div>\n\t\t\t<a target=\"_blank\" rel=\"nofollow\" href=\"https:\/\/apps.apple.com\/de\/app\/adobe-photoshop-foto-editor\/id1457771281\"><div id=\"article-single-app-preview-download\">Preis: Kostenlos<sup>+<\/sup><br \/>\n\t\t\t<span class=\"size\">Laden<\/span><\/div><\/a>\n\t\t<\/div>\n\t\t<!-- <div id=\"article-single-app-preview-footer\"><\/div>\t-->\n\t<\/div>\n\t<!-- app-link\/ende --><!-- \/WP-Appbox -->\n","protected":false},"excerpt":{"rendered":"<a href=\"https:\/\/www.ifun.de\/creative-cloud-foto-ein-jahr-photoshop-fuer-96-statt-120-euro-164328\/\"><img decoding=\"async\" width=\"150\" src=\"https:\/\/images.ifun.de\/wp-content\/uploads\/2020\/11\/foto-abo-teuer-500x274.jpg\" class=\"alignright wp-post-image tfe\" alt=\"Foto Abo Teuer\" title=\"\" \/><\/a><p>Zuletzt bot der Online-H\u00e4ndler Amazon Adobes Foto-Abo im November zum Sonderpreis an. Nur wenige Tage nachdem uns satte 120 Euro f\u00fcr den Zugriff auf Photoshop, Lightroom und 20GB Speicher in Adobes Creative Cloud in Rechnung gestellt wurden, gab es das Foto-Abo erstmals in diesem Winter deutlich g\u00fcnstiger &#8211; heute kann erneut zum Sonderpreis zugegriffen werden. [&hellip;]<\/p>\n","protected":false},"author":1,"featured_media":0,"comment_status":"open","ping_status":"closed","sticky":false,"template":"","format":"standard","meta":{"_acf_changed":false,"footnotes":""},"categories":[1],"tags":[265,4740,375],"class_list":["post-164328","post","type-post","status-publish","format-standard","hentry","category-news","tag-adobe","tag-ipad","tag-photoshop"],"acf":[],"aioseo_notices":[],"featured_image":["https:\/\/images.ifun.de\/wp-content\/uploads\/2019\/11\/adobe-photoshop-ipad-ausblick.jpg"],"subheadline":["Auf einem iPad und zwei Macs"],"rest_api_enabler":{"featured_image":"https:\/\/images.ifun.de\/wp-content\/uploads\/2019\/11\/adobe-photoshop-ipad-ausblick.jpg","subheadline":"Auf einem iPad und zwei Macs"},"_links":{"self":[{"href":"https:\/\/www.ifun.de\/apiv2\/wp\/v2\/posts\/164328","targetHints":{"allow":["GET"]}}],"collection":[{"href":"https:\/\/www.ifun.de\/apiv2\/wp\/v2\/posts"}],"about":[{"href":"https:\/\/www.ifun.de\/apiv2\/wp\/v2\/types\/post"}],"author":[{"embeddable":true,"href":"https:\/\/www.ifun.de\/apiv2\/wp\/v2\/users\/1"}],"replies":[{"embeddable":true,"href":"https:\/\/www.ifun.de\/apiv2\/wp\/v2\/comments?post=164328"}],"version-history":[{"count":1,"href":"https:\/\/www.ifun.de\/apiv2\/wp\/v2\/posts\/164328\/revisions"}],"predecessor-version":[{"id":164329,"href":"https:\/\/www.ifun.de\/apiv2\/wp\/v2\/posts\/164328\/revisions\/164329"}],"wp:attachment":[{"href":"https:\/\/www.ifun.de\/apiv2\/wp\/v2\/media?parent=164328"}],"wp:term":[{"taxonomy":"category","embeddable":true,"href":"https:\/\/www.ifun.de\/apiv2\/wp\/v2\/categories?post=164328"},{"taxonomy":"post_tag","embeddable":true,"href":"https:\/\/www.ifun.de\/apiv2\/wp\/v2\/tags?post=164328"}],"curies":[{"name":"wp","href":"https:\/\/api.w.org\/{rel}","templated":true}]}}