{"id":164201,"date":"2020-12-23T07:14:32","date_gmt":"2020-12-23T06:14:32","guid":{"rendered":"https:\/\/www.ifun.de\/?p=164201"},"modified":"2020-12-28T13:13:46","modified_gmt":"2020-12-28T12:13:46","slug":"elon-musk-ich-wollte-tesla-an-apple-verkaufen","status":"publish","type":"post","link":"https:\/\/www.ifun.de\/elon-musk-ich-wollte-tesla-an-apple-verkaufen-164201\/","title":{"rendered":"Elon Musk: Ich wollte Tesla an Apple verkaufen"},"content":{"rendered":"<p>Mitten im wieder dichter werdenden Ger\u00fcchtenebel \u00fcber Apples Anstrengungen, selbst mit dem Bau eines Fahrzeugs besch\u00e4ftigt zu sein (am sogenannten &#8222;Projekt Titan&#8220; soll Apple weiter <a href=\"https:\/\/www.reuters.com\/article\/uk-apple-autos-exclusive-ifun-idUSKBN28V2PU\">aktiv arbeiten<\/a>) hat Tesla-Chef Elon Musk jetzt zwei Tweets geschickt, die aufhorchen lassen.<\/p>\n<p>In seinen Wortmeldungen reagiert der aus S\u00fcdafrika stammende Unternehmer auf Berichte, wonach Apple die Fertigung spezieller Akku-Typen vorbereiten soll und erinnert sich an die R\u00fcckschl\u00e4ge w\u00e4hrend der fr\u00fchen Model 3-Produktion.<\/p>\n<blockquote class=\"twitter-tweet\">\n<p lang=\"en\" dir=\"ltr\">During the darkest days of the Model 3 program, I reached out to Tim Cook to discuss the possibility of Apple acquiring Tesla (for 1\/10 of our current value). He refused to take the meeting.<\/p>\n<p>&mdash; Elon Musk (@elonmusk) <a href=\"https:\/\/twitter.com\/elonmusk\/status\/1341485211209637889?ref_src=twsrc%5Etfw\">December 22, 2020<\/a><\/p><\/blockquote>\n<p> <script async src=\"https:\/\/platform.twitter.com\/widgets.js\" charset=\"utf-8\"><\/script><\/p>\n<h2>Tim Cook wollte sich nicht treffen<\/h2>\n<p>Damals, so Musk, h\u00e4tte er w\u00e4hrend der dunkelsten Tage des Model-3-Programms den Apple-Chef Tim Cook direkt kontaktiert, um die M\u00f6glichkeit einer \u00dcbernahme von Tesla durch Apple zu diskutieren.<\/p>\n<p>Laut Musk soll lediglich ein Zehntel des <strike>damals<\/strike> aktuellen Unternehmenswertes zur Debatte gestanden haben. Dennoch h\u00e4tte sich Cook geweigert das Treffen \u00fcberhaupt zu Akzeptieren.<\/p>\n<p>Was Apples bahnbrechendes Design sogenannter &#8222;monocell&#8220;-Akkus angeht, zeigt sich Musk hingegen wenig beeindruckt. Diese w\u00fcrden nicht in der Lage sein zu liefern, was auf den Stra\u00dfen gebraucht wird &#8211; seien allerdings miteinander verbundenen Energiespeicher-Zellen gemeint, dann w\u00fcrde Tesla diese bereist einsetzen.<\/p>\n<p>Gleiches gilt auch f\u00fcr die Ger\u00fcchte um Apples Arbeiten an neuen Lithium-Eisenphosphat-Akkumulatoren. Bei Tesla seien Eisenphosphat\u2014Akkus bereits im Einsatz f\u00fcr Fahrzeuge mit mittlerer Reichweite.<\/p>\n<h2>Apple-Auto f\u00fcr 2024 erwartet<\/h2>\n<p>Die Nachrichten-Agentur Reuters hatte am Montag unter Berufung auf mit der Angelegenheit vertraute Personen <a href=\"https:\/\/www.reuters.com\/article\/uk-apple-autos-exclusive-ifun-idUSKBN28V2PU\">berichtet<\/a>, dass Apple weiterhin an selbstfahrenden Fahrzeugen arbeiten w\u00fcrde und einen Produktionsstart bereits f\u00fcr 2024 anvisieren w\u00fcrde.<\/p>\n<p>Das Projekt w\u00fcrde vom langj\u00e4hrigen Apple-Manager Doug Field geleitet, der seinerseits auch schon bei Tesla angestellt war und erst 2019 <a href=\"https:\/\/www.ifun.de\/das-apple-auto-wird-geparkt-cupertino-bestaetigt-200-kuendigungen-schriftlich-134295\/\">eine Massenentlassung mitverantwortete<\/a>, die das &#8222;Projekt Titan&#8220; neu ausrichtete.<\/p>\n<p><img loading=\"lazy\" decoding=\"async\" src=\"https:\/\/vg07.met.vgwort.de\/na\/1e510749ca6444c7acdd07f9babbef9b\" width=\"1\" height=\"1\" no-lazy class=\"tracking\"><\/p>\n","protected":false},"excerpt":{"rendered":"<a href=\"https:\/\/www.ifun.de\/elon-musk-ich-wollte-tesla-an-apple-verkaufen-164201\/\"><img decoding=\"async\" width=\"150\" src=\"https:\/\/vg07.met.vgwort.de\/na\/1e510749ca6444c7acdd07f9babbef9b\" class=\"alignright wp-post-image tfe\" alt=\"\" title=\"\" \/><\/a><p>Mitten im wieder dichter werdenden Ger\u00fcchtenebel \u00fcber Apples Anstrengungen, selbst mit dem Bau eines Fahrzeugs besch\u00e4ftigt zu sein (am sogenannten &#8222;Projekt Titan&#8220; soll Apple weiter aktiv arbeiten) hat Tesla-Chef Elon Musk jetzt zwei Tweets geschickt, die aufhorchen lassen. In seinen Wortmeldungen reagiert der aus S\u00fcdafrika stammende Unternehmer auf Berichte, wonach Apple die Fertigung spezieller Akku-Typen [&hellip;]<\/p>\n","protected":false},"author":1,"featured_media":0,"comment_status":"open","ping_status":"closed","sticky":false,"template":"","format":"standard","meta":{"_acf_changed":false,"footnotes":""},"categories":[3,1783],"tags":[4736,3910,6322,2630,3112],"class_list":["post-164201","post","type-post","status-publish","format-standard","hentry","category-apple","category-feature","tag-apple","tag-geruechte","tag-rumors","tag-tesla","tag-titan"],"acf":[],"aioseo_notices":[],"subheadline":["Apple-Auto f\u00fcr 2024 erwartet"],"featured_image":["https:\/\/images.ifun.de\/wp-content\/uploads\/2019\/02\/apple-auto-unsplash.jpg"],"rest_api_enabler":{"subheadline":"Apple-Auto f\u00fcr 2024 erwartet","featured_image":"https:\/\/images.ifun.de\/wp-content\/uploads\/2019\/02\/apple-auto-unsplash.jpg"},"_links":{"self":[{"href":"https:\/\/www.ifun.de\/apiv2\/wp\/v2\/posts\/164201","targetHints":{"allow":["GET"]}}],"collection":[{"href":"https:\/\/www.ifun.de\/apiv2\/wp\/v2\/posts"}],"about":[{"href":"https:\/\/www.ifun.de\/apiv2\/wp\/v2\/types\/post"}],"author":[{"embeddable":true,"href":"https:\/\/www.ifun.de\/apiv2\/wp\/v2\/users\/1"}],"replies":[{"embeddable":true,"href":"https:\/\/www.ifun.de\/apiv2\/wp\/v2\/comments?post=164201"}],"version-history":[{"count":8,"href":"https:\/\/www.ifun.de\/apiv2\/wp\/v2\/posts\/164201\/revisions"}],"predecessor-version":[{"id":164209,"href":"https:\/\/www.ifun.de\/apiv2\/wp\/v2\/posts\/164201\/revisions\/164209"}],"wp:attachment":[{"href":"https:\/\/www.ifun.de\/apiv2\/wp\/v2\/media?parent=164201"}],"wp:term":[{"taxonomy":"category","embeddable":true,"href":"https:\/\/www.ifun.de\/apiv2\/wp\/v2\/categories?post=164201"},{"taxonomy":"post_tag","embeddable":true,"href":"https:\/\/www.ifun.de\/apiv2\/wp\/v2\/tags?post=164201"}],"curies":[{"name":"wp","href":"https:\/\/api.w.org\/{rel}","templated":true}]}}