{"id":164125,"date":"2020-12-21T19:29:36","date_gmt":"2020-12-21T18:29:36","guid":{"rendered":"https:\/\/www.ifun.de\/?p=164125"},"modified":"2020-12-22T11:25:50","modified_gmt":"2020-12-22T10:25:50","slug":"homepod-probleme-ist-das-heimische-netzwerk-oder-apple-schuld","status":"publish","type":"post","link":"https:\/\/www.ifun.de\/homepod-probleme-ist-das-heimische-netzwerk-oder-apple-schuld-164125\/","title":{"rendered":"HomePod-Probleme: Ist das heimische Netzwerk oder Apple schuld?"},"content":{"rendered":"<p>Vor einer Woche hat Apple seine HomePod-Lautsprecher mit Software-Version 14.3 ausgestattet. Im Zusammenhang mit dem Update war die Rede von allgemeinen Leistungs- und Stabilit\u00e4tsverbesserungen, allerdings erreichen uns weiterhin ungewohnt viele Zuschriften von Lesern, die sich mit massiven Problemen konfrontiert sehen. Wir nehmen dies zum Anlass, diesbez\u00fcglich in die Runde zu fragen. Vielleicht l\u00e4sst sich ja \u00fcber die Kommentare das eine oder andere \u00c4rgernis beseitigen.<\/p>\n<p><a href=\"https:\/\/images.ifun.de\/wp-content\/uploads\/2020\/10\/homepod-mini.jpg\"><img loading=\"lazy\" decoding=\"async\" src=\"https:\/\/images.ifun.de\/wp-content\/uploads\/2020\/10\/homepod-mini-500x404.jpg\" alt=\"Homepod Mini\" width=\"500\" height=\"404\" class=\"alignnone size-medium wp-image-160845\" srcset=\"https:\/\/images.ifun.de\/wp-content\/uploads\/2020\/10\/homepod-mini-500x404.jpg 500w, https:\/\/images.ifun.de\/wp-content\/uploads\/2020\/10\/homepod-mini-700x565.jpg 700w, https:\/\/images.ifun.de\/wp-content\/uploads\/2020\/10\/homepod-mini-768x620.jpg 768w, https:\/\/images.ifun.de\/wp-content\/uploads\/2020\/10\/homepod-mini.jpg 1332w\" sizes=\"auto, (max-width: 500px) 100vw, 500px\" \/><\/a><\/p>\n<p>Schwierigkeiten macht beispielsweise weiterhin die Kopplung des HomePod mini mit Apple TV in Verbindung mit der Verwendung von Apple Music. Hier berichten Leser, dass sie kein Apple Music \u00fcber die kleinen HomePods abspielen k\u00f6nnen, wenn die Lautsprecher beim Ausschalten von Apple TV als Standard-Audioausgabe f\u00fcr die Set-Top-Box festgelegt waren.<\/p>\n<p>In diesem Zusammenhang ist zu erw\u00e4hnen, dass Apple nicht alle Audiofunktionen von Apple TV auch f\u00fcr den HomePod mini anbietet. So steht beispielsweise \u201e<a href=\"https:\/\/www.ifun.de\/homepod-mit-persoenlichem-tagesueberblick-und-heimkino-integration-161923\/\">Heimkino-Audio<\/a>\u201c nur f\u00fcr den gro\u00dfen HomePod zur Verf\u00fcgung. Allerdings sollte dies keinen Einfluss auf die Standardnutzung des HomePod mini als Apple-TV-Lautsprecher haben.<\/p>\n<h2>Aussetzer bei Wiedergabe und im Netzwerk<\/h2>\n<p>\u00dcber Probleme mit der Nutzung der HomePods als Standardlautsprecher berichtet auch ifun.de-Leser Morten. Reproduzierbar treten hier Audio-Aussetzer bei der Wiedergabe \u00fcber Apps von Drittanbietern wie beispielsweise Netflix oder Sky Q auf, sobald ein HomePod-Stereopaar als Standard-Lautsprecher gesetzt ist. Ohne diese Einstellung sei derlei nicht zu bemerken und auch das Zur\u00fccksetzen von Apple TV und den beiden HomePods habe nicht f\u00fcr Besserung gesorgt.<\/p>\n<p>Unabh\u00e4ngig von den genannten Problemen im Zusammenhang mit der Audiowiedergabe ist weiterhin auch die Rede von Netzwerk-Problemen beim HomePod mini. Schon \u00fcber l\u00e4ngere Zeit hinweg sorgen hier teils Siri-Fehler und Verbindungsabbr\u00fcche f\u00fcr \u00c4rger.<\/p>\n<p>Blickt man allerdings auf die ebenfalls vorliegenden, zahlreichen positiven Erfahrungsberichte (auch bei uns), so deutet alles darauf hin, dass die Probleme zumindest teilweise auch in der heimischen Netzwerkkonfiguration und\/oder der verwendeten Hardware ihren Ursprung haben k\u00f6nnten.<img loading=\"lazy\" decoding=\"async\" src=\"https:\/\/vg02.met.vgwort.de\/na\/c0a37513a67c413baa4ee5cbc9cbe5e9\" width=\"1\" height=\"1\" no-lazy class=\"tracking\"><\/p>\n","protected":false},"excerpt":{"rendered":"<a href=\"https:\/\/www.ifun.de\/homepod-probleme-ist-das-heimische-netzwerk-oder-apple-schuld-164125\/\"><img decoding=\"async\" width=\"150\" src=\"https:\/\/images.ifun.de\/wp-content\/uploads\/2020\/10\/homepod-mini-500x404.jpg\" class=\"alignright wp-post-image tfe\" alt=\"Homepod Mini\" title=\"\" \/><\/a><p>Vor einer Woche hat Apple seine HomePod-Lautsprecher mit Software-Version 14.3 ausgestattet. Im Zusammenhang mit dem Update war die Rede von allgemeinen Leistungs- und Stabilit\u00e4tsverbesserungen, allerdings erreichen uns weiterhin ungewohnt viele Zuschriften von Lesern, die sich mit massiven Problemen konfrontiert sehen. Wir nehmen dies zum Anlass, diesbez\u00fcglich in die Runde zu fragen. Vielleicht l\u00e4sst sich ja [&hellip;]<\/p>\n","protected":false},"author":2,"featured_media":0,"comment_status":"open","ping_status":"closed","sticky":false,"template":"","format":"standard","meta":{"_acf_changed":false,"footnotes":""},"categories":[1,1783],"tags":[3714,177],"class_list":["post-164125","post","type-post","status-publish","format-standard","hentry","category-news","category-feature","tag-homepod","tag-problem"],"acf":[],"aioseo_notices":[],"subheadline":["Abbr\u00fcche und Audio-Aussetzer"],"featured_image":["https:\/\/images.ifun.de\/wp-content\/uploads\/2020\/11\/homepod-mini-zuruecksetzen.jpg"],"rest_api_enabler":{"subheadline":"Abbr\u00fcche und Audio-Aussetzer","featured_image":"https:\/\/images.ifun.de\/wp-content\/uploads\/2020\/11\/homepod-mini-zuruecksetzen.jpg"},"_links":{"self":[{"href":"https:\/\/www.ifun.de\/apiv2\/wp\/v2\/posts\/164125","targetHints":{"allow":["GET"]}}],"collection":[{"href":"https:\/\/www.ifun.de\/apiv2\/wp\/v2\/posts"}],"about":[{"href":"https:\/\/www.ifun.de\/apiv2\/wp\/v2\/types\/post"}],"author":[{"embeddable":true,"href":"https:\/\/www.ifun.de\/apiv2\/wp\/v2\/users\/2"}],"replies":[{"embeddable":true,"href":"https:\/\/www.ifun.de\/apiv2\/wp\/v2\/comments?post=164125"}],"version-history":[{"count":4,"href":"https:\/\/www.ifun.de\/apiv2\/wp\/v2\/posts\/164125\/revisions"}],"predecessor-version":[{"id":164129,"href":"https:\/\/www.ifun.de\/apiv2\/wp\/v2\/posts\/164125\/revisions\/164129"}],"wp:attachment":[{"href":"https:\/\/www.ifun.de\/apiv2\/wp\/v2\/media?parent=164125"}],"wp:term":[{"taxonomy":"category","embeddable":true,"href":"https:\/\/www.ifun.de\/apiv2\/wp\/v2\/categories?post=164125"},{"taxonomy":"post_tag","embeddable":true,"href":"https:\/\/www.ifun.de\/apiv2\/wp\/v2\/tags?post=164125"}],"curies":[{"name":"wp","href":"https:\/\/api.w.org\/{rel}","templated":true}]}}