{"id":163910,"date":"2020-12-16T16:17:32","date_gmt":"2020-12-16T15:17:32","guid":{"rendered":"https:\/\/www.ifun.de\/?p=163910"},"modified":"2020-12-17T11:45:31","modified_gmt":"2020-12-17T10:45:31","slug":"kommender-abfrage-zwang-facebook-wettert-gegen-apple","status":"publish","type":"post","link":"https:\/\/www.ifun.de\/kommender-abfrage-zwang-facebook-wettert-gegen-apple-163910\/","title":{"rendered":"Kommender Abfrage-Zwang: Facebook wettert gegen Apple"},"content":{"rendered":"<p>Mit <a href=\"https:\/\/twitter.com\/DaveStangis\/status\/1339183289349918721\">ganzseitigen Zeitungsanzeigen<\/a>, die in gro\u00dfen US-Tageszeitungen wie der New York Times, dem Wall Street Journal und der Washington Post geschaltet werden, macht das soziale Netzwerk Facebook derzeit Stimmung gegen Apple. <\/p>\n<p><a href=\"https:\/\/images.ifun.de\/wp-content\/uploads\/2020\/12\/pal-about-tracking-werbung.jpg\"><img loading=\"lazy\" decoding=\"async\" src=\"https:\/\/images.ifun.de\/wp-content\/uploads\/2020\/12\/pal-about-tracking-werbung-500x426.jpg\" alt=\"Pal About Tracking Werbung\" width=\"500\" height=\"426\" class=\"aligncenter size-medium wp-image-163912\" srcset=\"https:\/\/images.ifun.de\/wp-content\/uploads\/2020\/12\/pal-about-tracking-werbung-500x426.jpg 500w, https:\/\/images.ifun.de\/wp-content\/uploads\/2020\/12\/pal-about-tracking-werbung-700x597.jpg 700w, https:\/\/images.ifun.de\/wp-content\/uploads\/2020\/12\/pal-about-tracking-werbung.jpg 767w\" sizes=\"auto, (max-width: 500px) 100vw, 500px\" \/><\/a><\/p>\n<h2>Beispielhaft: Die geplante Tracking-Abfrage<\/h2>\n<p>Ausl\u00f6ser ist der von Apple <a href=\"https:\/\/www.iphone-ticker.de\/tracking-nachfrage-in-ios-14-nutzer-koennten-widersprechen-159729\/\">geplante und bereits angek\u00fcndigte<\/a> Abfrage-Zwang, der Anwendungen die Nutzer tracken m\u00f6chten dazu verpflichtet, sich eine gesonderte Zustimmung jedes Anwenders einzuholen, f\u00fcr den ein personalisiertes Profil erstellt werden soll. <\/p>\n<h2>Facebook versteckt sich hinter kleinen Unternehmen<\/h2>\n<p>Geplant war, dass Apple den Abfrage-Zwang zum Start von iOS 14 und iPadOS 14 ausrollt. Auf Druck der Industrie hat Apple den betroffenen Werbern jedoch eine <a href=\"https:\/\/www.iphone-ticker.de\/knickt-apple-ein-tracking-warnung-in-ios-14-soll-sich-verzoegern-162587\/\">verl\u00e4ngerte Schonfrist zugestanden<\/a> und mitgeteilt, dass die Abfrage erst im kommenden Sommer eingef\u00fchrt wird. <\/p>\n<p>Gegen diese Einf\u00fchrung positioniert sich Facebook in den Zeitungsanzeigen nun als Retter kleiner Unternehmen und behauptet unter der \u00dcberschrift &#8222;Wir bieten Apple die Stirn &#8211; f\u00fcr kleine Unternehmen \u00fcberall&#8220;, dass man die Sorgen kleiner Unternehmens ernst nehmen m\u00fcsse, die Kritik an den von Apple geplanten \u00c4nderungen ge\u00e4u\u00dfert h\u00e4tten.<\/p>\n<p><center><\/p>\n<blockquote class=\"twitter-tweet\">\n<p lang=\"en\" dir=\"ltr\">I\u2019m pretty certain <a href=\"https:\/\/twitter.com\/hashtag\/Facebook?src=hash&amp;ref_src=twsrc%5Etfw\">#Facebook<\/a> is fighting <a href=\"https:\/\/twitter.com\/hashtag\/Apple?src=hash&amp;ref_src=twsrc%5Etfw\">#Apple<\/a> to retain access to personal data. <a href=\"https:\/\/twitter.com\/hashtag\/PID?src=hash&amp;ref_src=twsrc%5Etfw\">#PID<\/a> <a href=\"https:\/\/twitter.com\/hashtag\/privacy?src=hash&amp;ref_src=twsrc%5Etfw\">#privacy<\/a>. <a href=\"https:\/\/twitter.com\/hashtag\/fullpagead?src=hash&amp;ref_src=twsrc%5Etfw\">#fullpagead<\/a> <a href=\"https:\/\/twitter.com\/hashtag\/wsj?src=hash&amp;ref_src=twsrc%5Etfw\">#wsj<\/a> <a href=\"https:\/\/t.co\/029WwaGSs0\">pic.twitter.com\/029WwaGSs0<\/a><\/p>\n<p>&mdash; Dave Stangis (@DaveStangis) <a href=\"https:\/\/twitter.com\/DaveStangis\/status\/1339183289349918721?ref_src=twsrc%5Etfw\">December 16, 2020<\/a><\/p><\/blockquote>\n<p> <script async src=\"https:\/\/platform.twitter.com\/widgets.js\" charset=\"utf-8\"><\/script><br \/>\n<\/center><\/p>\n<p>Apple, so Facebook, sei dabei Unternehmern die M\u00f6glichkeit zu nehmen personalisierte Kampagnen auf Facebook zur starten, um Kunden effektiv zu erreichen. <\/p>\n<p>Facebook erwartet, dass Werbekunden nach Apples Eingriff einen Absatzr\u00fcckgang von etwa 60% erwarten m\u00fcssten und unterstreicht, dass vor allem kleine Betreibe besonders betroffen von der \u00c4nderung seien, die gro\u00dfe Player wie Facebook selbst problemlos verkraften k\u00f6nnten. <\/p>\n<h2>Facebook will schlecht informierte Nutzer<\/h2>\n<p>Zur Erinnerung: Werber werden auch zuk\u00fcnftig \u00fcber alle M\u00f6glichkeiten verf\u00fcgen, die sie jetzt schon nutzen k\u00f6nnen. Statt die Anwender jedoch automatisch und ohne R\u00fcckfrage tracken zu k\u00f6nnen, soll auf iPhone und iPad ein Info-Fenster eingeblendet werden, das Nutzern die M\u00f6glichkeit bietet auszuw\u00e4hlen, ob man mit dem Tracking einverstanden ist oder nicht. <\/p>\n<p>Facebook will, dass Apple die Nutzer, also euch, nicht fragt.<br \/>\n<img loading=\"lazy\" decoding=\"async\" src=\"https:\/\/vg07.met.vgwort.de\/na\/981e43b868ef44298e9868427b9a599d\" width=\"1\" height=\"1\" no-lazy class=\"tracking\"><\/p>\n","protected":false},"excerpt":{"rendered":"<a href=\"https:\/\/www.ifun.de\/kommender-abfrage-zwang-facebook-wettert-gegen-apple-163910\/\"><img width=\"150\" height=\"150\" src=\"https:\/\/images.ifun.de\/wp-content\/uploads\/2020\/12\/apple-facebook-feature-150x150.jpg\" class=\"alignright tfe wp-post-image\" alt=\"Apple Facebook Feature\" decoding=\"async\" loading=\"lazy\" \/><\/a><p>Mit ganzseitigen Zeitungsanzeigen, die in gro\u00dfen US-Tageszeitungen wie der New York Times, dem Wall Street Journal und der Washington Post geschaltet werden, macht das soziale Netzwerk Facebook derzeit Stimmung gegen Apple. Beispielhaft: Die geplante Tracking-Abfrage Ausl\u00f6ser ist der von Apple geplante und bereits angek\u00fcndigte Abfrage-Zwang, der Anwendungen die Nutzer tracken m\u00f6chten dazu verpflichtet, sich eine [&hellip;]<\/p>\n","protected":false},"author":1,"featured_media":163913,"comment_status":"open","ping_status":"closed","sticky":false,"template":"","format":"standard","meta":{"_acf_changed":false,"footnotes":""},"categories":[3,1783],"tags":[4736,234,373,30],"class_list":["post-163910","post","type-post","status-publish","format-standard","has-post-thumbnail","hentry","category-apple","category-feature","tag-apple","tag-facebook","tag-kritik","tag-werbung"],"acf":[],"aioseo_notices":[],"subheadline":["Facebook will schlecht informierte Nutzer"],"featured_image":["https:\/\/images.ifun.de\/wp-content\/uploads\/2020\/12\/apple-facebook-feature.jpg"],"rest_api_enabler":{"subheadline":"Facebook will schlecht informierte Nutzer","featured_image":"https:\/\/images.ifun.de\/wp-content\/uploads\/2020\/12\/apple-facebook-feature.jpg"},"_links":{"self":[{"href":"https:\/\/www.ifun.de\/apiv2\/wp\/v2\/posts\/163910","targetHints":{"allow":["GET"]}}],"collection":[{"href":"https:\/\/www.ifun.de\/apiv2\/wp\/v2\/posts"}],"about":[{"href":"https:\/\/www.ifun.de\/apiv2\/wp\/v2\/types\/post"}],"author":[{"embeddable":true,"href":"https:\/\/www.ifun.de\/apiv2\/wp\/v2\/users\/1"}],"replies":[{"embeddable":true,"href":"https:\/\/www.ifun.de\/apiv2\/wp\/v2\/comments?post=163910"}],"version-history":[{"count":2,"href":"https:\/\/www.ifun.de\/apiv2\/wp\/v2\/posts\/163910\/revisions"}],"predecessor-version":[{"id":163914,"href":"https:\/\/www.ifun.de\/apiv2\/wp\/v2\/posts\/163910\/revisions\/163914"}],"wp:featuredmedia":[{"embeddable":true,"href":"https:\/\/www.ifun.de\/apiv2\/wp\/v2\/media\/163913"}],"wp:attachment":[{"href":"https:\/\/www.ifun.de\/apiv2\/wp\/v2\/media?parent=163910"}],"wp:term":[{"taxonomy":"category","embeddable":true,"href":"https:\/\/www.ifun.de\/apiv2\/wp\/v2\/categories?post=163910"},{"taxonomy":"post_tag","embeddable":true,"href":"https:\/\/www.ifun.de\/apiv2\/wp\/v2\/tags?post=163910"}],"curies":[{"name":"wp","href":"https:\/\/api.w.org\/{rel}","templated":true}]}}