{"id":163721,"date":"2020-12-13T09:35:33","date_gmt":"2020-12-13T08:35:33","guid":{"rendered":"https:\/\/www.ifun.de\/?p=163721"},"modified":"2020-12-13T10:25:06","modified_gmt":"2020-12-13T09:25:06","slug":"apple-music-awards-verleihung-und-zweite-staffeln-bei-apple-tv","status":"publish","type":"post","link":"https:\/\/www.ifun.de\/apple-music-awards-verleihung-und-zweite-staffeln-bei-apple-tv-163721\/","title":{"rendered":"&#8222;Apple Music Awards&#8220;-Verleihung und zweite Staffeln bei Apple TV+"},"content":{"rendered":"<p>Im vergangenen Jahr wurden die <a href=\"https:\/\/apple.co\/Awards2020com\">Apple Music Awards<\/a> noch im Rahmen einer gro\u00dfen Show im firmeneigenen Steve Jobs Theater verliehen, dieses Jahr hat Apple die Preisverleihung zwangsl\u00e4ufig zu einem rein digitalen Event gemacht. Mit Taylor Swift sowie den Rappern Lil Baby, Megan Thee Stallion und Roddy Ricch wurden die Preistr\u00e4ger bereits im vergangenen Monat <a href=\"https:\/\/www.ifun.de\/apple-music-awards-apple-wuerdigt-auch-wet-ass-pussy-162590\/\" title=\"Apple Music Awards: Apple w\u00fcrdigt auch \u201eWet-Ass Pussy\u201c\">angek\u00fcndigt<\/a>. Von morgen an sollen Abonnenten von Apple Music nun an den digitalen Feierlichkeiten teilnehmen k\u00f6nnen.<\/p>\n<p><a href=\"https:\/\/images.ifun.de\/wp-content\/uploads\/2020\/12\/apple-music-awards.jpg\"><img loading=\"lazy\" decoding=\"async\" src=\"https:\/\/images.ifun.de\/wp-content\/uploads\/2020\/12\/apple-music-awards-500x500.jpg\" alt=\"Apple Music Awards\" width=\"500\" height=\"500\" class=\"alignnone size-medium wp-image-163730\" srcset=\"https:\/\/images.ifun.de\/wp-content\/uploads\/2020\/12\/apple-music-awards-500x500.jpg 500w, https:\/\/images.ifun.de\/wp-content\/uploads\/2020\/12\/apple-music-awards-700x700.jpg 700w, https:\/\/images.ifun.de\/wp-content\/uploads\/2020\/12\/apple-music-awards-150x150.jpg 150w, https:\/\/images.ifun.de\/wp-content\/uploads\/2020\/12\/apple-music-awards-768x770.jpg 768w, https:\/\/images.ifun.de\/wp-content\/uploads\/2020\/12\/apple-music-awards.jpg 1000w\" sizes=\"auto, (max-width: 500px) 100vw, 500px\" \/><\/a><\/p>\n<p>Apple k\u00fcndigt am 14. Dezember um 9 Uhr beginnend \u201eeine Woche voller Ehrungen\u201c an, in deren Rahmen das Unternehmen seine au\u00dfergew\u00f6hnlichen Troph\u00e4en, die aus denselben mit Lasern geschnittenen Siliziumscheiben bestehen, wie sie f\u00fcr die Herstellung von Apples Mikroprozessoren verwendet werden, zum zweiten Mal verleiht. Apple will damit dem digitalen Charakter der Auszeichnung Ausdruck verleihen &#8211; die Apple Music Awards werden f\u00fcr au\u00dfergew\u00f6hnliche Streaming-Erfolge \u00fcber Apple Music verliehen.<\/p>\n<p>In der Woche vom 14. bis 18. Dezember werden die Preisverleihung selbst und die vier pr\u00e4mierten K\u00fcnstler im Fokus von Apple Music stehen. Apple verspricht den Abonnenten seines Musikdienstes unter anderem intime B\u00fchnenauftritte und einzigartige Interviews mit Taylor Swift, Lil Baby, Megan Thee Stallion und Roddy Ricch.<\/p>\n<p><div class=\"responsive-video\"><iframe loading=\"lazy\" width=\"700\" height=\"371\" src=\"https:\/\/www.youtube-nocookie.com\/embed\/4OLoYssoZF8\" frameborder=\"0\" allowfullscreen><\/iframe><\/div><\/p>\n<h2>Apple TV+: Dickinson und Servant vor der 2. Runde<\/h2>\n<p>Auch Apple TV+ wirbt mit kommenden Programmerweiterungen. Auf Apples Videodienst laufen demn\u00e4chst f\u00fcr mehrere der bereits zum Start des Angebots vor einem Jahr verf\u00fcgbare Eigenproduktionen die zweiten Staffeln an. \u00dcber die Ank\u00fcndigungen der Fortsetzungen f\u00fcr \u201eTed Lasso\u201c und \u201eFor all Mankind\u201c haben wir bereits <a href=\"https:\/\/www.ifun.de\/for-all-mankind-apples-raumfahrtserie-bekommt-eine-3-staffel-163631\/\" title=\"\u201eFor all Mankind\u201c: Apples Raumfahrtserie bekommt eine 3. Staffel\">berichtet<\/a>. Auf YouTube h\u00e4lt Apple nun auch die offiziellen Video-Trailer f\u00fcr die zweiten Staffel von \u201eDickinson\u201c und \u201eServant\u201c bereit.<\/p>\n<p>Die zweite Staffel der Kom\u00f6die\u201eDickinson\u201c startet bereits am 8. Januar auf Apple TV+. Eine Woche sp\u00e4ter l\u00e4uft am 15. Januar dann die zweite Staffel des Dramas \u201eServant\u201c an.<img loading=\"lazy\" decoding=\"async\" src=\"https:\/\/vg04.met.vgwort.de\/na\/7cb321990a49495c835eaa016059512b\" width=\"1\" height=\"1\" no-lazy class=\"tracking\"><\/p>\n<p><div class=\"responsive-video\"><iframe loading=\"lazy\" width=\"700\" height=\"371\" src=\"https:\/\/www.youtube-nocookie.com\/embed\/361Rql5FfCY\" frameborder=\"0\" allowfullscreen><\/iframe><\/div><\/p>\n<p><div class=\"responsive-video\"><iframe loading=\"lazy\" width=\"700\" height=\"371\" src=\"https:\/\/www.youtube-nocookie.com\/embed\/3FGq5rZi1Pc\" frameborder=\"0\" allowfullscreen><\/iframe><\/div><\/p>\n","protected":false},"excerpt":{"rendered":"<a href=\"https:\/\/www.ifun.de\/apple-music-awards-verleihung-und-zweite-staffeln-bei-apple-tv-163721\/\"><img width=\"150\" height=\"150\" src=\"https:\/\/images.ifun.de\/wp-content\/uploads\/2020\/12\/apple-music-awards-150x150.jpg\" class=\"alignright tfe wp-post-image\" alt=\"Apple Music Awards\" decoding=\"async\" loading=\"lazy\" srcset=\"https:\/\/images.ifun.de\/wp-content\/uploads\/2020\/12\/apple-music-awards-150x150.jpg 150w, https:\/\/images.ifun.de\/wp-content\/uploads\/2020\/12\/apple-music-awards-500x500.jpg 500w, https:\/\/images.ifun.de\/wp-content\/uploads\/2020\/12\/apple-music-awards-700x700.jpg 700w, https:\/\/images.ifun.de\/wp-content\/uploads\/2020\/12\/apple-music-awards-768x770.jpg 768w, https:\/\/images.ifun.de\/wp-content\/uploads\/2020\/12\/apple-music-awards.jpg 1000w\" sizes=\"auto, (max-width: 150px) 100vw, 150px\" \/><\/a><p>Im vergangenen Jahr wurden die Apple Music Awards noch im Rahmen einer gro\u00dfen Show im firmeneigenen Steve Jobs Theater verliehen, dieses Jahr hat Apple die Preisverleihung zwangsl\u00e4ufig zu einem rein digitalen Event gemacht. Mit Taylor Swift sowie den Rappern Lil Baby, Megan Thee Stallion und Roddy Ricch wurden die Preistr\u00e4ger bereits im vergangenen Monat angek\u00fcndigt. [&hellip;]<\/p>\n","protected":false},"author":2,"featured_media":163730,"comment_status":"open","ping_status":"closed","sticky":false,"template":"","format":"standard","meta":{"_acf_changed":false,"footnotes":""},"categories":[1],"tags":[2729,4730,26],"class_list":["post-163721","post","type-post","status-publish","format-standard","has-post-thumbnail","hentry","category-news","tag-apple-music","tag-apple-music-awards","tag-apple-tv"],"acf":[],"aioseo_notices":[],"subheadline":["Neue Inhalte f\u00fcr Abonnenten"],"featured_image":["https:\/\/images.ifun.de\/wp-content\/uploads\/2020\/12\/apple-music-awards-feature.jpg"],"rest_api_enabler":{"subheadline":"Neue Inhalte f\u00fcr Abonnenten","featured_image":"https:\/\/images.ifun.de\/wp-content\/uploads\/2020\/12\/apple-music-awards-feature.jpg"},"_links":{"self":[{"href":"https:\/\/www.ifun.de\/apiv2\/wp\/v2\/posts\/163721","targetHints":{"allow":["GET"]}}],"collection":[{"href":"https:\/\/www.ifun.de\/apiv2\/wp\/v2\/posts"}],"about":[{"href":"https:\/\/www.ifun.de\/apiv2\/wp\/v2\/types\/post"}],"author":[{"embeddable":true,"href":"https:\/\/www.ifun.de\/apiv2\/wp\/v2\/users\/2"}],"replies":[{"embeddable":true,"href":"https:\/\/www.ifun.de\/apiv2\/wp\/v2\/comments?post=163721"}],"version-history":[{"count":9,"href":"https:\/\/www.ifun.de\/apiv2\/wp\/v2\/posts\/163721\/revisions"}],"predecessor-version":[{"id":163732,"href":"https:\/\/www.ifun.de\/apiv2\/wp\/v2\/posts\/163721\/revisions\/163732"}],"wp:featuredmedia":[{"embeddable":true,"href":"https:\/\/www.ifun.de\/apiv2\/wp\/v2\/media\/163730"}],"wp:attachment":[{"href":"https:\/\/www.ifun.de\/apiv2\/wp\/v2\/media?parent=163721"}],"wp:term":[{"taxonomy":"category","embeddable":true,"href":"https:\/\/www.ifun.de\/apiv2\/wp\/v2\/categories?post=163721"},{"taxonomy":"post_tag","embeddable":true,"href":"https:\/\/www.ifun.de\/apiv2\/wp\/v2\/tags?post=163721"}],"curies":[{"name":"wp","href":"https:\/\/api.w.org\/{rel}","templated":true}]}}