{"id":163644,"date":"2020-12-10T14:29:31","date_gmt":"2020-12-10T13:29:31","guid":{"rendered":"https:\/\/www.ifun.de\/?p=163644"},"modified":"2020-12-11T14:42:09","modified_gmt":"2020-12-11T13:42:09","slug":"mp3tag-fuer-mac-erste-beta-version-jetzt-verfuegbar","status":"publish","type":"post","link":"https:\/\/www.ifun.de\/mp3tag-fuer-mac-erste-beta-version-jetzt-verfuegbar-163644\/","title":{"rendered":"MP3Tag f\u00fcr Mac: Erste Beta-Version jetzt verf\u00fcgbar"},"content":{"rendered":"<p>Nachdem macOS Catalina die Unterst\u00fctzung sogenannter Wine-Apps <a href=\"https:\/\/forum.winehq.org\/viewtopic.php?t=32590\">gekappt<\/a> hat, lie\u00df sich der eigentlich f\u00fcr Windows-Systeme ausgelegte ID3-Tag-Editor <a href=\"https:\/\/mp3tag.app\/get\/\">MP3Tag<\/a> nicht mehr auf dem Mac einsetzen &#8211; f\u00fcr Entwickler Florian Heidenreich Motivation genug, die Arbeit an einer nativen Mac-App des Klassikers aufzunehmen.<\/p>\n<p><a href=\"https:\/\/images.ifun.de\/wp-content\/uploads\/2020\/12\/mp3tag-settings-1500.jpg\"><img loading=\"lazy\" decoding=\"async\" class=\"aligncenter size-medium wp-image-163645\" src=\"https:\/\/images.ifun.de\/wp-content\/uploads\/2020\/12\/mp3tag-settings-1500-500x338.jpg\" alt=\"Mp3tag Settings 1500\" width=\"500\" height=\"338\" srcset=\"https:\/\/images.ifun.de\/wp-content\/uploads\/2020\/12\/mp3tag-settings-1500-500x338.jpg 500w, https:\/\/images.ifun.de\/wp-content\/uploads\/2020\/12\/mp3tag-settings-1500-700x473.jpg 700w, https:\/\/images.ifun.de\/wp-content\/uploads\/2020\/12\/mp3tag-settings-1500-768x519.jpg 768w, https:\/\/images.ifun.de\/wp-content\/uploads\/2020\/12\/mp3tag-settings-1500.jpg 1424w\" sizes=\"auto, (max-width: 500px) 100vw, 500px\" \/><\/a><\/p>\n<p>Diese ist startete bereits  im Mai in ihre Alpha-Phase und machte schon damals einen viel versprechenden Eindruck. Die App zum Bearbeiten von Audio-Metadaten (das Tool unterst\u00fctzt neben MP3 auch MP4\/M4V, FLAC, OGG, OPUS, AIF und WAV) l\u00e4sst sich sowohl unter macOS Catalina als auch unter macOS Big Sur einsetzen, ist Deutsch lokalisiert und bietet nat\u00fcrlich auch einen Dunkelmodus an.<\/p>\n<p><img loading=\"lazy\" decoding=\"async\" class=\"tracking\" src=\"https:\/\/vg06.met.vgwort.de\/na\/e4502466eee648fbac9ab9839baedc56\" width=\"1\" height=\"1\" \/><\/p>\n<h2>Komplett native Ein-Fenster-App<\/h2>\n<p>In der Ein-Fenster-App lassen sich MP3s sowohl direkt in der Dateiliste bearbeiten, als auch \u00fcber das Tag Panel auf der linken Seite, das zur Massenbearbeitung von Metadaten dient.<\/p>\n<p>Heute hat Entwickler Florian Heidenreich den bislang geschlossenen Kreis der Alphatester  erweitert und den \u00f6ffentlichen Beta-Test der Anwendung gestartet, die sich nun von allen interessierten Anwendern aus dem Netz laden l\u00e4sst. Einzige Voraussetzung: Ihr m\u00fcsst euch in den Newsletter des Entwicklers <a href=\"https:\/\/mp3tag.app\/get\/\">eintragen<\/a>, der euch zum Mac App Store-Start der Anwendung noch mal auf eben jenen hinweisen m\u00f6chte.<\/p>\n<p>MP3Tag f\u00fcr Mac ist eine schlichte aber kraftvolle Anwendung mit umfangreichem Werkzeugkasten und richtet sich an als Tag-Editor an Mac-Anwender, denen <a href=\"https:\/\/www.ifun.de\/mp3-tagger-yate-version-5-0-unterstuetzt-catalina-143300\/\">Yate<\/a> zu \u00fcberladen und <a href=\"https:\/\/bilalh.github.io\/projects\/tagger\/\">Tagger<\/a> zu reduziert ausf\u00e4llt.<\/p>\n<p><a href=\"https:\/\/images.ifun.de\/wp-content\/uploads\/2020\/12\/mp3tag.jpg\"><img loading=\"lazy\" decoding=\"async\" class=\"aligncenter size-large wp-image-163647\" src=\"https:\/\/images.ifun.de\/wp-content\/uploads\/2020\/12\/mp3tag-700x549.jpg\" alt=\"Mp3tag\" width=\"700\" height=\"549\" srcset=\"https:\/\/images.ifun.de\/wp-content\/uploads\/2020\/12\/mp3tag-700x549.jpg 700w, https:\/\/images.ifun.de\/wp-content\/uploads\/2020\/12\/mp3tag-500x392.jpg 500w, https:\/\/images.ifun.de\/wp-content\/uploads\/2020\/12\/mp3tag-768x602.jpg 768w, https:\/\/images.ifun.de\/wp-content\/uploads\/2020\/12\/mp3tag.jpg 1500w\" sizes=\"auto, (max-width: 700px) 100vw, 700px\" \/><\/a><\/p>\n<h3><b>Die aktuelle Feature-Liste: <\/b><\/h3>\n<ul>\n<li>Unterst\u00fctzt macOS Mojave, Catalina und Big Sur und Apple Silicon nativ<\/li>\n<li>Unterst\u00fctzt MP3, MP4\/M4V, FLAC, OGG, OPUS, AIF, MPC, DSF und WAV<\/li>\n<li>Massenbearbeitung von Metadaten \u00fcber das Tag Panel auf der linken Seite<\/li>\n<li>Bearbeitung von Metadaten direkt in der Dateiliste<\/li>\n<li>Bearbeitung von Album-Cover<\/li>\n<li>Umbenennen von Dateien auf Basis der Tags (Konverter &#8222;Tag &#8211; Dateiname&#8220;)<\/li>\n<li>\u00dcbernahme von Metadaten aus dem Dateinamen (Konverter &#8222;Dateiname &#8211; Tag&#8220;)<\/li>\n<li>\u00dcbernahme von Metadaten aus anderen Tags (Konverter &#8222;Tag &#8211; Tag&#8220;)<\/li>\n<li>Zuweisen von Track- und Disc-Nummern \u00fcber einen Assistenten<\/li>\n<li>Schnellaktionen wie \u00c4nderung der Gro\u00df-\/Kleinschreibung und Ersetzen von Text<\/li>\n<li>Aktionengruppen mit mehreren Aktionen wie \u00c4nderung der Gro\u00df-\/Kleinschreibung und Ersetzen von Text<\/li>\n<li>Bearbeitung von erweiterten und benutzerdefinierten Tag Feldern<\/li>\n<li>Import von Metadaten und Album-Cover via MusicBrainz<\/li>\n<li>Benutzerdefinierte Tag Felder im Tag Panel<\/li>\n<li>Benutzerdefinierte Tag Felder in Spalten der Dateiliste<\/li>\n<li>R\u00fcckg\u00e4ngig-Funktion<\/li>\n<li>Dunkelmodus<\/li>\n<li>Deutsche Lokalisierung<\/li>\n<\/ul>\n<h2>Preisfrage noch ungekl\u00e4rt<\/h2>\n<p>Auf R\u00fcckfrage von ifun.de, mit welchen Kosten interessierte Nutzer zum Release der App zu rechnen haben, will sich Heidenreich noch nicht festlegen. Fest steht, dass <a href=\"https:\/\/mp3tag.app\/get\/\">MP3Tag<\/a> \u00fcber den Mac App Store erh\u00e4ltlich sein wird. Eine Einmalkauf ist zudem deutlich wahrscheinlicher als die derzeit so popul\u00e4ren Abo-Modelle. Bis zur finalen Freigabe der Version 1.0 l\u00e4sst sich die jetzt verf\u00fcgbare Beta jedenfalls komplett kostenlos einsetzen und dabei auf Herz und Nieren pr\u00fcfen.<\/p>\n<p><h8>Mit Dank an Thomas!<\/h8><\/p>\n","protected":false},"excerpt":{"rendered":"<a href=\"https:\/\/www.ifun.de\/mp3tag-fuer-mac-erste-beta-version-jetzt-verfuegbar-163644\/\"><img width=\"150\" height=\"150\" src=\"https:\/\/images.ifun.de\/wp-content\/uploads\/2020\/12\/mp3tag-150x150.jpg\" class=\"alignright tfe wp-post-image\" alt=\"Mp3tag\" decoding=\"async\" loading=\"lazy\" \/><\/a><p>Nachdem macOS Catalina die Unterst\u00fctzung sogenannter Wine-Apps gekappt hat, lie\u00df sich der eigentlich f\u00fcr Windows-Systeme ausgelegte ID3-Tag-Editor MP3Tag nicht mehr auf dem Mac einsetzen &#8211; f\u00fcr Entwickler Florian Heidenreich Motivation genug, die Arbeit an einer nativen Mac-App des Klassikers aufzunehmen. Diese ist startete bereits im Mai in ihre Alpha-Phase und machte schon damals einen viel [&hellip;]<\/p>\n","protected":false},"author":1,"featured_media":163647,"comment_status":"open","ping_status":"closed","sticky":false,"template":"","format":"standard","meta":{"_acf_changed":false,"footnotes":""},"categories":[5,1783],"tags":[4737,4738,859,6321,457,6324],"class_list":["post-163644","post","type-post","status-publish","format-standard","has-post-thumbnail","hentry","category-apps","category-feature","tag-apps","tag-entwickler","tag-id3","tag-mac","tag-mp3","tag-windows"],"acf":[],"aioseo_notices":[],"featured_image":["https:\/\/images.ifun.de\/wp-content\/uploads\/2020\/12\/mp3tag-feature.jpg"],"subheadline":["Neuer ID3-Tag-Editor"],"rest_api_enabler":{"featured_image":"https:\/\/images.ifun.de\/wp-content\/uploads\/2020\/12\/mp3tag-feature.jpg","subheadline":"Neuer ID3-Tag-Editor"},"_links":{"self":[{"href":"https:\/\/www.ifun.de\/apiv2\/wp\/v2\/posts\/163644","targetHints":{"allow":["GET"]}}],"collection":[{"href":"https:\/\/www.ifun.de\/apiv2\/wp\/v2\/posts"}],"about":[{"href":"https:\/\/www.ifun.de\/apiv2\/wp\/v2\/types\/post"}],"author":[{"embeddable":true,"href":"https:\/\/www.ifun.de\/apiv2\/wp\/v2\/users\/1"}],"replies":[{"embeddable":true,"href":"https:\/\/www.ifun.de\/apiv2\/wp\/v2\/comments?post=163644"}],"version-history":[{"count":3,"href":"https:\/\/www.ifun.de\/apiv2\/wp\/v2\/posts\/163644\/revisions"}],"predecessor-version":[{"id":163650,"href":"https:\/\/www.ifun.de\/apiv2\/wp\/v2\/posts\/163644\/revisions\/163650"}],"wp:featuredmedia":[{"embeddable":true,"href":"https:\/\/www.ifun.de\/apiv2\/wp\/v2\/media\/163647"}],"wp:attachment":[{"href":"https:\/\/www.ifun.de\/apiv2\/wp\/v2\/media?parent=163644"}],"wp:term":[{"taxonomy":"category","embeddable":true,"href":"https:\/\/www.ifun.de\/apiv2\/wp\/v2\/categories?post=163644"},{"taxonomy":"post_tag","embeddable":true,"href":"https:\/\/www.ifun.de\/apiv2\/wp\/v2\/tags?post=163644"}],"curies":[{"name":"wp","href":"https:\/\/api.w.org\/{rel}","templated":true}]}}