{"id":163437,"date":"2020-12-08T08:19:10","date_gmt":"2020-12-08T07:19:10","guid":{"rendered":"https:\/\/www.ifun.de\/?p=163437"},"modified":"2020-12-08T08:19:10","modified_gmt":"2020-12-08T07:19:10","slug":"last-minute-geruechte-sehen-airpods-studio-im-anmarsch","status":"publish","type":"post","link":"https:\/\/www.ifun.de\/last-minute-geruechte-sehen-airpods-studio-im-anmarsch-163437\/","title":{"rendered":"Last-Minute-Ger\u00fcchte sehen AirPods Studio im Anmarsch"},"content":{"rendered":"<p>Sehen wir heute noch neue Apple-Hardware? Im Anschluss an die Debatte \u201e<a href=\"https:\/\/www.ifun.de\/apple-leaker-sieht-morgen-neues-neues-apple-tv-4k-kommen-163427\/\" title=\"Apple-Leaker sieht morgen neues neues Apple TV 4K kommen\">Apple TV oder nicht?<\/a>\u201c sehen neue Spekulationen eine Vorstellung von Apples lange erwarteten <a href=\"https:\/\/www.ifun.de\/airpods-pro-so-sehen-apples-neue-studio-kopfhoerer-aus-159566\/\" title=\"AirPods Studio\">AirPods-Studio-Kopfh\u00f6rern<\/a> am heutigen Nachmittag kommen. Auf die \u201emit der Angelegenheit vertrauten Quellen\u201c der Webseite <a href=\"https:\/\/appletrack.org\/exclusive-apple-plans-imminent-launch-of-new-high-end-headphones\/\">AppleTrack<\/a> sollte man vielleicht nicht all zu viel geben, doch \u00e4u\u00dfert sich auch der f\u00fcr seine guten Beziehungen zu Apple bekannte Autor Mark Gurman in dieser Richtung.<\/p>\n<blockquote class=\"twitter-tweet\">\n<p lang=\"en\" dir=\"ltr\">Some reading on our stories about the long-in-development Apple headphones April: <a href=\"https:\/\/t.co\/IN5Yy7aDGI\">https:\/\/t.co\/IN5Yy7aDGI<\/a> and in October <a href=\"https:\/\/t.co\/cONNugsahk\">https:\/\/t.co\/cONNugsahk<\/a> \u201cApple is still planning to announce high-end, noise-canceling over-ear headphones.\u201d<\/p>\n<p>&mdash; Mark Gurman (@markgurman) <a href=\"https:\/\/twitter.com\/markgurman\/status\/1336078416597041152?ref_src=twsrc%5Etfw\">December 7, 2020<\/a><\/p><\/blockquote>\n<p> <script async src=\"https:\/\/platform.twitter.com\/widgets.js\" charset=\"utf-8\"><\/script><\/p>\n<p>Es d\u00fcrfte kaum ein Zufall sein, dass Gurman ausgerechnet jetzt auf seine im April und Oktober ver\u00f6ffentlichten Artikel zu den Apple-Kopfh\u00f6rern \u201eAirPods Studio\u201c hinweist und den Satz <b>\u201eApple plant nach wie vor die Ank\u00fcndigung von hochwertigen, ger\u00e4uschunterdr\u00fcckenden \u00dcber-Ohr-Kopfh\u00f6rern\u201c<\/b> derart hervorhebt. Der Verkauf von On- oder Over-Ear-Kopfh\u00f6rern vor Weihnachten w\u00fcrde dann zumindest auch den in der vergangenen Woche ver\u00f6ffentlichten Kommentar \u201e<a href=\"https:\/\/www.iphone-ticker.de\/apple-hinweis-an-servicepartner-deutet-auf-neue-hardware-am-dienstag-hin-166957\/\">Winter exclusive, good for winter<\/a>\u201c ein St\u00fcck weit nachvollziehbar machen.<\/p>\n<p>Die Vorstellung von vollwertigen Apple-Kopfh\u00f6rern ist mittlerweile seit Jahren im Gespr\u00e4ch. Apple besitzt zwar seit einiger Zeit die Marke Beats, macht seiner Tochter aber bereits im Ohrh\u00f6rer-Segment schon ordentlich Konkurrenz. Das Angebot eigener High-End-Kopfh\u00f6rer w\u00e4re durchaus kein Widerspruch zum bestehenden Beats-Portfolio, zumal sich die Zielgruppe auch nur ansatzweise \u00fcberschneiden d\u00fcrfte.<\/p>\n<p>Apples AirPods Studio sollen als Profi-Kopfh\u00f6rer auf zahlungskr\u00e4ftige Kunden speziell auch im Audiobereich zielen. Es wird erwartet, dass die Premium-Kopfh\u00f6rer aus hochwertigen Materialien gefertigt sind, \u00fcber USB-C geladen werden und sich drahtlos mit Endger\u00e4ten verbinden. Ger\u00fcchten zufolge will Apple die Kopfh\u00f6rer in zwei Varianten auf den Markt bringen. Die Top-Version soll demnach 599 Dollar kosten, zudem sei eine kleinere, sportlichere Variante f\u00fcr 350 Dollar geplant.<img loading=\"lazy\" decoding=\"async\" src=\"https:\/\/vg04.met.vgwort.de\/na\/b182a5613f3a4d0f9399a07c3c2ad727\" width=\"1\" height=\"1\" class=\"tracking\"><\/p>\n<p><h8>Titelbild: Jon Prosser<\/h8><\/p>\n","protected":false},"excerpt":{"rendered":"<a href=\"https:\/\/www.ifun.de\/last-minute-geruechte-sehen-airpods-studio-im-anmarsch-163437\/\"><img decoding=\"async\" width=\"150\" src=\"https:\/\/vg04.met.vgwort.de\/na\/b182a5613f3a4d0f9399a07c3c2ad727\" class=\"alignright wp-post-image tfe\" alt=\"\" title=\"\" \/><\/a><p>Sehen wir heute noch neue Apple-Hardware? Im Anschluss an die Debatte \u201eApple TV oder nicht?\u201c sehen neue Spekulationen eine Vorstellung von Apples lange erwarteten AirPods-Studio-Kopfh\u00f6rern am heutigen Nachmittag kommen. Auf die \u201emit der Angelegenheit vertrauten Quellen\u201c der Webseite AppleTrack sollte man vielleicht nicht all zu viel geben, doch \u00e4u\u00dfert sich auch der f\u00fcr seine guten [&hellip;]<\/p>\n","protected":false},"author":2,"featured_media":0,"comment_status":"open","ping_status":"closed","sticky":false,"template":"","format":"standard","meta":{"_acf_changed":false,"footnotes":""},"categories":[3],"tags":[5181,4736],"class_list":["post-163437","post","type-post","status-publish","format-standard","hentry","category-apple","tag-airpods-studio","tag-apple"],"acf":[],"aioseo_notices":[],"subheadline":["Apple-Kopfh\u00f6rer vor Weihnachten?"],"featured_image":["https:\/\/images.ifun.de\/wp-content\/uploads\/2020\/09\/airpods-pro.jpg"],"rest_api_enabler":{"subheadline":"Apple-Kopfh\u00f6rer vor Weihnachten?","featured_image":"https:\/\/images.ifun.de\/wp-content\/uploads\/2020\/09\/airpods-pro.jpg"},"_links":{"self":[{"href":"https:\/\/www.ifun.de\/apiv2\/wp\/v2\/posts\/163437","targetHints":{"allow":["GET"]}}],"collection":[{"href":"https:\/\/www.ifun.de\/apiv2\/wp\/v2\/posts"}],"about":[{"href":"https:\/\/www.ifun.de\/apiv2\/wp\/v2\/types\/post"}],"author":[{"embeddable":true,"href":"https:\/\/www.ifun.de\/apiv2\/wp\/v2\/users\/2"}],"replies":[{"embeddable":true,"href":"https:\/\/www.ifun.de\/apiv2\/wp\/v2\/comments?post=163437"}],"version-history":[{"count":6,"href":"https:\/\/www.ifun.de\/apiv2\/wp\/v2\/posts\/163437\/revisions"}],"predecessor-version":[{"id":163443,"href":"https:\/\/www.ifun.de\/apiv2\/wp\/v2\/posts\/163437\/revisions\/163443"}],"wp:attachment":[{"href":"https:\/\/www.ifun.de\/apiv2\/wp\/v2\/media?parent=163437"}],"wp:term":[{"taxonomy":"category","embeddable":true,"href":"https:\/\/www.ifun.de\/apiv2\/wp\/v2\/categories?post=163437"},{"taxonomy":"post_tag","embeddable":true,"href":"https:\/\/www.ifun.de\/apiv2\/wp\/v2\/tags?post=163437"}],"curies":[{"name":"wp","href":"https:\/\/api.w.org\/{rel}","templated":true}]}}