{"id":162447,"date":"2020-11-17T09:38:05","date_gmt":"2020-11-17T08:38:05","guid":{"rendered":"https:\/\/www.ifun.de\/?p=162447"},"modified":"2020-11-17T11:23:10","modified_gmt":"2020-11-17T10:23:10","slug":"neue-m1-macs-zustellung-und-erste-video-streams-laufen","status":"publish","type":"post","link":"https:\/\/www.ifun.de\/neue-m1-macs-zustellung-und-erste-video-streams-laufen-162447\/","title":{"rendered":"Neue M1-Macs: Zustellung und erste Video-Streams laufen"},"content":{"rendered":"<p>Fr\u00fche Besteller erhalten heute auch in Deutschland die ersten MacBook-Modelle mit Apples Prozessoren. Deren beginnende Auslieferung hat Apple bereits gestern angek\u00fcndigt und die K\u00e4ufer der ersten Stunde inzwischen mit Tracking-Nummern der zustellenden Paket-Dienstleister versorgt.<\/p>\n<p><a href=\"https:\/\/images.ifun.de\/wp-content\/uploads\/2020\/11\/macbook-air-lieferungen.jpg\"><img loading=\"lazy\" decoding=\"async\" class=\"aligncenter size-medium wp-image-162448\" src=\"https:\/\/images.ifun.de\/wp-content\/uploads\/2020\/11\/macbook-air-lieferungen-500x457.jpg\" alt=\"Macbook Air Lieferungen\" width=\"500\" height=\"457\" srcset=\"https:\/\/images.ifun.de\/wp-content\/uploads\/2020\/11\/macbook-air-lieferungen-500x457.jpg 500w, https:\/\/images.ifun.de\/wp-content\/uploads\/2020\/11\/macbook-air-lieferungen-700x640.jpg 700w, https:\/\/images.ifun.de\/wp-content\/uploads\/2020\/11\/macbook-air-lieferungen-768x703.jpg 768w, https:\/\/images.ifun.de\/wp-content\/uploads\/2020\/11\/macbook-air-lieferungen-1536x1405.jpg 1536w, https:\/\/images.ifun.de\/wp-content\/uploads\/2020\/11\/macbook-air-lieferungen.jpg 1642w\" sizes=\"auto, (max-width: 500px) 100vw, 500px\" \/><\/a><\/p>\n<p>Hierzulande scheint UPS einen \u00fcberwiegenden Anteil der neuen Macs auszuliefern. Zur ersten Welle der Rechner, die nicht mehr mit Intel-Chips sondern mit Apples eigenen M1-Prozessoren ausgeliefert werden, geh\u00f6ren das MacBook Air, das MacBook Pro in der 13-Zoll-Variante und der neue Mac mini.<\/p>\n<p>Alle drei Modelle konnten vor genau einer Woche vorbestellt werden und werden ab heute nicht nur bei den ersten Kunden eintreffen, sondern auch in ausgew\u00e4hlten Apple Stores und bei autorisierten Apple-H\u00e4ndlern erh\u00e4ltlich sein.<\/p>\n<p>Das neue MacBook Air mit Apples M1-Prozessor ist ab 1.100,50 Euro erh\u00e4ltlich, f\u00fcr das neuen 13-Zoll MacBook Pro werden mindestens 1.412,45 Euro f\u00e4llig. Der neue Mac mini wird ab 778,85 Euro \u00fcber den Tresen gereicht.<\/p>\n<h2>YouTuber in Australien streamen bereits<\/h2>\n<p>W\u00e4hrend die meisten Besteller in Deutschland derzeit noch auf die Auslieferung waren d\u00fcrften, sind anderswo bereits die Paket mit den neuen M1-Maschinen aufgeschlagen.<\/p>\n<p>Beliefert wurden etwa schon die ersten Australier. Von hier aus sendet auch der YouTube-Kanal &#8222;<a href=\"https:\/\/www.youtube.com\/channel\/UCNW4vHCw74pQq-IPoAmN6_w\">Heads of Technology<\/a>&#8222;, der sich den neuen Modelle im Live-Stream widmet und nach den <a href=\"https:\/\/www.youtube.com\/watch?v=QcXfDk2PISU\">ersten vier Stunden<\/a>, ab 10:00 Uhr deutscher Zeit erneut ins Netz senden wird. Gerade m\u00fcssen nur die Akkus der Kameras aufgeladen werden. Dann <a href=\"https:\/\/www.youtube.com\/watch?v=5NhRMu4JPOA\">geht es hier weiter<\/a>.<\/p>\n<p>Im ersten Stream haben die YouTuber die neuen Rechner bereits ausgepackt, kurz eingerichtet und einen groben Performance-\u00dcberblick gegeben. Alles nichts weltbewegendes, aber eine nette Hintergrundberieselung f\u00fcr die Wartezeit auf den eigenen Zusteller, der hoffentlich schon zu euch unterwegs ist.<\/p>\n<p><div class=\"responsive-video\"><iframe loading=\"lazy\" src=\"https:\/\/www.youtube-nocookie.com\/embed\/QcXfDk2PISU\" width=\"700\" height=\"371\" frameborder=\"0\" allowfullscreen=\"allowfullscreen\"><\/iframe><\/div><\/p>\n<p>Mit Dank an Markus!<\/p>\n<p><img loading=\"lazy\" decoding=\"async\" class=\"tracking\" src=\"https:\/\/vg06.met.vgwort.de\/na\/352c1f45b23142f5810d7f529c9d1efa\" width=\"1\" height=\"1\" \/><\/p>\n","protected":false},"excerpt":{"rendered":"<a href=\"https:\/\/www.ifun.de\/neue-m1-macs-zustellung-und-erste-video-streams-laufen-162447\/\"><img width=\"150\" height=\"150\" src=\"https:\/\/images.ifun.de\/wp-content\/uploads\/2020\/11\/macbook-air-feature-150x150.jpg\" class=\"alignright tfe wp-post-image\" alt=\"Macbook Air Feature\" decoding=\"async\" loading=\"lazy\" \/><\/a><p>Fr\u00fche Besteller erhalten heute auch in Deutschland die ersten MacBook-Modelle mit Apples Prozessoren. Deren beginnende Auslieferung hat Apple bereits gestern angek\u00fcndigt und die K\u00e4ufer der ersten Stunde inzwischen mit Tracking-Nummern der zustellenden Paket-Dienstleister versorgt. Hierzulande scheint UPS einen \u00fcberwiegenden Anteil der neuen Macs auszuliefern. Zur ersten Welle der Rechner, die nicht mehr mit Intel-Chips sondern [&hellip;]<\/p>\n","protected":false},"author":1,"featured_media":162459,"comment_status":"closed","ping_status":"closed","sticky":false,"template":"","format":"standard","meta":{"_acf_changed":false,"footnotes":""},"categories":[1,20],"tags":[5141,4968,31],"class_list":["post-162447","post","type-post","status-publish","format-standard","has-post-thumbnail","hentry","category-news","category-videos","tag-apple-m1","tag-apple-prozessoren","tag-video"],"acf":[],"aioseo_notices":[],"featured_image":["https:\/\/images.ifun.de\/wp-content\/uploads\/2020\/11\/macbook-air-feature.jpg"],"subheadline":["YouTuber in Australien packen schon aus"],"rest_api_enabler":{"featured_image":"https:\/\/images.ifun.de\/wp-content\/uploads\/2020\/11\/macbook-air-feature.jpg","subheadline":"YouTuber in Australien packen schon aus"},"_links":{"self":[{"href":"https:\/\/www.ifun.de\/apiv2\/wp\/v2\/posts\/162447","targetHints":{"allow":["GET"]}}],"collection":[{"href":"https:\/\/www.ifun.de\/apiv2\/wp\/v2\/posts"}],"about":[{"href":"https:\/\/www.ifun.de\/apiv2\/wp\/v2\/types\/post"}],"author":[{"embeddable":true,"href":"https:\/\/www.ifun.de\/apiv2\/wp\/v2\/users\/1"}],"replies":[{"embeddable":true,"href":"https:\/\/www.ifun.de\/apiv2\/wp\/v2\/comments?post=162447"}],"version-history":[{"count":5,"href":"https:\/\/www.ifun.de\/apiv2\/wp\/v2\/posts\/162447\/revisions"}],"predecessor-version":[{"id":162460,"href":"https:\/\/www.ifun.de\/apiv2\/wp\/v2\/posts\/162447\/revisions\/162460"}],"wp:featuredmedia":[{"embeddable":true,"href":"https:\/\/www.ifun.de\/apiv2\/wp\/v2\/media\/162459"}],"wp:attachment":[{"href":"https:\/\/www.ifun.de\/apiv2\/wp\/v2\/media?parent=162447"}],"wp:term":[{"taxonomy":"category","embeddable":true,"href":"https:\/\/www.ifun.de\/apiv2\/wp\/v2\/categories?post=162447"},{"taxonomy":"post_tag","embeddable":true,"href":"https:\/\/www.ifun.de\/apiv2\/wp\/v2\/tags?post=162447"}],"curies":[{"name":"wp","href":"https:\/\/api.w.org\/{rel}","templated":true}]}}