{"id":162042,"date":"2020-11-09T17:03:36","date_gmt":"2020-11-09T16:03:36","guid":{"rendered":"https:\/\/www.ifun.de\/?p=162042"},"modified":"2020-11-09T17:07:04","modified_gmt":"2020-11-09T16:07:04","slug":"parallels-16-bringt-voruebergehend-den-fantastical-kalender-mit","status":"publish","type":"post","link":"https:\/\/www.ifun.de\/parallels-16-bringt-voruebergehend-den-fantastical-kalender-mit-162042\/","title":{"rendered":"Parallels 16 bringt vor\u00fcbergehend den Fantastical-Kalender mit"},"content":{"rendered":"<p>Wer das Virtualisierungsprogramm <a href=\"http:\/\/www.anrdoezrs.net\/click-7465401-13625266?url=https%3A%2F%2Fwww.parallels.com%2Fde%2Fpromo-mega-mac-app-bundle%2F\" title=\"Parallels Desktop 14\">Parallels<\/a> ohnehin auf seiner Einkaufsliste hat, kann f\u00fcr begrenzte Zeit eine Jahreslizenz der Kalender-App <a href=\"https:\/\/flexibits.com\/fantastical\">Fantastical<\/a> mitnehmen. Die Parallels-Mutter Corel bietet das Doppelpack gerade in als zeitlich limitiertes <a href=\"http:\/\/www.anrdoezrs.net\/click-7465401-13625266?url=https%3A%2F%2Fwww.parallels.com%2Fde%2Fpromo-mega-mac-app-bundle%2F\" title=\"Parallels Desktop 14\">Bundle-Angebot<\/a> an.<\/p>\n<p><a href=\"https:\/\/images.ifun.de\/wp-content\/uploads\/2020\/08\/parallels-desktop-mac.jpg\"><img loading=\"lazy\" decoding=\"async\" src=\"https:\/\/images.ifun.de\/wp-content\/uploads\/2020\/08\/parallels-desktop-mac-500x292.jpg\" alt=\"Parallels Desktop Mac\" width=\"500\" height=\"292\" class=\"alignnone size-medium wp-image-157934\" srcset=\"https:\/\/images.ifun.de\/wp-content\/uploads\/2020\/08\/parallels-desktop-mac-500x292.jpg 500w, https:\/\/images.ifun.de\/wp-content\/uploads\/2020\/08\/parallels-desktop-mac-700x408.jpg 700w, https:\/\/images.ifun.de\/wp-content\/uploads\/2020\/08\/parallels-desktop-mac-768x448.jpg 768w, https:\/\/images.ifun.de\/wp-content\/uploads\/2020\/08\/parallels-desktop-mac.jpg 1500w\" sizes=\"auto, (max-width: 500px) 100vw, 500px\" \/><\/a><\/p>\n<p>Unterm Strich entspricht das dann einem Preisnachlass von 44 Euro, soviel verlangen die Fantastical-Entwickler pro Jahr f\u00fcr die Verwendung ihrer App. Fantastical war lange Zeit der Klassiker unter den Mac-Kalendern mit Men\u00fcleisten-Integration. Nach dessen Wechsel ins Abo-Modell sind allerdings zahlreiche Nutzer auf Alternativen wie <a href=\"https:\/\/www.mowglii.com\/itsycal\/\" title=\"Itsycal\">Itsycal<\/a> oder <a href=\"https:\/\/nspektor.com\/calendar366\/mac\">Calendar II<\/a> umgestiegen.<\/p>\n<p>Parallels bleibt dagegen beim Preismodelle Einmalkauf f\u00fcr 79,99 Euro, dabei bieten die Entwickler f\u00fcr Bestandskunden auch verg\u00fcnstigte Upgrade-Preise an. Bei der Anwendung d\u00fcrfte es sich um die f\u00fchrende Virtualisierungssoftware f\u00fcr den Mac handeln. Windows bzw. Windows-Programme lassen sich ohne Neustart von der Mac-Oberfl\u00e4che aus einfach in macOS-Anwendungsfenstern \u00f6ffnen. Eine Windows-Lizenz muss man als Nutzer allerdings selbst mitbringen. Parallels stellt lediglich &#8222;virtuelle Maschinen&#8220; bereit, auf denen sich beispielsweise auch andere Versionen von macOS installieren lassen.<\/p>\n<p>Aktuell liegt Parallels in Version 16 vor. Die Anwendung wird im Jahresrhythmus mit Anpassungen und Optimierungen f\u00fcr die neuesten Apple-Betriebssysteme aktualisiert.<\/p>\n","protected":false},"excerpt":{"rendered":"<a href=\"https:\/\/www.ifun.de\/parallels-16-bringt-voruebergehend-den-fantastical-kalender-mit-162042\/\"><img decoding=\"async\" width=\"150\" src=\"https:\/\/images.ifun.de\/wp-content\/uploads\/2020\/08\/parallels-desktop-mac-500x292.jpg\" class=\"alignright wp-post-image tfe\" alt=\"Parallels Desktop Mac\" title=\"\" \/><\/a><p>Wer das Virtualisierungsprogramm Parallels ohnehin auf seiner Einkaufsliste hat, kann f\u00fcr begrenzte Zeit eine Jahreslizenz der Kalender-App Fantastical mitnehmen. Die Parallels-Mutter Corel bietet das Doppelpack gerade in als zeitlich limitiertes Bundle-Angebot an. Unterm Strich entspricht das dann einem Preisnachlass von 44 Euro, soviel verlangen die Fantastical-Entwickler pro Jahr f\u00fcr die Verwendung ihrer App. Fantastical war [&hellip;]<\/p>\n","protected":false},"author":2,"featured_media":0,"comment_status":"open","ping_status":"closed","sticky":false,"template":"","format":"standard","meta":{"_acf_changed":false,"footnotes":""},"categories":[16],"tags":[2265,1241],"class_list":["post-162042","post","type-post","status-publish","format-standard","hentry","category-mac","tag-fantastical","tag-parallels"],"acf":[],"aioseo_notices":[],"subheadline":["Zeitlich begrenztes Bundle-Angebot"],"featured_image":["https:\/\/images.ifun.de\/wp-content\/uploads\/2020\/08\/parallels-destkop-mac-16.jpg"],"rest_api_enabler":{"subheadline":"Zeitlich begrenztes Bundle-Angebot","featured_image":"https:\/\/images.ifun.de\/wp-content\/uploads\/2020\/08\/parallels-destkop-mac-16.jpg"},"_links":{"self":[{"href":"https:\/\/www.ifun.de\/apiv2\/wp\/v2\/posts\/162042","targetHints":{"allow":["GET"]}}],"collection":[{"href":"https:\/\/www.ifun.de\/apiv2\/wp\/v2\/posts"}],"about":[{"href":"https:\/\/www.ifun.de\/apiv2\/wp\/v2\/types\/post"}],"author":[{"embeddable":true,"href":"https:\/\/www.ifun.de\/apiv2\/wp\/v2\/users\/2"}],"replies":[{"embeddable":true,"href":"https:\/\/www.ifun.de\/apiv2\/wp\/v2\/comments?post=162042"}],"version-history":[{"count":9,"href":"https:\/\/www.ifun.de\/apiv2\/wp\/v2\/posts\/162042\/revisions"}],"predecessor-version":[{"id":162051,"href":"https:\/\/www.ifun.de\/apiv2\/wp\/v2\/posts\/162042\/revisions\/162051"}],"wp:attachment":[{"href":"https:\/\/www.ifun.de\/apiv2\/wp\/v2\/media?parent=162042"}],"wp:term":[{"taxonomy":"category","embeddable":true,"href":"https:\/\/www.ifun.de\/apiv2\/wp\/v2\/categories?post=162042"},{"taxonomy":"post_tag","embeddable":true,"href":"https:\/\/www.ifun.de\/apiv2\/wp\/v2\/tags?post=162042"}],"curies":[{"name":"wp","href":"https:\/\/api.w.org\/{rel}","templated":true}]}}