{"id":161753,"date":"2020-11-03T12:01:09","date_gmt":"2020-11-03T11:01:09","guid":{"rendered":"https:\/\/www.ifun.de\/?p=161753"},"modified":"2020-11-03T12:01:40","modified_gmt":"2020-11-03T11:01:40","slug":"apples-november-event-neuer-mac-app-store-testflight-ar-animationen","status":"publish","type":"post","link":"https:\/\/www.ifun.de\/apples-november-event-neuer-mac-app-store-testflight-ar-animationen-161753\/","title":{"rendered":"Apples November-Event: Neuer Mac App Store, Testflight, AR-Animationen"},"content":{"rendered":"<p>Um die Anzahl der Tage bis zur Vorstellung der ersten Macs mit Apple-Prozessoren im Blick zu behalten, k\u00f6nnt ihr euch im Laufe der kommenden Woche das Widget der <a rel=\"noindex, nofollow\" href=\"http:\/\/www.ifun.de\/app\/939368917\">Days-Applikation<\/a> auf die Home-Bildschirme von iPhone und iPad ablegen.<\/p>\n<blockquote class=\"twitter-tweet\">\n<p lang=\"en\" dir=\"ltr\">One More Thing. November 10. <a href=\"https:\/\/t.co\/MTmR55UExL\">pic.twitter.com\/MTmR55UExL<\/a><\/p>\n<p>&mdash; Greg Joswiak (@gregjoz) <a href=\"https:\/\/twitter.com\/gregjoz\/status\/1323341267225341952?ref_src=twsrc%5Etfw\">November 2, 2020<\/a><\/p><\/blockquote>\n<p> <script async src=\"https:\/\/platform.twitter.com\/widgets.js\" charset=\"utf-8\"><\/script><\/p>\n<p>Dieses z\u00e4hlt die noch verbleibenden Tage bis zur Veranstaltung r\u00fcckw\u00e4rts und erinnert euch in der kommenden Woche daran, gegen 19:00 Uhr deutscher Zeit beim <a href=\"https:\/\/www.youtube.com\/user\/Apple\/videos\">offiziellen YouTube-Kanal<\/a> des Unternehmens vorbeizuschauen.<\/p>\n<h2>Video-Platzhalter auf YouTube<\/h2>\n<p>Hier steht bereits ein <a href=\"https:\/\/www.youtube.com\/watch?v=5AwdkGKmZ0I\">Platzhalter-Video<\/a> zur Verf\u00fcgung, das einen alternativen Stream zur Video-Pr\u00e4sentation auf apple.com zur Verf\u00fcgung stellen wird.<\/p>\n<p><div class=\"responsive-video\"><iframe loading=\"lazy\" width=\"700\" height=\"371\" src=\"https:\/\/www.youtube-nocookie.com\/embed\/5AwdkGKmZ0I\" frameborder=\"0\" allowfullscreen><\/iframe><\/div><\/p>\n<p>Allerdings k\u00f6nnten euch die ersten Kommentare bei Twitter hier schon Inhalte vorwegnehmen, die ihr auf eurem Monitor noch gar nicht gesehen habt. W\u00e4hrend der letzten Veranstaltung lag das \u00fcber Safari bereitgestellte Video inhaltlich stets ein paar Sekunden in F\u00fchrung vor der YouTube-Kopie.<\/p>\n<h2>AR-Animationen<\/h2>\n<p>Ist das Widget eingestellt und die Video-Adresse notiert, k\u00f6nnt ihr die Augmented-Reality-Animation, die Apple auf der offiziellen Event-Seite ver\u00f6ffentlicht hat, genauer unter die Lupe nehmen. Diese klappt ein Apple Logo wie einen MacBook-Deckel auf und l\u00e4dt einmal mehr zum Gr\u00fcbeln ein, welche Botschaft Apple zwischen dem farbigen Lichteffekten wohl versteckt haben k\u00f6nnte.<br \/>\n<center><\/p>\n<blockquote class=\"twitter-tweet\">\n<p lang=\"en\" dir=\"ltr\">These are consistently my favorite things leading up to an <a href=\"https:\/\/twitter.com\/hashtag\/AppleEvent?src=hash&amp;ref_src=twsrc%5Etfw\">#AppleEvent<\/a>. (Bookmark this tweet for the inevitable branded hashtag emoji and Like animation.) <a href=\"https:\/\/t.co\/IEOej722M5\">pic.twitter.com\/IEOej722M5<\/a><\/p>\n<p>&mdash; elvey (@elvenage) <a href=\"https:\/\/twitter.com\/elvenage\/status\/1323463410290479104?ref_src=twsrc%5Etfw\">November 3, 2020<\/a><\/p><\/blockquote>\n<p> <script async src=\"https:\/\/platform.twitter.com\/widgets.js\" charset=\"utf-8\"><\/script><br \/>\n<\/center><\/p>\n<h2>Neuer Mac App Store und TestFlight f\u00fcr den Mac<\/h2>\n<p>Aus technischer Perspektive betrachtet d\u00fcrfte die bevorstehende November-Veranstaltung das spannendste der drei Apple-Events in diesem Herbst werden. Ger\u00fcchtweise sollen Apples neue Prozessoren so kraftvoll (und gleichzeitig energiesparend) sein, dass die erwarteten Performance-Steigerungen mit deutlich l\u00e4ngeren Akku-Laufzeiten einhergehen d\u00fcrften.<\/p>\n<p>Erwartet wird dass Apple <a href=\"https:\/\/www.ifun.de\/bericht-neues-macbook-air-und-neue-pros-am-dienstag-161733\/\">drei neue MacBooks pr\u00e4sentiert<\/a>. Ein neues 13 Zoll MacBook Air und zwei MacBook Pro Varianten mit 13 und 16 Zoll. Zudem soll Apple im Rahmen der Veranstaltung ausf\u00fchrlich auf den neuen Mac App Store eingehen und die Testumgebung <a href=\"https:\/\/developer.apple.com\/testflight\/\">TestFlight<\/a> auf den Mac ausweiten.<br \/>\n<center><\/p>\n<blockquote class=\"twitter-tweet\">\n<p lang=\"en\" dir=\"ltr\">November 10th &#x1f609; <a href=\"https:\/\/t.co\/QQYiNs8sXe\">https:\/\/t.co\/QQYiNs8sXe<\/a><\/p>\n<p>&mdash; The Verifer (@theverifer) <a href=\"https:\/\/twitter.com\/theverifer\/status\/1323382573406572544?ref_src=twsrc%5Etfw\">November 2, 2020<\/a><\/p><\/blockquote>\n<p> <script async src=\"https:\/\/platform.twitter.com\/widgets.js\" charset=\"utf-8\"><\/script><br \/>\n<\/center><br \/>\n<img loading=\"lazy\" decoding=\"async\" src=\"https:\/\/vg09.met.vgwort.de\/na\/526a9c7145734c1eb039e37b8695ea31\" width=\"1\" height=\"1\" class=\"tracking\"><\/p>\n","protected":false},"excerpt":{"rendered":"<a href=\"https:\/\/www.ifun.de\/apples-november-event-neuer-mac-app-store-testflight-ar-animationen-161753\/\"><img width=\"150\" height=\"150\" src=\"https:\/\/images.ifun.de\/wp-content\/uploads\/2020\/11\/apple-event-feature-150x150.jpg\" class=\"alignright tfe wp-post-image\" alt=\"Apple Event Feature\" decoding=\"async\" loading=\"lazy\" \/><\/a><p>Um die Anzahl der Tage bis zur Vorstellung der ersten Macs mit Apple-Prozessoren im Blick zu behalten, k\u00f6nnt ihr euch im Laufe der kommenden Woche das Widget der Days-Applikation auf die Home-Bildschirme von iPhone und iPad ablegen. One More Thing. November 10. pic.twitter.com\/MTmR55UExL &mdash; Greg Joswiak (@gregjoz) November 2, 2020 Dieses z\u00e4hlt die noch verbleibenden [&hellip;]<\/p>\n","protected":false},"author":1,"featured_media":161754,"comment_status":"open","ping_status":"closed","sticky":false,"template":"","format":"standard","meta":{"_acf_changed":false,"footnotes":""},"categories":[20],"tags":[4736,4968,288,6322,1434],"class_list":["post-161753","post","type-post","status-publish","format-standard","has-post-thumbnail","hentry","category-videos","tag-apple","tag-apple-prozessoren","tag-event","tag-rumors","tag-widget"],"acf":[],"aioseo_notices":[],"featured_image":["https:\/\/images.ifun.de\/wp-content\/uploads\/2020\/11\/apple-event-feature.jpg"],"subheadline":["Sieben Tage bis zu Stream"],"rest_api_enabler":{"featured_image":"https:\/\/images.ifun.de\/wp-content\/uploads\/2020\/11\/apple-event-feature.jpg","subheadline":"Sieben Tage bis zu Stream"},"_links":{"self":[{"href":"https:\/\/www.ifun.de\/apiv2\/wp\/v2\/posts\/161753","targetHints":{"allow":["GET"]}}],"collection":[{"href":"https:\/\/www.ifun.de\/apiv2\/wp\/v2\/posts"}],"about":[{"href":"https:\/\/www.ifun.de\/apiv2\/wp\/v2\/types\/post"}],"author":[{"embeddable":true,"href":"https:\/\/www.ifun.de\/apiv2\/wp\/v2\/users\/1"}],"replies":[{"embeddable":true,"href":"https:\/\/www.ifun.de\/apiv2\/wp\/v2\/comments?post=161753"}],"version-history":[{"count":2,"href":"https:\/\/www.ifun.de\/apiv2\/wp\/v2\/posts\/161753\/revisions"}],"predecessor-version":[{"id":161756,"href":"https:\/\/www.ifun.de\/apiv2\/wp\/v2\/posts\/161753\/revisions\/161756"}],"wp:featuredmedia":[{"embeddable":true,"href":"https:\/\/www.ifun.de\/apiv2\/wp\/v2\/media\/161754"}],"wp:attachment":[{"href":"https:\/\/www.ifun.de\/apiv2\/wp\/v2\/media?parent=161753"}],"wp:term":[{"taxonomy":"category","embeddable":true,"href":"https:\/\/www.ifun.de\/apiv2\/wp\/v2\/categories?post=161753"},{"taxonomy":"post_tag","embeddable":true,"href":"https:\/\/www.ifun.de\/apiv2\/wp\/v2\/tags?post=161753"}],"curies":[{"name":"wp","href":"https:\/\/api.w.org\/{rel}","templated":true}]}}