{"id":161733,"date":"2020-11-03T07:25:57","date_gmt":"2020-11-03T06:25:57","guid":{"rendered":"https:\/\/www.ifun.de\/?p=161733"},"modified":"2020-11-04T21:16:36","modified_gmt":"2020-11-04T20:16:36","slug":"bericht-neues-macbook-air-und-neue-pros-am-dienstag","status":"publish","type":"post","link":"https:\/\/www.ifun.de\/bericht-neues-macbook-air-und-neue-pros-am-dienstag-161733\/","title":{"rendered":"Bericht: Neues MacBook Air und neue Pros am Dienstag"},"content":{"rendered":"<p>Zum <a href=\"https:\/\/www.ifun.de\/am-10-november-apples-mac-event-hat-einen-termin-161724\/\">dritten Apple-Event<\/a> in diesem Herbst beziehungsweisen der dritten Freigabe einer vorproduzierten, unterhaltsamen Dauerwerbesendung aus Cupertino, erwarten Branchenbeobachter die Vorstellung mehrerer tragbarer Macs mit Apple-Prozessoren.<\/p>\n<blockquote class=\"twitter-tweet\">\n<p lang=\"en\" dir=\"ltr\">What I\u2019m watching for with Apple Silicon Macs: if they will offer multiple processor speed, graphics chips, and RAM options like they do with Intel Macs \u2014 or if it will be all standardized like iPhones and iPads. I\u2019d guess CPU and GPU won\u2019t be customizable, but perhaps RAM will.<\/p>\n<p>&mdash; Mark Gurman (@markgurman) <a href=\"https:\/\/twitter.com\/markgurman\/status\/1323436094214479873?ref_src=twsrc%5Etfw\">November 3, 2020<\/a><\/p><\/blockquote>\n<p> <script async src=\"https:\/\/platform.twitter.com\/widgets.js\" charset=\"utf-8\"><\/script><\/p>\n<p>Spezifisch wird diesbez\u00fcglich die Wirtschaftsnachrichten-Agentur Bloomberg, die sich auf drei neue Modelle festlegt, die Apple heute in einer Woche vorstellen und sukzessive wohl noch im November auch zur Vorbestellung anbieten d\u00fcrfte.<\/p>\n<p>Unter Berufung auf mit der Angelegenheit vertraute Quellen, meldet der Bloomberg-Reporter Mark Gurman jetzt, dass Apple die Massenproduktion drei neuer Laptops bei den Zulieferern beauftragt hat. Zu diesem sollen geh\u00f6ren:<\/p>\n<ul>\n<li>Ein neues 13-Zoll MacBook Pro mit Apple-Prozessor<\/li>\n<li>Ein neues 16-Zoll MacBook Pro mit Apple-Prozessor<\/li>\n<li>Ein neues 13-Zoll MacBook Air mit Apple-Prozessor<\/li>\n<\/ul>\n<p>Gurman greift f\u00fcr seine Prognosen auf Informationen aus Kreisen der Fertigungskette zur\u00fcck, was die Vorhersagen entsprechend treffsicher machen d\u00fcrfte.<\/p>\n<h2>Ohne sichtbare Design-Ver\u00e4nderungen<\/h2>\n<p>Was viele Anwender allerdings entt\u00e4uschen d\u00fcrfte ist die Ansage der Wirtschaftsnachrichten-Agentur, dass sich die neuen Rechner \u00e4u\u00dferlich nicht von ihren Vorg\u00e4ngern unterscheiden werden. Abgesehen von einem neuen Logik-Baustein im Inneren der MacBooks, sollen diese nicht von den bislang angebotenen Intel-Macs zu unterscheiden sein.<\/p>\n<p>Mit der bevorstehenden Markteinf\u00fchrung der ersten Macs mit Apple-Prozessoren bereitet Apple ein Ende der seit 2005 aktiven Intel-Partnerschaft vor, dessen Modem-Sparte Apple bereits im Sommer 2019 \u00fcbernommen hat und damit zuk\u00fcnftig \u00fcberhaupt nicht mehr auf den 1968 gegr\u00fcndeten, in Santa Clara ans\u00e4ssigen Chip-Produzenten angewiesen sein wird.<\/p>\n<p>Es wird erwartet, dass Apple-Prozessoren bei r\u00fcckl\u00e4ufigem Energiehunger eine massive Performance-Zunahme liefern.<\/p>\n<p><img loading=\"lazy\" decoding=\"async\" src=\"https:\/\/vg09.met.vgwort.de\/na\/a6be8aa2bd534b3dbd9ccb3c0e66ab99\" width=\"1\" height=\"1\" class=\"tracking\"><\/p>\n","protected":false},"excerpt":{"rendered":"<a href=\"https:\/\/www.ifun.de\/bericht-neues-macbook-air-und-neue-pros-am-dienstag-161733\/\"><img decoding=\"async\" width=\"150\" src=\"https:\/\/vg09.met.vgwort.de\/na\/a6be8aa2bd534b3dbd9ccb3c0e66ab99\" class=\"alignright wp-post-image tfe\" alt=\"\" title=\"\" \/><\/a><p>Zum dritten Apple-Event in diesem Herbst beziehungsweisen der dritten Freigabe einer vorproduzierten, unterhaltsamen Dauerwerbesendung aus Cupertino, erwarten Branchenbeobachter die Vorstellung mehrerer tragbarer Macs mit Apple-Prozessoren. What I\u2019m watching for with Apple Silicon Macs: if they will offer multiple processor speed, graphics chips, and RAM options like they do with Intel Macs \u2014 or if it [&hellip;]<\/p>\n","protected":false},"author":1,"featured_media":0,"comment_status":"open","ping_status":"closed","sticky":false,"template":"","format":"standard","meta":{"_acf_changed":false,"footnotes":""},"categories":[3,1783],"tags":[4736,288,144,344,224],"class_list":["post-161733","post","type-post","status-publish","format-standard","hentry","category-apple","category-feature","tag-apple","tag-event","tag-macbook","tag-macbook-air","tag-macbook-pro"],"acf":[],"aioseo_notices":[],"subheadline":["Ohne sichtbare Design-Ver\u00e4nderungen"],"featured_image":["https:\/\/images.ifun.de\/wp-content\/uploads\/2020\/03\/macbook-air-reviews.jpg"],"rest_api_enabler":{"subheadline":"Ohne sichtbare Design-Ver\u00e4nderungen","featured_image":"https:\/\/images.ifun.de\/wp-content\/uploads\/2020\/03\/macbook-air-reviews.jpg"},"_links":{"self":[{"href":"https:\/\/www.ifun.de\/apiv2\/wp\/v2\/posts\/161733","targetHints":{"allow":["GET"]}}],"collection":[{"href":"https:\/\/www.ifun.de\/apiv2\/wp\/v2\/posts"}],"about":[{"href":"https:\/\/www.ifun.de\/apiv2\/wp\/v2\/types\/post"}],"author":[{"embeddable":true,"href":"https:\/\/www.ifun.de\/apiv2\/wp\/v2\/users\/1"}],"replies":[{"embeddable":true,"href":"https:\/\/www.ifun.de\/apiv2\/wp\/v2\/comments?post=161733"}],"version-history":[{"count":4,"href":"https:\/\/www.ifun.de\/apiv2\/wp\/v2\/posts\/161733\/revisions"}],"predecessor-version":[{"id":161737,"href":"https:\/\/www.ifun.de\/apiv2\/wp\/v2\/posts\/161733\/revisions\/161737"}],"wp:attachment":[{"href":"https:\/\/www.ifun.de\/apiv2\/wp\/v2\/media?parent=161733"}],"wp:term":[{"taxonomy":"category","embeddable":true,"href":"https:\/\/www.ifun.de\/apiv2\/wp\/v2\/categories?post=161733"},{"taxonomy":"post_tag","embeddable":true,"href":"https:\/\/www.ifun.de\/apiv2\/wp\/v2\/tags?post=161733"}],"curies":[{"name":"wp","href":"https:\/\/api.w.org\/{rel}","templated":true}]}}