{"id":161499,"date":"2020-10-28T07:51:57","date_gmt":"2020-10-28T06:51:57","guid":{"rendered":"https:\/\/www.ifun.de\/?p=161499"},"modified":"2021-04-08T12:04:47","modified_gmt":"2021-04-08T10:04:47","slug":"nachrichtenkommentar-jon-stewart-kommt-zu-apple-tv","status":"publish","type":"post","link":"https:\/\/www.ifun.de\/nachrichtenkommentar-jon-stewart-kommt-zu-apple-tv-161499\/","title":{"rendered":"Nachrichtenkommentar: Jon Stewart kommt zu Apple TV+"},"content":{"rendered":"<p>Der amerikanische Satiriker, Moderator, Produzent und ehemalige Gastgeber der &#8222;Daily Show&#8220;, Jon Stewart, wird nach l\u00e4ngerer Auszeit wieder auf die Mattscheibe zur\u00fcckkehren. Allerdings nicht zum US-Sender CBS, sondern in Apples Video-Streaming-Dienst Apple TV+.<\/p>\n<p><a href=\"https:\/\/images.ifun.de\/wp-content\/uploads\/2020\/10\/The-Daily-Show.jpg\"><img loading=\"lazy\" decoding=\"async\" src=\"https:\/\/images.ifun.de\/wp-content\/uploads\/2020\/10\/The-Daily-Show-500x289.jpg\" alt=\"The Daily Show\" width=\"500\" height=\"289\" class=\"aligncenter size-medium wp-image-161500\" srcset=\"https:\/\/images.ifun.de\/wp-content\/uploads\/2020\/10\/The-Daily-Show-500x289.jpg 500w, https:\/\/images.ifun.de\/wp-content\/uploads\/2020\/10\/The-Daily-Show-700x404.jpg 700w, https:\/\/images.ifun.de\/wp-content\/uploads\/2020\/10\/The-Daily-Show-768x443.jpg 768w, https:\/\/images.ifun.de\/wp-content\/uploads\/2020\/10\/The-Daily-Show.jpg 1247w\" sizes=\"auto, (max-width: 500px) 100vw, 500px\" \/><\/a><\/p>\n<h6>Vor allem bekannt als Host der Daily Show<\/h6>\n<p>Dies <a href=\"https:\/\/www.hollywoodreporter.com\/live-feed\/jon-stewart-returns-with-current-affairs-series-for-apple-exclusive\">meldet<\/a> der Branchen-Fachdienst The Hollywood Reporter und rei\u00dft Stewarts neues Bet\u00e4tigungsfeld kurz an: Geplant ist ein regelm\u00e4\u00dfiger Nachrichtenkommentar, der Stewart zur\u00fcck in seiner Paraderolle platzieren w\u00fcrde. Apple k\u00f6nnte sich daran versuchen, eine mit <a href=\"https:\/\/www.youtube.com\/user\/LastWeekTonight\">dem HBO-Format<\/a> &#8222;Last Week Tonight with John Oliver&#8220; vergleichbare Sendung zu etablieren.<\/p>\n<p>Schon jetzt seien f\u00fcr Jon Stewarts neue Show &#8211; ein Titel steht aktuell noch nicht fest &#8211; mehrere Staffeln geplant, die den 20-fachen Emmy-Gewinner wieder einen &#8222;festen Sendeplatz&#8220; zuweisen sollen. Unklar ist, mit welcher Regelm\u00e4\u00dfigkeit die neue Sendung ausgestrahlt werden wird. Apples &#8222;<a href=\"https:\/\/tv.apple.com\/us\/show\/the-oprah-conversation\/umc.cmc.49yt85r7ow6904u0177r694qy\">The Oprah Conversation<\/a>&#8220; fiel zuletzt durch einen eher durchwachsenen Release-Zeitplan auf, der einzelnen Folgen im Wochenabstand, andere hingegen jedoch mit fast einem Monat Verzug ausspielte.<\/p>\n<p><div class=\"responsive-video\"><iframe loading=\"lazy\" width=\"700\" height=\"371\" src=\"https:\/\/www.youtube-nocookie.com\/embed\/jCG_i9lnBFc\" frameborder=\"0\" allowfullscreen><\/iframe><\/div><\/p>\n<p>Neben seinem neuen Nachrichtenkommentar wird Stewart auch als Produzent mit Apple zusammenarbeiten. Wie The Hollywood Reporter anf\u00fchrt, habe Stewart einen sogenannten First-Look-Deal mit Apple gezeichnet, der dem iPhone-Konzern das Recht zugesteht alle Produktionen des von Stewart gef\u00fchrten &#8222;Busboy Productions&#8220;-Studios in Augenschein zu nehmen und deren Exklusivrechte bei Interesse als erstes zu erwerben.<\/p>\n<p>Die bevorstehende TV-R\u00fcckkehr des politisch engagierten Moderators w\u00fcrde das seit seinem R\u00fcckzug aus der &#8222;Daily Show&#8220; 2015 bestehende Sabbatical Stewarts beenden und d\u00fcrfte nicht nur von US-Nutzern des Streaming-Dienstes mit Spannung erwartet werden. <\/p>\n<p>Jonathan Stuart Leibowitz, wie der Moderator mit vollem Namen hei\u00dft, ist 57 Jahre alt und lebt in New York City. <\/p>\n<p><h8><a href=\"https:\/\/www.flickr.com\/photos\/montclairfilmfest\/26943481175\/\">Header-Bild: CC BY 2.0 Montclair Film Festival<\/a><\/h8><\/p>\n<p><img loading=\"lazy\" decoding=\"async\" src=\"https:\/\/vg09.met.vgwort.de\/na\/5c87495f70c14cdaa27102d6bb3d3ff7\" width=\"1\" height=\"1\" class=\"tracking\"><\/p>\n","protected":false},"excerpt":{"rendered":"<a href=\"https:\/\/www.ifun.de\/nachrichtenkommentar-jon-stewart-kommt-zu-apple-tv-161499\/\"><img width=\"150\" height=\"150\" src=\"https:\/\/images.ifun.de\/wp-content\/uploads\/2020\/10\/jon-stewart-feature-150x150.jpg\" class=\"alignright tfe wp-post-image\" alt=\"Jon Stewart Feature\" decoding=\"async\" loading=\"lazy\" \/><\/a><p>Der amerikanische Satiriker, Moderator, Produzent und ehemalige Gastgeber der &#8222;Daily Show&#8220;, Jon Stewart, wird nach l\u00e4ngerer Auszeit wieder auf die Mattscheibe zur\u00fcckkehren. Allerdings nicht zum US-Sender CBS, sondern in Apples Video-Streaming-Dienst Apple TV+. Vor allem bekannt als Host der Daily Show Dies meldet der Branchen-Fachdienst The Hollywood Reporter und rei\u00dft Stewarts neues Bet\u00e4tigungsfeld kurz an: [&hellip;]<\/p>\n","protected":false},"author":1,"featured_media":161501,"comment_status":"open","ping_status":"closed","sticky":false,"template":"","format":"standard","meta":{"_acf_changed":false,"footnotes":""},"categories":[4],"tags":[4467,5127,31],"class_list":["post-161499","post","type-post","status-publish","format-standard","has-post-thumbnail","hentry","category-appletv","tag-apple-tv-plus","tag-jon-stewart","tag-video"],"acf":[],"aioseo_notices":[],"featured_image":["https:\/\/images.ifun.de\/wp-content\/uploads\/2020\/10\/jon-stewart-feature.jpg"],"subheadline":["Mehrere Staffeln vereinbart"],"rest_api_enabler":{"featured_image":"https:\/\/images.ifun.de\/wp-content\/uploads\/2020\/10\/jon-stewart-feature.jpg","subheadline":"Mehrere Staffeln vereinbart"},"_links":{"self":[{"href":"https:\/\/www.ifun.de\/apiv2\/wp\/v2\/posts\/161499","targetHints":{"allow":["GET"]}}],"collection":[{"href":"https:\/\/www.ifun.de\/apiv2\/wp\/v2\/posts"}],"about":[{"href":"https:\/\/www.ifun.de\/apiv2\/wp\/v2\/types\/post"}],"author":[{"embeddable":true,"href":"https:\/\/www.ifun.de\/apiv2\/wp\/v2\/users\/1"}],"replies":[{"embeddable":true,"href":"https:\/\/www.ifun.de\/apiv2\/wp\/v2\/comments?post=161499"}],"version-history":[{"count":3,"href":"https:\/\/www.ifun.de\/apiv2\/wp\/v2\/posts\/161499\/revisions"}],"predecessor-version":[{"id":168676,"href":"https:\/\/www.ifun.de\/apiv2\/wp\/v2\/posts\/161499\/revisions\/168676"}],"wp:featuredmedia":[{"embeddable":true,"href":"https:\/\/www.ifun.de\/apiv2\/wp\/v2\/media\/161501"}],"wp:attachment":[{"href":"https:\/\/www.ifun.de\/apiv2\/wp\/v2\/media?parent=161499"}],"wp:term":[{"taxonomy":"category","embeddable":true,"href":"https:\/\/www.ifun.de\/apiv2\/wp\/v2\/categories?post=161499"},{"taxonomy":"post_tag","embeddable":true,"href":"https:\/\/www.ifun.de\/apiv2\/wp\/v2\/tags?post=161499"}],"curies":[{"name":"wp","href":"https:\/\/api.w.org\/{rel}","templated":true}]}}