{"id":161440,"date":"2020-10-27T09:02:14","date_gmt":"2020-10-27T08:02:14","guid":{"rendered":"https:\/\/www.ifun.de\/?p=161440"},"modified":"2020-10-27T09:02:14","modified_gmt":"2020-10-27T08:02:14","slug":"ard-mediathek-mit-neuen-retro-themenbereichen","status":"publish","type":"post","link":"https:\/\/www.ifun.de\/ard-mediathek-mit-neuen-retro-themenbereichen-161440\/","title":{"rendered":"ARD Mediathek mit neuen Retro-Themenbereichen"},"content":{"rendered":"<p>Mit <a href=\"https:\/\/www.ardmediathek.de\/ard\/retro\/\">ARD Retro<\/a> erweitern die ARD-Sender ihr Mediathek-Angebot von heute an um mehrere Tausend zeitgeschichtlich relevante Videos aus der Zeit vor 1966. Die Aufnahmen stehen kostenlos und dauerhaft zum Abruf \u00fcber die ARD Mediathek zur Verf\u00fcgung und sind an ihrer gelben Retro-Banderole erkennbar.<\/p>\n<p><a href=\"https:\/\/images.ifun.de\/wp-content\/uploads\/2020\/10\/ard-retro-mediathek.jpg\"><img loading=\"lazy\" decoding=\"async\" src=\"https:\/\/images.ifun.de\/wp-content\/uploads\/2020\/10\/ard-retro-mediathek-500x347.jpg\" alt=\"Ard Retro Mediathek\" width=\"500\" height=\"347\" class=\"alignnone size-medium wp-image-161442\" srcset=\"https:\/\/images.ifun.de\/wp-content\/uploads\/2020\/10\/ard-retro-mediathek-500x347.jpg 500w, https:\/\/images.ifun.de\/wp-content\/uploads\/2020\/10\/ard-retro-mediathek-700x486.jpg 700w, https:\/\/images.ifun.de\/wp-content\/uploads\/2020\/10\/ard-retro-mediathek-768x533.jpg 768w, https:\/\/images.ifun.de\/wp-content\/uploads\/2020\/10\/ard-retro-mediathek.jpg 1200w\" sizes=\"auto, (max-width: 500px) 100vw, 500px\" \/><\/a><\/p>\n<p>Den Sendern zufolge wird das Angebot auf Themengruppen basierend fortlaufend ausgebaut. Ein Beispiel sind der Bereich \u201eSportlich\u201c oder die \u201eARD-Retro-K\u00f6pfe\u201c mit Interviews und Portr\u00e4ts von zeitgeschichtlichen Personen wie Helmut Schmidt, Konrad Adenauer, Hildegard Knef, Peter Alexander, Heinrich B\u00f6ll oder G\u00fcnter Grass. Weiter seien Themenbereiche um die Ver\u00e4nderung des Frauenbilds seit den 60er Jahren, die Entwicklung von Deutschlands Metropolen und Videos \u00fcber das Amerika-Bild im Deutschland der 50er- und 60er-Jahre geplant. <\/p>\n<p>F\u00fcr den neuen Themenbereich kramen die verschiedenen Landesanstalten der ARD in ihren Archiven und steuern Beitr\u00e4ge aus ihren regionalen und Nachrichten- und Sportsendungen bei. Zudem werden gemeinsam mit dem Deutschen Rundfunkarchiv alte Beitrage aus den DDR-Fernsehsendungen \u201eAktuelle Kamera\u201c und \u201ePrisma\u201c ausgegraben.<\/p>\n<h2>Zum Start rund 7.000 Retro-Betr\u00e4ge<\/h2>\n<p>Der Sendergruppe zufolge stehen zum Start rund 7.000 TV-Beitr\u00e4ge dauerhaft \u00fcber die Retro-Reihe zum Abruf bereit. Man wolle mit dem Angebot neben zeitgeschichtlich interessierten Menschen besonders auch in den Bereichen Wissenschaft, Forschung und Bildung t\u00e4tige Personen ansprechen. Aus rechtlichen Gr\u00fcnden seien die Ver\u00f6ffentlichungen zun\u00e4chst aber auf Beitr\u00e4ge bis zum 31. Dezember 1965 beschr\u00e4nkt.<\/p>\n<p>Begleitend arbeite man auch an einer \u00d6ffnung der Audioarchive und bereite eine entsprechende Ver\u00f6ffentlichungsreihe in der ARD Audiothek vor. Das Deutschlandradio greift hier in der eigenen <a href=\"https:\/\/www.deutschlandfunk.de\/dlf-audiothek.3363.de.html\">Audiothek-App<\/a> bereits vor und stellt von heute an Fotos und Gespr\u00e4che mit verstorbenen Pers\u00f6nlichkeiten \u00fcber eine Woche hinweg zum Abruf bereit.<img loading=\"lazy\" decoding=\"async\" src=\"https:\/\/vg07.met.vgwort.de\/na\/46b15191cfac414d85c8b690fed02b91\" width=\"1\" height=\"1\" class=\"tracking\"><\/p>\n<!-- WP-Appbox (Version: 4.5.11 \/\/ Store: appstore \/\/ ID: 981496660) -->\t<!-- app-link -->\n\t<div id=\"article-single-app-preview\">\n\t\t<div id=\"article-single-app-preview-header\">\n\t\t\t<span class=\"title\">Laden im App Store<\/span>\n\t\t<\/div>\n\t\t<div id=\"article-single-app-preview-content\">\n\t\t\t<div id=\"article-single-app-preview-img\"><img loading=\"lazy\" decoding=\"async\" src=\"\/\/is1-ssl.mzstatic.com\/image\/thumb\/PurpleSource211\/v4\/72\/cf\/e8\/72cfe85b-8927-ab65-c782-8eb03b16df68\/Placeholder.mill\/200x200bb-75.png\" alt=\"ARD Mediathek\"  height=\"72\" width=\"72\" class=\"asl-icon-img\" \/><\/div>\n\t\t\t<div id=\"article-single-app-preview-desc\">\n\t\t\t\t<span class=\"name\">ARD Mediathek<\/span><br \/>\n\t\t\t\t<span class=\"seller\">Entwickler: <a target=\"_blank\" rel=\"nofollow\" href=\"https:\/\/apps.apple.com\/de\/developer\/sudwestrundfunk-anstalt-des-offentlichen-rechts\/id610313722\">Sudwestrundfunk, Anstalt des offentlichen Rechts<\/a><\/span>\n\t\t\t<\/div>\n\t\t\t<a target=\"_blank\" rel=\"nofollow\" href=\"https:\/\/apps.apple.com\/de\/app\/ard-mediathek\/id981496660\"><div id=\"article-single-app-preview-download\">Preis: Kostenlos<br \/>\n\t\t\t<span class=\"size\">Laden<\/span><\/div><\/a>\n\t\t<\/div>\n\t\t<!-- <div id=\"article-single-app-preview-footer\"><\/div>\t-->\n\t<\/div>\n\t<!-- app-link\/ende --><!-- \/WP-Appbox -->\n","protected":false},"excerpt":{"rendered":"<a href=\"https:\/\/www.ifun.de\/ard-mediathek-mit-neuen-retro-themenbereichen-161440\/\"><img width=\"150\" height=\"150\" src=\"https:\/\/images.ifun.de\/wp-content\/uploads\/2020\/10\/ard-mediathek-retro-150x150.jpg\" class=\"alignright tfe wp-post-image\" alt=\"Ard Mediathek Retro\" decoding=\"async\" loading=\"lazy\" \/><\/a><p>Mit ARD Retro erweitern die ARD-Sender ihr Mediathek-Angebot von heute an um mehrere Tausend zeitgeschichtlich relevante Videos aus der Zeit vor 1966. Die Aufnahmen stehen kostenlos und dauerhaft zum Abruf \u00fcber die ARD Mediathek zur Verf\u00fcgung und sind an ihrer gelben Retro-Banderole erkennbar. Den Sendern zufolge wird das Angebot auf Themengruppen basierend fortlaufend ausgebaut. Ein [&hellip;]<\/p>\n","protected":false},"author":2,"featured_media":161443,"comment_status":"open","ping_status":"closed","sticky":false,"template":"","format":"standard","meta":{"_acf_changed":false,"footnotes":""},"categories":[1],"tags":[4362,31],"class_list":["post-161440","post","type-post","status-publish","format-standard","has-post-thumbnail","hentry","category-news","tag-ard-mediathek","tag-video"],"acf":[],"aioseo_notices":[],"featured_image":["https:\/\/images.ifun.de\/wp-content\/uploads\/2020\/10\/ard-mediathek-retro.jpg"],"subheadline":["Ausgew\u00e4hlte Beitr\u00e4ge vor 1966"],"rest_api_enabler":{"featured_image":"https:\/\/images.ifun.de\/wp-content\/uploads\/2020\/10\/ard-mediathek-retro.jpg","subheadline":"Ausgew\u00e4hlte Beitr\u00e4ge vor 1966"},"_links":{"self":[{"href":"https:\/\/www.ifun.de\/apiv2\/wp\/v2\/posts\/161440","targetHints":{"allow":["GET"]}}],"collection":[{"href":"https:\/\/www.ifun.de\/apiv2\/wp\/v2\/posts"}],"about":[{"href":"https:\/\/www.ifun.de\/apiv2\/wp\/v2\/types\/post"}],"author":[{"embeddable":true,"href":"https:\/\/www.ifun.de\/apiv2\/wp\/v2\/users\/2"}],"replies":[{"embeddable":true,"href":"https:\/\/www.ifun.de\/apiv2\/wp\/v2\/comments?post=161440"}],"version-history":[{"count":4,"href":"https:\/\/www.ifun.de\/apiv2\/wp\/v2\/posts\/161440\/revisions"}],"predecessor-version":[{"id":161446,"href":"https:\/\/www.ifun.de\/apiv2\/wp\/v2\/posts\/161440\/revisions\/161446"}],"wp:featuredmedia":[{"embeddable":true,"href":"https:\/\/www.ifun.de\/apiv2\/wp\/v2\/media\/161443"}],"wp:attachment":[{"href":"https:\/\/www.ifun.de\/apiv2\/wp\/v2\/media?parent=161440"}],"wp:term":[{"taxonomy":"category","embeddable":true,"href":"https:\/\/www.ifun.de\/apiv2\/wp\/v2\/categories?post=161440"},{"taxonomy":"post_tag","embeddable":true,"href":"https:\/\/www.ifun.de\/apiv2\/wp\/v2\/tags?post=161440"}],"curies":[{"name":"wp","href":"https:\/\/api.w.org\/{rel}","templated":true}]}}