{"id":160920,"date":"2020-10-15T12:59:54","date_gmt":"2020-10-15T10:59:54","guid":{"rendered":"https:\/\/www.ifun.de\/?p=160920"},"modified":"2020-10-15T12:59:54","modified_gmt":"2020-10-15T10:59:54","slug":"homepod-update-wird-dolby-atmos-wiedergabe-von-apple-tv-4k-ermoeglichen","status":"publish","type":"post","link":"https:\/\/www.ifun.de\/homepod-update-wird-dolby-atmos-wiedergabe-von-apple-tv-4k-ermoeglichen-160920\/","title":{"rendered":"HomePod-Update wird Dolby-Atmos-Wiedergabe von Apple TV 4K erm\u00f6glichen"},"content":{"rendered":"<p>Vom 6. November an wird sich auch neue <a href=\"https:\/\/www.apple.com\/de\/homepod-mini\/\">HomePod mini<\/a> bestellen lassen. Der Preis f\u00fcr das Ger\u00e4t klingt mit 96,50 Euro durchaus attraktiv, allerdings kommt der kleine HomePod auch vom Funktionsumfang eingeschr\u00e4nkt. Wie Apple gegen\u00fcber dem US-Magazin <a href=\"https:\/\/www.theverge.com\/2020\/10\/15\/21517321\/apple-homepod-dolby-atmos-tv-4k-virtual-surround-sound-5-1-7-1\">The Verge<\/a> best\u00e4tigt hat, ist f\u00fcr Dolby Atmos zwingend die gro\u00dfe Version des Apple-Lautsprechers erforderlich.<\/p>\n<p><a href=\"https:\/\/images.ifun.de\/wp-content\/uploads\/2020\/10\/homepod-mini.jpg\"><img loading=\"lazy\" decoding=\"async\" src=\"https:\/\/images.ifun.de\/wp-content\/uploads\/2020\/10\/homepod-mini-500x404.jpg\" alt=\"Homepod Mini\" width=\"500\" height=\"404\" class=\"alignnone size-medium wp-image-160845\" srcset=\"https:\/\/images.ifun.de\/wp-content\/uploads\/2020\/10\/homepod-mini-500x404.jpg 500w, https:\/\/images.ifun.de\/wp-content\/uploads\/2020\/10\/homepod-mini-700x565.jpg 700w, https:\/\/images.ifun.de\/wp-content\/uploads\/2020\/10\/homepod-mini-768x620.jpg 768w, https:\/\/images.ifun.de\/wp-content\/uploads\/2020\/10\/homepod-mini.jpg 1332w\" sizes=\"auto, (max-width: 500px) 100vw, 500px\" \/><\/a><\/p>\n<p>Apple zufolge soll ein kommendes Software-Update f\u00fcr den HomePod die Wiedergabe von Dolby Atmos sowie 5.1- und 7.1-Audio in Verbindung mit einem Apple TV 4K erm\u00f6glichen. Optimal soll das Ganze in Verbindung mit einem Stereoset aus zwei HomePods funktionieren, man k\u00f6nne die Option aber auch mit einem einzelnen HomePod nutzen. F\u00fcr den g\u00fcnstigeren HomePod mini werden diese Funktionen Apple zufolge allerdings definitiv nicht verf\u00fcgbar sein.<\/p>\n<p>Das passt dann auch zu weiteren geplanten Funktionserweiterungen in diesem Bereich. Mit dem anstehenden Update auf tvOS 14.2 soll es k\u00fcnftig auch m\u00f6glich sein, den HomePod dauerhaft als Standard-Lautsprecher f\u00fcr Apple TV festzulegen. Der HomePod l\u00e4sst sich in den Einstellungen von Apple TV zwar bislang schon <a href=\"https:\/\/www.ifun.de\/homepod-als-lautsprecher-fuer-apple-tv-123687\/\" title=\"HomePod als Lautsprecher f\u00fcr Apple TV\">f\u00fcr die Audioausgabe ausw\u00e4hlen<\/a>, allerdings verliert die Set-Top-Box diese Vorgabe auch regelm\u00e4\u00dfig wieder. K\u00fcnftig soll diese Vorgabe erhalten bleiben.<\/p>\n<p><a href=\"https:\/\/images.ifun.de\/wp-content\/uploads\/2020\/10\/homepod-modelle-vergleich.jpg\"><img loading=\"lazy\" decoding=\"async\" src=\"https:\/\/images.ifun.de\/wp-content\/uploads\/2020\/10\/homepod-modelle-vergleich-700x568.jpg\" alt=\"Homepod Modelle Vergleich\" width=\"700\" height=\"568\" class=\"alignnone size-large wp-image-160921\" srcset=\"https:\/\/images.ifun.de\/wp-content\/uploads\/2020\/10\/homepod-modelle-vergleich-700x568.jpg 700w, https:\/\/images.ifun.de\/wp-content\/uploads\/2020\/10\/homepod-modelle-vergleich-500x406.jpg 500w, https:\/\/images.ifun.de\/wp-content\/uploads\/2020\/10\/homepod-modelle-vergleich-768x623.jpg 768w, https:\/\/images.ifun.de\/wp-content\/uploads\/2020\/10\/homepod-modelle-vergleich.jpg 1400w\" sizes=\"auto, (max-width: 700px) 100vw, 700px\" \/><\/a><\/p>\n<p>Apple erw\u00e4hnt den Unterschied zwischen den Modellen indirekt schon in der Vergleichsansicht der beiden HomePods. Die Funktion \u201eHeimkino mit Apple TV 4K\u201c steht der Tabelle zufolge nur for den gro\u00dfen HomePod zur Verf\u00fcgung, gemeint ist hier die oben erw\u00e4hnte Unterst\u00fctzung von Dolby Atmos und der Wiedergabe von 5.1- bzw. 7.1-Sound auf Basis in Form von Apples virtuellem Surround-Klang.<\/p>\n","protected":false},"excerpt":{"rendered":"<a href=\"https:\/\/www.ifun.de\/homepod-update-wird-dolby-atmos-wiedergabe-von-apple-tv-4k-ermoeglichen-160920\/\"><img width=\"150\" height=\"150\" src=\"https:\/\/images.ifun.de\/wp-content\/uploads\/2020\/10\/homepod-modelle-vergleich-150x150.jpg\" class=\"alignright tfe wp-post-image\" alt=\"Homepod Modelle Vergleich\" decoding=\"async\" loading=\"lazy\" \/><\/a><p>Vom 6. November an wird sich auch neue HomePod mini bestellen lassen. Der Preis f\u00fcr das Ger\u00e4t klingt mit 96,50 Euro durchaus attraktiv, allerdings kommt der kleine HomePod auch vom Funktionsumfang eingeschr\u00e4nkt. Wie Apple gegen\u00fcber dem US-Magazin The Verge best\u00e4tigt hat, ist f\u00fcr Dolby Atmos zwingend die gro\u00dfe Version des Apple-Lautsprechers erforderlich. Apple zufolge soll [&hellip;]<\/p>\n","protected":false},"author":2,"featured_media":160921,"comment_status":"open","ping_status":"closed","sticky":false,"template":"","format":"standard","meta":{"_acf_changed":false,"footnotes":""},"categories":[4],"tags":[26,4219,3714],"class_list":["post-160920","post","type-post","status-publish","format-standard","has-post-thumbnail","hentry","category-appletv","tag-apple-tv","tag-dolby-atmos","tag-homepod"],"acf":[],"aioseo_notices":[],"subheadline":["Kommt nur f\u00fcr den gro\u00dfen HomePod"],"featured_image":["https:\/\/images.ifun.de\/wp-content\/uploads\/2018\/06\/homepod-header-2.jpg"],"rest_api_enabler":{"subheadline":"Kommt nur f\u00fcr den gro\u00dfen HomePod","featured_image":"https:\/\/images.ifun.de\/wp-content\/uploads\/2018\/06\/homepod-header-2.jpg"},"_links":{"self":[{"href":"https:\/\/www.ifun.de\/apiv2\/wp\/v2\/posts\/160920","targetHints":{"allow":["GET"]}}],"collection":[{"href":"https:\/\/www.ifun.de\/apiv2\/wp\/v2\/posts"}],"about":[{"href":"https:\/\/www.ifun.de\/apiv2\/wp\/v2\/types\/post"}],"author":[{"embeddable":true,"href":"https:\/\/www.ifun.de\/apiv2\/wp\/v2\/users\/2"}],"replies":[{"embeddable":true,"href":"https:\/\/www.ifun.de\/apiv2\/wp\/v2\/comments?post=160920"}],"version-history":[{"count":2,"href":"https:\/\/www.ifun.de\/apiv2\/wp\/v2\/posts\/160920\/revisions"}],"predecessor-version":[{"id":160923,"href":"https:\/\/www.ifun.de\/apiv2\/wp\/v2\/posts\/160920\/revisions\/160923"}],"wp:featuredmedia":[{"embeddable":true,"href":"https:\/\/www.ifun.de\/apiv2\/wp\/v2\/media\/160921"}],"wp:attachment":[{"href":"https:\/\/www.ifun.de\/apiv2\/wp\/v2\/media?parent=160920"}],"wp:term":[{"taxonomy":"category","embeddable":true,"href":"https:\/\/www.ifun.de\/apiv2\/wp\/v2\/categories?post=160920"},{"taxonomy":"post_tag","embeddable":true,"href":"https:\/\/www.ifun.de\/apiv2\/wp\/v2\/tags?post=160920"}],"curies":[{"name":"wp","href":"https:\/\/api.w.org\/{rel}","templated":true}]}}