{"id":160721,"date":"2020-10-12T16:35:19","date_gmt":"2020-10-12T14:35:19","guid":{"rendered":"https:\/\/www.ifun.de\/?p=160721"},"modified":"2020-10-12T16:35:19","modified_gmt":"2020-10-12T14:35:19","slug":"homepod-mini-als-schaltzentrale-fuer-homekit-automationen","status":"publish","type":"post","link":"https:\/\/www.ifun.de\/homepod-mini-als-schaltzentrale-fuer-homekit-automationen-160721\/","title":{"rendered":"HomePod Mini als Schaltzentrale f\u00fcr HomeKit-Automationen"},"content":{"rendered":"<p><a href=\"https:\/\/www.iphone-ticker.de\/apple-event-homepod-mini-und-magsafe-aber-keine-airtags-164255\/\">So wie es aussieht<\/a>, wird Apple im Laufe der f\u00fcr morgen angesetzten iPhone-Vorstellung mit dem Titel \u201e<a href=\"https:\/\/www.iphone-ticker.de\/hi-speed-das-iphone-12-wird-am-13-oktober-vorgestellt-164088\/\">Hi, Speed<\/a>\u201c auch einen <b>HomePod Mini<\/b> ank\u00fcndigen. Der neue Lautsprecher soll nur etwa halb so hoch wie das gegenw\u00e4rtige Modell sein und mit 99 Dollar auch deutlich weniger kosten. Der im Februar 2018 vorgestellte \u201egro\u00dfe\u201c HomePod ist bei Apple dreimal so teuer.<\/p>\n<p><a href=\"https:\/\/images.ifun.de\/wp-content\/uploads\/2020\/04\/homepod-und-homepod-mini-ifun-de.jpg\"><img loading=\"lazy\" decoding=\"async\" src=\"https:\/\/images.ifun.de\/wp-content\/uploads\/2020\/04\/homepod-und-homepod-mini-ifun-de-500x355.jpg\" alt=\"Homepod Und Homepod Mini Ifun De\" width=\"500\" height=\"355\" class=\"alignnone size-medium wp-image-152501\" srcset=\"https:\/\/images.ifun.de\/wp-content\/uploads\/2020\/04\/homepod-und-homepod-mini-ifun-de-500x355.jpg 500w, https:\/\/images.ifun.de\/wp-content\/uploads\/2020\/04\/homepod-und-homepod-mini-ifun-de-700x497.jpg 700w, https:\/\/images.ifun.de\/wp-content\/uploads\/2020\/04\/homepod-und-homepod-mini-ifun-de-768x545.jpg 768w, https:\/\/images.ifun.de\/wp-content\/uploads\/2020\/04\/homepod-und-homepod-mini-ifun-de.jpg 1200w\" sizes=\"auto, (max-width: 500px) 100vw, 500px\" \/><\/a><\/p>\n<p>Apple zielt mit der kleinen und g\u00fcnstigeren HomePod-Variante wohl nicht nur darauf ab, das Ger\u00e4t in weiteren Haushalten zu platzieren, sondern wird besonders auch die Multiroom-Nutzung im Auge haben, also Ausstattung einzelner Haushalte mit mehreren HomePods. Verkaufsf\u00f6rdernd d\u00fcrften hier nicht nur die Kompatibilit\u00e4t mit AirPlay 2, sondern auch integrierte Hub-Funktionen sein.<\/p>\n<p>Von besonderem Interesse sind in diesem Zusammenhang die Einlassungen des Bloggers <a href=\"https:\/\/twitter.com\/jon_prosser\/status\/1315446364856352768\">Jon Prosser<\/a>, dessen Quellen zufolge sowohl der neue HomePod mini als auch ein k\u00fcnftiges Apple TV \u00fcber ihre eigentliche Funktion hinaus auch als Hub f\u00fcr Apples Ultrabreitbandtechnologie &#8222;U1&#8220; fungieren. Ultrabreitband \u00f6ffnet die T\u00fcr f\u00fcr v\u00f6llig neue Ortungs- und Automatisierungsfunktionen.<\/p>\n<p>Apple stattet seine iPhone-Modelle bereits seit vergangenem Jahr mit Ultrabreitband aus und mit der Apple Watch Series 6 ist seit diesem Jahr erstmals auch die Apple-Uhr mit einem U1-Prozessor des Herstellers ausgestattet. Auch in den noch nicht von Apple angek\u00fcndigten Kopfh\u00f6rern AirPods Studio soll der U1-Chip verbaut sein.<\/p>\n<h2>HomePod Mini soll Personen erkennen<\/h2>\n<p>Apple setzt den Nahbereichsfunk \u00fcber Ultrabreitband ein, um die Lokalisierungs- und Ortungsfunktionen der Ger\u00e4te zu verbessern. Der Hersteller spricht dabei vom \u201er\u00e4umlichen Bewusstsein\u201c seiner Ger\u00e4te. Durch vom U1-Chip bereitgestellte Informationen wie Entfernung, Richtung oder auch eine eindeutige Kennung k\u00f6nnten Ger\u00e4te wie der HomePod Mini dann beispielsweise nicht nur erkennen, dass eine Person einen Raum betritt oder sich dem Ger\u00e4t n\u00e4hert, sondern auch um welches Familienmitglied es sich handelt.<\/p>\n<p>Auf Basis solcher Informationen, lie\u00dfen sich dann vielf\u00e4ltige Automatisierungen ansto\u00dfen, Beispiele w\u00e4ren hier die Wiedergabe eines bestimmten Radiosenders ebenso wie das Aktivieren der Heizung oder bestimmte Lichtinteraktionen.<\/p>\n<p>Vor diesem Hintergrund bleibt zwar sicher auch die akustische Leistung eines kleinen HomePod weiter spannend. Apple k\u00f6nnte unabh\u00e4ngig davon aber auch v\u00f6llig neue Anreize daf\u00fcr schaffen, m\u00f6glichst viele R\u00e4ume im Haus mit den Mini-Lautsprechern auszustatten.<img loading=\"lazy\" decoding=\"async\" src=\"https:\/\/vg06.met.vgwort.de\/na\/0f3a50c94da244009fc945bb0691dd3d\" width=\"1\" height=\"1\" class=\"tracking\"><\/p>\n","protected":false},"excerpt":{"rendered":"<a href=\"https:\/\/www.ifun.de\/homepod-mini-als-schaltzentrale-fuer-homekit-automationen-160721\/\"><img decoding=\"async\" width=\"150\" src=\"https:\/\/images.ifun.de\/wp-content\/uploads\/2020\/04\/homepod-und-homepod-mini-ifun-de-500x355.jpg\" class=\"alignright wp-post-image tfe\" alt=\"Homepod Und Homepod Mini Ifun De\" title=\"\" \/><\/a><p>So wie es aussieht, wird Apple im Laufe der f\u00fcr morgen angesetzten iPhone-Vorstellung mit dem Titel \u201eHi, Speed\u201c auch einen HomePod Mini ank\u00fcndigen. Der neue Lautsprecher soll nur etwa halb so hoch wie das gegenw\u00e4rtige Modell sein und mit 99 Dollar auch deutlich weniger kosten. Der im Februar 2018 vorgestellte \u201egro\u00dfe\u201c HomePod ist bei Apple [&hellip;]<\/p>\n","protected":false},"author":2,"featured_media":0,"comment_status":"open","ping_status":"closed","sticky":false,"template":"","format":"standard","meta":{"_acf_changed":false,"footnotes":""},"categories":[1],"tags":[5106,5108,5107],"class_list":["post-160721","post","type-post","status-publish","format-standard","hentry","category-news","tag-homepod-mini","tag-u1-chip","tag-ultrabreitband"],"acf":[],"aioseo_notices":[],"featured_image":["https:\/\/images.ifun.de\/wp-content\/uploads\/2019\/07\/homepod.jpg"],"subheadline":["Ortungsfunktionen mithilfe U1-Chip"],"rest_api_enabler":{"featured_image":"https:\/\/images.ifun.de\/wp-content\/uploads\/2019\/07\/homepod.jpg","subheadline":"Ortungsfunktionen mithilfe U1-Chip"},"_links":{"self":[{"href":"https:\/\/www.ifun.de\/apiv2\/wp\/v2\/posts\/160721","targetHints":{"allow":["GET"]}}],"collection":[{"href":"https:\/\/www.ifun.de\/apiv2\/wp\/v2\/posts"}],"about":[{"href":"https:\/\/www.ifun.de\/apiv2\/wp\/v2\/types\/post"}],"author":[{"embeddable":true,"href":"https:\/\/www.ifun.de\/apiv2\/wp\/v2\/users\/2"}],"replies":[{"embeddable":true,"href":"https:\/\/www.ifun.de\/apiv2\/wp\/v2\/comments?post=160721"}],"version-history":[{"count":12,"href":"https:\/\/www.ifun.de\/apiv2\/wp\/v2\/posts\/160721\/revisions"}],"predecessor-version":[{"id":160733,"href":"https:\/\/www.ifun.de\/apiv2\/wp\/v2\/posts\/160721\/revisions\/160733"}],"wp:attachment":[{"href":"https:\/\/www.ifun.de\/apiv2\/wp\/v2\/media?parent=160721"}],"wp:term":[{"taxonomy":"category","embeddable":true,"href":"https:\/\/www.ifun.de\/apiv2\/wp\/v2\/categories?post=160721"},{"taxonomy":"post_tag","embeddable":true,"href":"https:\/\/www.ifun.de\/apiv2\/wp\/v2\/tags?post=160721"}],"curies":[{"name":"wp","href":"https:\/\/api.w.org\/{rel}","templated":true}]}}