{"id":160588,"date":"2020-10-08T14:14:02","date_gmt":"2020-10-08T12:14:02","guid":{"rendered":"https:\/\/www.ifun.de\/?p=160588"},"modified":"2020-10-08T14:14:02","modified_gmt":"2020-10-08T12:14:02","slug":"evernote-10-neue-desktop-variante-startet-auf-mac-und-windows","status":"publish","type":"post","link":"https:\/\/www.ifun.de\/evernote-10-neue-desktop-variante-startet-auf-mac-und-windows-160588\/","title":{"rendered":"Evernote 10: Neue Desktop-Variante startet auf Mac und Windows"},"content":{"rendered":"<p>Knapp einen Monat nach der Ver\u00f6ffentlichung der neuen iOS-Version steht nun auch die Desktop-App von <a href=\"https:\/\/evernote.com\/intl\/de\/\">Evernote<\/a> umfassend \u00fcberarbeitet f\u00fcr Mac und Windows zum Download bereit. Die neue Programmversion 10 kommt mit einer weitgehend neuen Benutzeroberfl\u00e4che, stellt den Entwicklern zufolge jedoch weiterhin den gewohnten Leistungsumfang zur Verf\u00fcgung &#8211; inklusive einiger Verbesserungen.<\/p>\n<p>Mit dem neuen Evernote sollen Nutzer mehr Kontrolle \u00fcber das Erscheinungsbild ihrer Notizen erlangen. Dazu z\u00e4hlen neben neuen typografischen Optionen auch eine deutlich erweiterte Checklisten-Funktion und leistungsf\u00e4higere Werkzeuge und Schaltfl\u00e4chen.<\/p>\n<p><a href=\"https:\/\/images.ifun.de\/wp-content\/uploads\/2020\/10\/evernote-10-mac.jpg\"><img loading=\"lazy\" decoding=\"async\" src=\"https:\/\/images.ifun.de\/wp-content\/uploads\/2020\/10\/evernote-10-mac-700x344.jpg\" alt=\"Evernote 10 Mac\" width=\"700\" height=\"344\" class=\"alignnone size-large wp-image-160591\" srcset=\"https:\/\/images.ifun.de\/wp-content\/uploads\/2020\/10\/evernote-10-mac-700x344.jpg 700w, https:\/\/images.ifun.de\/wp-content\/uploads\/2020\/10\/evernote-10-mac-500x246.jpg 500w, https:\/\/images.ifun.de\/wp-content\/uploads\/2020\/10\/evernote-10-mac-768x377.jpg 768w, https:\/\/images.ifun.de\/wp-content\/uploads\/2020\/10\/evernote-10-mac.jpg 1400w\" sizes=\"auto, (max-width: 700px) 100vw, 700px\" \/><\/a><\/p>\n<p>Die in Evernote integrierte Suchfunktion wurde beschleunigt und zeigt jetzt auch schon w\u00e4hrend der Eingabe erste Treffer an. Zudem stellen die Entwickler neue Filteroptionen und die M\u00f6glichkeit, Suchbegriffe, Schlagw\u00f6rter, Speicher- und Standorte f\u00fcr eine bessere Eingrenzung der Suchergebnisse zu kombinieren, bereit.<\/p>\n<p>Optisch setzt Evernote jetzt auf ein einheitliches Erscheinungsbild \u00fcber alle Plattformen hinweg. Zudem versprechen die Entwickler im Zusammenhang mit der \u00dcberarbeitung ein stabileres und zuverl\u00e4ssigeres Nutzererlebnis.<\/p>\n<p><div class=\"responsive-video\"><iframe loading=\"lazy\" width=\"700\" height=\"371\" src=\"https:\/\/www.youtube-nocookie.com\/embed\/9wR6FDLB2KE\" frameborder=\"0\" allowfullscreen><\/iframe><\/div><\/p>\n<h2>Evernote als vielseitige Sammel- und Notiz-Anwendung<\/h2>\n<p>Evernote ist einst als \u201eNichts mehr vergessen\u201c-App gestartet und hat sich auf das plattform\u00fcbergreifende Sammeln von Notizen, Bildern und sonstigen Inhalten spezialisiert. F\u00fcr den Import von Webinhalten und Bildern liefern die Entwickler besondere Hilfsmittel wie eine Browser-Erweiterung f\u00fcr Web-Clips oder auch eine in die iOS-App integrierte Kamerafunktion. Notizen lassen sich in Evernote auch mittels Siri oder dem Google Assistant per Sprachbefehl erstellen.<\/p>\n<p>Evernote setzt auf ein dreistufiges Preismodell. In der Basisversion k\u00f6nnen die grundlegenden Funktionen der Anwendung kostenlos genutzt werden, allerdings ist die Upload-Menge hier auf 60 MB pro Monat begrenzt, zudem k\u00f6nnen einzelne Notizen maximal 25 MB gro\u00df sein und es d\u00fcrfen nur zwei Ger\u00e4te pro Konto genutzt werden. Evernote Premium lockert diese Beschr\u00e4nkungen zum Preis von 6,99 Euro pro Monat, dann k\u00f6nnt ihr monatlich bis zu 10 GB hochladen und einzelne Notizen k\u00f6nnen bis zu 200 MB gro\u00df sein.<img loading=\"lazy\" decoding=\"async\" src=\"https:\/\/vg06.met.vgwort.de\/na\/84aa1bed11034ef1a9d36fe692ac149e\" width=\"1\" height=\"1\" class=\"tracking\"><\/p>\n<!-- WP-Appbox (Version: 4.5.12 \/\/ Store: appstore \/\/ ID: 406056744) -->\t<!-- app-link -->\n\t<div id=\"article-single-app-preview\">\n\t\t<div id=\"article-single-app-preview-header\">\n\t\t\t<span class=\"title\">Laden im App Store<\/span>\n\t\t<\/div>\n\t\t<div id=\"article-single-app-preview-content\">\n\t\t\t<div id=\"article-single-app-preview-img\"><img loading=\"lazy\" decoding=\"async\" src=\"\/\/is1-ssl.mzstatic.com\/image\/thumb\/Purple211\/v4\/e5\/06\/93\/e506937a-33aa-3560-54e9-4f2d5a3ec93d\/icon.png\/200x200ib-75.png\" alt=\"Evernote\"  height=\"72\" width=\"72\" class=\"asl-icon-img\" \/><\/div>\n\t\t\t<div id=\"article-single-app-preview-desc\">\n\t\t\t\t<span class=\"name\">Evernote<\/span><br \/>\n\t\t\t\t<span class=\"seller\">Entwickler: <a target=\"_blank\" rel=\"nofollow\" href=\"https:\/\/apps.apple.com\/de\/developer\/evernote-corporation\/id281796111\">Evernote Corporation<\/a><\/span>\n\t\t\t<\/div>\n\t\t\t<a target=\"_blank\" rel=\"nofollow\" href=\"https:\/\/apps.apple.com\/de\/app\/evernote\/id406056744?mt=12\"><div id=\"article-single-app-preview-download\">Preis: Kostenlos<sup>+<\/sup><br \/>\n\t\t\t<span class=\"size\">Laden<\/span><\/div><\/a>\n\t\t<\/div>\n\t\t<!-- <div id=\"article-single-app-preview-footer\"><\/div>\t-->\n\t<\/div>\n\t<!-- app-link\/ende --><!-- \/WP-Appbox -->\n","protected":false},"excerpt":{"rendered":"<a href=\"https:\/\/www.ifun.de\/evernote-10-neue-desktop-variante-startet-auf-mac-und-windows-160588\/\"><img width=\"150\" height=\"150\" src=\"https:\/\/images.ifun.de\/wp-content\/uploads\/2020\/10\/evernote-10-mac-150x150.jpg\" class=\"alignright tfe wp-post-image\" alt=\"Evernote 10 Mac\" decoding=\"async\" loading=\"lazy\" \/><\/a><p>Knapp einen Monat nach der Ver\u00f6ffentlichung der neuen iOS-Version steht nun auch die Desktop-App von Evernote umfassend \u00fcberarbeitet f\u00fcr Mac und Windows zum Download bereit. Die neue Programmversion 10 kommt mit einer weitgehend neuen Benutzeroberfl\u00e4che, stellt den Entwicklern zufolge jedoch weiterhin den gewohnten Leistungsumfang zur Verf\u00fcgung &#8211; inklusive einiger Verbesserungen. Mit dem neuen Evernote sollen [&hellip;]<\/p>\n","protected":false},"author":2,"featured_media":160591,"comment_status":"open","ping_status":"closed","sticky":false,"template":"","format":"standard","meta":{"_acf_changed":false,"footnotes":""},"categories":[16],"tags":[1516,6321,6324],"class_list":["post-160588","post","type-post","status-publish","format-standard","has-post-thumbnail","hentry","category-mac","tag-evernote","tag-mac","tag-windows"],"acf":[],"aioseo_notices":[],"featured_image":["https:\/\/images.ifun.de\/wp-content\/uploads\/2020\/10\/evernote-mac.jpg"],"subheadline":["\"Nichts mehr vergessen\"-App general\u00fcberholt"],"rest_api_enabler":{"featured_image":"https:\/\/images.ifun.de\/wp-content\/uploads\/2020\/10\/evernote-mac.jpg","subheadline":"\"Nichts mehr vergessen\"-App general\u00fcberholt"},"_links":{"self":[{"href":"https:\/\/www.ifun.de\/apiv2\/wp\/v2\/posts\/160588","targetHints":{"allow":["GET"]}}],"collection":[{"href":"https:\/\/www.ifun.de\/apiv2\/wp\/v2\/posts"}],"about":[{"href":"https:\/\/www.ifun.de\/apiv2\/wp\/v2\/types\/post"}],"author":[{"embeddable":true,"href":"https:\/\/www.ifun.de\/apiv2\/wp\/v2\/users\/2"}],"replies":[{"embeddable":true,"href":"https:\/\/www.ifun.de\/apiv2\/wp\/v2\/comments?post=160588"}],"version-history":[{"count":4,"href":"https:\/\/www.ifun.de\/apiv2\/wp\/v2\/posts\/160588\/revisions"}],"predecessor-version":[{"id":160594,"href":"https:\/\/www.ifun.de\/apiv2\/wp\/v2\/posts\/160588\/revisions\/160594"}],"wp:featuredmedia":[{"embeddable":true,"href":"https:\/\/www.ifun.de\/apiv2\/wp\/v2\/media\/160591"}],"wp:attachment":[{"href":"https:\/\/www.ifun.de\/apiv2\/wp\/v2\/media?parent=160588"}],"wp:term":[{"taxonomy":"category","embeddable":true,"href":"https:\/\/www.ifun.de\/apiv2\/wp\/v2\/categories?post=160588"},{"taxonomy":"post_tag","embeddable":true,"href":"https:\/\/www.ifun.de\/apiv2\/wp\/v2\/tags?post=160588"}],"curies":[{"name":"wp","href":"https:\/\/api.w.org\/{rel}","templated":true}]}}