{"id":160185,"date":"2020-09-30T09:29:12","date_gmt":"2020-09-30T07:29:12","guid":{"rendered":"https:\/\/www.ifun.de\/?p=160185"},"modified":"2020-10-02T17:38:55","modified_gmt":"2020-10-02T15:38:55","slug":"80-millionen-neue-aktien-verguetung-bindet-tim-cook-bis-2025","status":"publish","type":"post","link":"https:\/\/www.ifun.de\/80-millionen-neue-aktien-verguetung-bindet-tim-cook-bis-2025-160185\/","title":{"rendered":"80 Millionen: Neue Aktien-Verg\u00fctung bindet Tim Cook bis 2025"},"content":{"rendered":"<p>Am <a href=\"https:\/\/www.ifun.de\/ive-nachbeben-umbau-in-apples-fuehrungsstab-139681\/\">Tag des Jony Ive-R\u00fcckzugs<\/a> haben wir uns erstmals mit der Personalie Jeff Williams besch\u00e4ftigt, dem Apple-Chef Tim Cook damals mehr Produkt-Verantwortung in <a href=\"https:\/\/www.ifun.de\/jeff-williams-der-naechste-tim-cook-im-portraet-140755\/\">die Hand legte<\/a>.<\/p>\n<p>Die Theorie damals: Chief Operating Officer (COO) Jeff Williams wird durch den amtierende Apple-Chef Tim Cook als Nachfolger aufgebaut. Zur Erinnerung: Cook war vor dem Tod Steve Jobs selbst als COO aktiv.<\/p>\n<p><a href=\"https:\/\/images.ifun.de\/wp-content\/uploads\/2019\/07\/cook-williams.jpg\"><img loading=\"lazy\" decoding=\"async\" class=\"aligncenter size-medium wp-image-140756\" src=\"https:\/\/images.ifun.de\/wp-content\/uploads\/2019\/07\/cook-williams-500x281.jpg\" alt=\"Cook Williams\" width=\"500\" height=\"281\" srcset=\"https:\/\/images.ifun.de\/wp-content\/uploads\/2019\/07\/cook-williams-500x281.jpg 500w, https:\/\/images.ifun.de\/wp-content\/uploads\/2019\/07\/cook-williams-768x431.jpg 768w, https:\/\/images.ifun.de\/wp-content\/uploads\/2019\/07\/cook-williams-700x393.jpg 700w, https:\/\/images.ifun.de\/wp-content\/uploads\/2019\/07\/cook-williams.jpg 1000w\" sizes=\"auto, (max-width: 500px) 100vw, 500px\" \/><\/a><\/p>\n<p>Seit Ives Ausscheiden steht Williams auch den Leitern des Designteams Evans Hankey (Vice President of Industrial Design) und Alan Dye (Vice President of Human Interface Design) vor und wird dabei tatkr\u00e4ftig vom neuen Vice President Operations, Sabih Khan, der seit 1995 bei Apple arbeitet, unterst\u00fctzt.<\/p>\n<h2>Termin f\u00fcr die Macht\u00fcbergabe<\/h2>\n<p>Nun scheint der n\u00e4chstm\u00f6gliche Termin f\u00fcr die Macht\u00fcbergabe gefunden. Wie die US-B\u00f6rsenaufsicht <a href=\"https:\/\/www.sec.gov\/Archives\/edgar\/data\/320193\/000032019320000074\/xslF345X03\/wf-form4_160141879027128.xml\">mitteilt<\/a>, hat Tim Cook in dieser Wochen knapp 700.000 Aktienoptionen zugeteilt bekommen, die einen Marktwert von aktuell knapp 80 Millionen Dollar h\u00e4tten.<\/p>\n<p>Bei der Aktien-Verg\u00fctung handelt es sich allerdings um sogenannte &#8222;restricted stock units&#8220; (RSU), deren Freigabe an bestimmte Voraussetzungen gebunden ist und die erst nach und nach in den Jahren 2023, 2024 und 2025 jeweils in Dritteln eingel\u00f6st werden k\u00f6nnen. Dies setzt jedoch voraus, dass Cook weiter im Unternehmen t\u00e4tig ist.<\/p>\n<p>Entsprechend k\u00f6nnte Cook 2025 dem Vorbild des langj\u00e4hrigen Marketing-Chefs <a href=\"https:\/\/www.ifun.de\/apple-manager-phil-schiller-bereitet-seinen-rueckzug-vor-157644\/\">Phil Schiller folgen<\/a>, sich zum Apple Fellow ernennen lassen und Williams die B\u00fchne \u00fcberlassen.<\/p>\n<p><a href=\"https:\/\/images.ifun.de\/wp-content\/uploads\/2020\/09\/jeff-williams-1500.jpg\"><img loading=\"lazy\" decoding=\"async\" class=\"aligncenter size-large wp-image-160187\" src=\"https:\/\/images.ifun.de\/wp-content\/uploads\/2020\/09\/jeff-williams-1500-700x394.jpg\" alt=\"Jeff Williams 1500\" width=\"700\" height=\"394\" srcset=\"https:\/\/images.ifun.de\/wp-content\/uploads\/2020\/09\/jeff-williams-1500-700x394.jpg 700w, https:\/\/images.ifun.de\/wp-content\/uploads\/2020\/09\/jeff-williams-1500-500x281.jpg 500w, https:\/\/images.ifun.de\/wp-content\/uploads\/2020\/09\/jeff-williams-1500-768x432.jpg 768w, https:\/\/images.ifun.de\/wp-content\/uploads\/2020\/09\/jeff-williams-1500.jpg 1280w\" sizes=\"auto, (max-width: 700px) 100vw, 700px\" \/><\/a><\/p>\n<h6>Jeff Williams bei der Pr\u00e4sentation der Apple Watch Series 6<\/h6>\n<p>Die aktuell Aktienverg\u00fctung ist der erste RSU-Bonus f\u00fcr den Apple-Chef seit 2011, dessen letzte Tranche im kommenden Jahr f\u00e4llig wird. Gegen\u00fcber der Nachrichtenagentur Reuters <a href=\"https:\/\/twitter.com\/StephenNellis\/status\/1311076455619551233\">rechtfertigt<\/a> der Aufsichtsrat die Sonderverg\u00fcgung mit der herausragenden Performance des Jobs-Nachfolgers:<\/p>\n<blockquote><p>Tim hat beispiellose Innovation und Fokussierung in seine Rolle als CEO eingebracht und gezeigt, was es bedeutet, mit Werten und Integrit\u00e4t zu f\u00fchren. Zum ersten Mal seit fast einem Jahrzehnt gew\u00e4hren wir Tim in Anerkennung seiner herausragenden F\u00fchrungsqualit\u00e4ten und mit gro\u00dfem Optimismus f\u00fcr die Zukunft von Apple eine neue Aktienzuteilung, die im Laufe der Zeit gew\u00e4hrt wird, w\u00e4hrend er diese Bem\u00fchungen fortsetzt.<\/p><\/blockquote>\n<p><img loading=\"lazy\" decoding=\"async\" class=\"tracking\" src=\"https:\/\/vg01.met.vgwort.de\/na\/c3ea0e264c1e4e3898657d91e8c50d80\" width=\"1\" height=\"1\" \/><\/p>\n","protected":false},"excerpt":{"rendered":"<a href=\"https:\/\/www.ifun.de\/80-millionen-neue-aktien-verguetung-bindet-tim-cook-bis-2025-160185\/\"><img width=\"150\" height=\"150\" src=\"https:\/\/images.ifun.de\/wp-content\/uploads\/2020\/09\/tim-cook-apple-feature-150x150.jpg\" class=\"alignright tfe wp-post-image\" alt=\"Tim Cook Apple Feature\" decoding=\"async\" loading=\"lazy\" \/><\/a><p>Am Tag des Jony Ive-R\u00fcckzugs haben wir uns erstmals mit der Personalie Jeff Williams besch\u00e4ftigt, dem Apple-Chef Tim Cook damals mehr Produkt-Verantwortung in die Hand legte. Die Theorie damals: Chief Operating Officer (COO) Jeff Williams wird durch den amtierende Apple-Chef Tim Cook als Nachfolger aufgebaut. Zur Erinnerung: Cook war vor dem Tod Steve Jobs selbst [&hellip;]<\/p>\n","protected":false},"author":1,"featured_media":160188,"comment_status":"open","ping_status":"closed","sticky":false,"template":"","format":"standard","meta":{"_acf_changed":false,"footnotes":""},"categories":[3,1783],"tags":[4736,115,4597,614],"class_list":["post-160185","post","type-post","status-publish","format-standard","has-post-thumbnail","hentry","category-apple","category-feature","tag-apple","tag-geld","tag-jeff-williams","tag-tim-cook"],"acf":[],"aioseo_notices":[],"subheadline":["Zeitplan f\u00fcr Tim-Nachfolger","Termin f\u00fcr die Macht\u00fcbergabe"],"featured_image":["https:\/\/images.ifun.de\/wp-content\/uploads\/2020\/09\/tim-cook-apple-feature.jpg"],"rest_api_enabler":{"subheadline":["Zeitplan f\u00fcr Tim-Nachfolger","Termin f\u00fcr die Macht\u00fcbergabe"],"featured_image":"https:\/\/images.ifun.de\/wp-content\/uploads\/2020\/09\/tim-cook-apple-feature.jpg"},"_links":{"self":[{"href":"https:\/\/www.ifun.de\/apiv2\/wp\/v2\/posts\/160185","targetHints":{"allow":["GET"]}}],"collection":[{"href":"https:\/\/www.ifun.de\/apiv2\/wp\/v2\/posts"}],"about":[{"href":"https:\/\/www.ifun.de\/apiv2\/wp\/v2\/types\/post"}],"author":[{"embeddable":true,"href":"https:\/\/www.ifun.de\/apiv2\/wp\/v2\/users\/1"}],"replies":[{"embeddable":true,"href":"https:\/\/www.ifun.de\/apiv2\/wp\/v2\/comments?post=160185"}],"version-history":[{"count":4,"href":"https:\/\/www.ifun.de\/apiv2\/wp\/v2\/posts\/160185\/revisions"}],"predecessor-version":[{"id":160330,"href":"https:\/\/www.ifun.de\/apiv2\/wp\/v2\/posts\/160185\/revisions\/160330"}],"wp:featuredmedia":[{"embeddable":true,"href":"https:\/\/www.ifun.de\/apiv2\/wp\/v2\/media\/160188"}],"wp:attachment":[{"href":"https:\/\/www.ifun.de\/apiv2\/wp\/v2\/media?parent=160185"}],"wp:term":[{"taxonomy":"category","embeddable":true,"href":"https:\/\/www.ifun.de\/apiv2\/wp\/v2\/categories?post=160185"},{"taxonomy":"post_tag","embeddable":true,"href":"https:\/\/www.ifun.de\/apiv2\/wp\/v2\/tags?post=160185"}],"curies":[{"name":"wp","href":"https:\/\/api.w.org\/{rel}","templated":true}]}}