{"id":160028,"date":"2020-09-25T17:22:25","date_gmt":"2020-09-25T15:22:25","guid":{"rendered":"https:\/\/www.ifun.de\/?p=160028"},"modified":"2020-09-25T17:22:25","modified_gmt":"2020-09-25T15:22:25","slug":"eu-geht-im-13-milliarden-streit-mit-apple-in-berufung","status":"publish","type":"post","link":"https:\/\/www.ifun.de\/eu-geht-im-13-milliarden-streit-mit-apple-in-berufung-160028\/","title":{"rendered":"EU geht im 13-Milliarden-Streit mit Apple in Berufung"},"content":{"rendered":"<p>Die Europ\u00e4ische Kommission hat beschlossen, gegen das vom Europ\u00e4ischen Gerichtshof gef\u00e4llte <a href=\"https:\/\/www.ifun.de\/apple-steuernachzahlung-richterliche-schlappe-fuer-die-eu-156737\/\">Urteil<\/a> bez\u00fcglich der Apple von Irland angeblich gew\u00e4hrten Steuerverg\u00fcnstigungen Berufung einzulegen. Die europ\u00e4ischen Richter hatten den die Forderung einer Steuernachzahlung in H\u00f6he von 13 Milliarden Euro f\u00fcr nichtig erkl\u00e4rt, da es der EU-Kommission nicht gelungen sei, die beanstandeten unrechtm\u00e4\u00dfigen Steuerverg\u00fcnstigungen nachzuweisen.<\/p>\n<p><a href=\"https:\/\/images.ifun.de\/wp-content\/uploads\/2018\/06\/im-cook-irland.jpg\"><img loading=\"lazy\" decoding=\"async\" src=\"https:\/\/images.ifun.de\/wp-content\/uploads\/2018\/06\/im-cook-irland.jpg\" alt=\"Im Cook Irland\" width=\"500\" height=\"333\" class=\"alignnone size-full wp-image-123732\" srcset=\"https:\/\/images.ifun.de\/wp-content\/uploads\/2018\/06\/im-cook-irland.jpg 500w, https:\/\/images.ifun.de\/wp-content\/uploads\/2018\/06\/im-cook-irland-300x200.jpg 300w\" sizes=\"auto, (max-width: 500px) 100vw, 500px\" \/><\/a><\/p>\n<h6>Tim Cook in Irland<\/h6>\n<p>Der Streit geht schon einige Jahre zur\u00fcck. Die EU-Kommission hatte 2014 erste Ermittlungen <a href=\"https:\/\/www.ifun.de\/eu-ermittlungen-apple-droht-steuernachzahlung-in-milliardenhoehe-66892\/\" title=\"2014\">eingeleitet<\/a> und Irland vorgeworfen, Apple durch selektive Steuerverg\u00fcnstigungen unrechtm\u00e4\u00dfige staatliche Beihilfen zu gew\u00e4hren. Daraus resultierte der zwei Jahre sp\u00e4ter erfolgte <a href=\"https:\/\/www.ifun.de\/eu-kommission-apple-muss-13-milliarden-euro-steuern-nachzahlen-96848\/\">Beschluss<\/a>, dass Apple 13 Milliarden Euro an Irland nachzuzahlen habe.<\/p>\n<p>Apples Verteidigerrolle im Streit mit der EU nahm daraufhin das EU-Mitglied Irland ein. Der Inselstaat <a href=\"https:\/\/www.ifun.de\/13-milliarden-urteil-irland-geht-auf-konfrontationskurs-97057\/\">weigerte<\/a> sich, die geforderten Gelder einzutreiben. Dies sicher nicht nur um Apple nicht zu ver\u00e4rgern, sondern auch sich selbst nicht indirekt eines Steuervergehens schuldig zu sprechen. <\/p>\n<p>In ihrer <a href=\"https:\/\/ec.europa.eu\/commission\/presscorner\/detail\/en\/statement_20_1746\">Stellungnahme<\/a> l\u00e4sst die EU-Kommissarin Margrethe Vestager nun verlauten, dass man die Angelegenheit erneut verhandelt m\u00fcsse. Nicht nur weil das Urteil aus dem Juli wichtige rechtliche Fragen mit Blick auf Anwendung der Vorschriften bez\u00fcglich staatlich gew\u00e4hrter Steuerverg\u00fcnstigungen aufwerfe, sondern auch weil man der Auffassung sei, dass dem Gericht mit Bezug auf das Urteil eine Reihe von Fehlern unterlaufen sei.<\/p>\n<p>Vestager betont, dass es von oberster Priorit\u00e4t sei, dass alle Unternehmen unabh\u00e4ngig von ihrer Gr\u00f6\u00dfe ihren gerechten Anteil an den Steuern zahlen. Wenn die Mitgliedstaaten bestimmten multinationalen Unternehmen Steuervorteile gew\u00e4hrten, die ihren Konkurrenten nicht zur Verf\u00fcgung st\u00fcnden, schade dies dem fairen Wettbewerb in der Europ\u00e4ischen Union und versto\u00dfe damit gegen die Vorschriften \u00fcber staatliche Beihilfen.<\/p>\n<h2>Stellungnahmen von Apple und Irland<\/h2>\n<p>Dem Nachrichtenmagazin <a href=\"https:\/\/www.cnbc.com\/2020\/09\/25\/eu-appeals-against-apple-ruling-in-15-billion-tax-battle.html\">CNBC<\/a> liegt bereits eine knappe Stellungnahme Apples zur der Entscheidung der EU-Kommission vor. Darin hei\u00dft es, dass man die Argumentation pr\u00fcfen wolle, dies jedoch nichts an den Schlussfolgerungen des Gerichts \u00e4ndern werde, dass Apple sich an die lokalen Gesetze in Irland gehalten habe.<\/p>\n<p>\u00c4hnlich \u00e4u\u00dfert sich die Regierung Irlands. Man werde sich die Zeit nehmen, um die in der Berufung dargelegten Gr\u00fcnde zu pr\u00fcfen und dann beraten, wie darauf zu reagieren sei.<img loading=\"lazy\" decoding=\"async\" src=\"https:\/\/vg07.met.vgwort.de\/na\/40c5d3012dc44132b2ae1fd30ffc8406\" width=\"1\" height=\"1\" class=\"tracking\"><\/p>\n","protected":false},"excerpt":{"rendered":"<a href=\"https:\/\/www.ifun.de\/eu-geht-im-13-milliarden-streit-mit-apple-in-berufung-160028\/\"><img decoding=\"async\" width=\"150\" src=\"https:\/\/images.ifun.de\/wp-content\/uploads\/2018\/06\/im-cook-irland.jpg\" class=\"alignright wp-post-image tfe\" alt=\"Im Cook Irland\" title=\"\" \/><\/a><p>Die Europ\u00e4ische Kommission hat beschlossen, gegen das vom Europ\u00e4ischen Gerichtshof gef\u00e4llte Urteil bez\u00fcglich der Apple von Irland angeblich gew\u00e4hrten Steuerverg\u00fcnstigungen Berufung einzulegen. Die europ\u00e4ischen Richter hatten den die Forderung einer Steuernachzahlung in H\u00f6he von 13 Milliarden Euro f\u00fcr nichtig erkl\u00e4rt, da es der EU-Kommission nicht gelungen sei, die beanstandeten unrechtm\u00e4\u00dfigen Steuerverg\u00fcnstigungen nachzuweisen. Tim Cook in [&hellip;]<\/p>\n","protected":false},"author":2,"featured_media":0,"comment_status":"open","ping_status":"closed","sticky":false,"template":"","format":"standard","meta":{"_acf_changed":false,"footnotes":""},"categories":[3],"tags":[4736,246,115,2379,2002],"class_list":["post-160028","post","type-post","status-publish","format-standard","hentry","category-apple","tag-apple","tag-europa","tag-geld","tag-irland","tag-steuern"],"acf":[],"aioseo_notices":[],"subheadline":["Steuerverg\u00fcnstigungen durch Irland?"],"featured_image":["https:\/\/images.ifun.de\/wp-content\/uploads\/2020\/07\/europa-unsplash-feature.jpg"],"rest_api_enabler":{"subheadline":"Steuerverg\u00fcnstigungen durch Irland?","featured_image":"https:\/\/images.ifun.de\/wp-content\/uploads\/2020\/07\/europa-unsplash-feature.jpg"},"_links":{"self":[{"href":"https:\/\/www.ifun.de\/apiv2\/wp\/v2\/posts\/160028","targetHints":{"allow":["GET"]}}],"collection":[{"href":"https:\/\/www.ifun.de\/apiv2\/wp\/v2\/posts"}],"about":[{"href":"https:\/\/www.ifun.de\/apiv2\/wp\/v2\/types\/post"}],"author":[{"embeddable":true,"href":"https:\/\/www.ifun.de\/apiv2\/wp\/v2\/users\/2"}],"replies":[{"embeddable":true,"href":"https:\/\/www.ifun.de\/apiv2\/wp\/v2\/comments?post=160028"}],"version-history":[{"count":9,"href":"https:\/\/www.ifun.de\/apiv2\/wp\/v2\/posts\/160028\/revisions"}],"predecessor-version":[{"id":160037,"href":"https:\/\/www.ifun.de\/apiv2\/wp\/v2\/posts\/160028\/revisions\/160037"}],"wp:attachment":[{"href":"https:\/\/www.ifun.de\/apiv2\/wp\/v2\/media?parent=160028"}],"wp:term":[{"taxonomy":"category","embeddable":true,"href":"https:\/\/www.ifun.de\/apiv2\/wp\/v2\/categories?post=160028"},{"taxonomy":"post_tag","embeddable":true,"href":"https:\/\/www.ifun.de\/apiv2\/wp\/v2\/tags?post=160028"}],"curies":[{"name":"wp","href":"https:\/\/api.w.org\/{rel}","templated":true}]}}