{"id":159951,"date":"2020-09-24T18:26:53","date_gmt":"2020-09-24T16:26:53","guid":{"rendered":"https:\/\/www.ifun.de\/?p=159951"},"modified":"2020-09-24T18:26:53","modified_gmt":"2020-09-24T16:26:53","slug":"verbatim-storengo-alu-slim-portable-festplatte-im-alu-gehaeuse","status":"publish","type":"post","link":"https:\/\/www.ifun.de\/verbatim-storengo-alu-slim-portable-festplatte-im-alu-gehaeuse-159951\/","title":{"rendered":"Verbatim Store&#8217;n&#8217;Go Alu Slim: Portable Festplatte im Alu-Geh\u00e4use"},"content":{"rendered":"<p>Mit der <a href=\"https:\/\/www.verbatim.de\/de\/prod\/store-n-go-alu-slim-portable-hard-drive-2tb-silver-53666\/\">Store\u2019n\u2019Go Alu Slim<\/a> bietet Verbatim eine neue externe Festplatte an, die besonders f\u00fcr den Einsatz unterwegs gedacht ist. Die mit einer Kapazit\u00e4t von einem oder zwei Terabyte angebotene Platte ist nicht mal einen Zentimeter dick und 150 Gramm leicht. Der Herstelle bewirbt das Metallgeh\u00e4use nicht nur als optisch ansprechend, sondern auch besonders robust.<\/p>\n<p><a href=\"https:\/\/images.ifun.de\/wp-content\/uploads\/2020\/09\/verbatim-store-n-go-alu-slim-lieferumfang.jpg\"><img loading=\"lazy\" decoding=\"async\" src=\"https:\/\/images.ifun.de\/wp-content\/uploads\/2020\/09\/verbatim-store-n-go-alu-slim-lieferumfang-500x428.jpg\" alt=\"Verbatim Store N Go Alu Slim Lieferumfang\" width=\"500\" height=\"428\" class=\"alignnone size-medium wp-image-159954\" srcset=\"https:\/\/images.ifun.de\/wp-content\/uploads\/2020\/09\/verbatim-store-n-go-alu-slim-lieferumfang-500x428.jpg 500w, https:\/\/images.ifun.de\/wp-content\/uploads\/2020\/09\/verbatim-store-n-go-alu-slim-lieferumfang-700x600.jpg 700w, https:\/\/images.ifun.de\/wp-content\/uploads\/2020\/09\/verbatim-store-n-go-alu-slim-lieferumfang-768x658.jpg 768w, https:\/\/images.ifun.de\/wp-content\/uploads\/2020\/09\/verbatim-store-n-go-alu-slim-lieferumfang.jpg 1200w\" sizes=\"auto, (max-width: 500px) 100vw, 500px\" \/><\/a><\/p>\n<p>Als Einschr\u00e4nkung betrachten wir die Tatsache, dass Verbatim hier wie bei der k\u00fcrzlich schon vorgestellten <a href=\"https:\/\/www.ifun.de\/store-n-go-mini-ssd-kompakter-usb-speicher-fuer-unterwegs-159101\/\" title=\"Store \u2019n\u2018 Go Mini SSD: Kompakter USB-Speicher f\u00fcr unterwegs\">Store\u2019n\u2019Go Mini SSD<\/a> auf einen Micro-B-Anschluss setzt. Die passenden Kabel von Micro-B auf USB hat man eher selten im Schrank, somit solltet ihr das mitgelieferte Kabel nicht vergessen oder verlieren. Die Daten\u00fcbertragung findet \u00fcber USB 3.2 Gen 1 und damit maximal 5 GB\/s statt.<\/p>\n<p>Bei der Farbgebung hat der Hersteller die aktuellen MacBooks im Auge und bietet die Festplatte in Silber, Space Grey und Gold an. Damit die Verbindung auch mit neuesten Apple-Ger\u00e4ten klappt, liegt ein Adapter von USB-A auf USB-C mit bei.<\/p>\n<p><a href=\"https:\/\/images.ifun.de\/wp-content\/uploads\/2020\/09\/verbatim-store-n-go-alu-slim-mac.jpg\"><img loading=\"lazy\" decoding=\"async\" src=\"https:\/\/images.ifun.de\/wp-content\/uploads\/2020\/09\/verbatim-store-n-go-alu-slim-mac-700x397.jpg\" alt=\"Verbatim Store N Go Alu Slim Mac\" width=\"700\" height=\"397\" class=\"alignnone size-large wp-image-159953\" srcset=\"https:\/\/images.ifun.de\/wp-content\/uploads\/2020\/09\/verbatim-store-n-go-alu-slim-mac-700x397.jpg 700w, https:\/\/images.ifun.de\/wp-content\/uploads\/2020\/09\/verbatim-store-n-go-alu-slim-mac-500x284.jpg 500w, https:\/\/images.ifun.de\/wp-content\/uploads\/2020\/09\/verbatim-store-n-go-alu-slim-mac-768x436.jpg 768w, https:\/\/images.ifun.de\/wp-content\/uploads\/2020\/09\/verbatim-store-n-go-alu-slim-mac.jpg 1400w\" sizes=\"auto, (max-width: 700px) 100vw, 700px\" \/><\/a><\/p>\n<p>Verbatim nennt einen unverbindliche Preisempfehlung von 69,99 Euro f\u00fcr das Modell mit 1 TB Speicher. Die Variante mit 2 TB soll dem Hersteller zufolge 89,99 Euro kosten. Amazon bietet eine <a rel=\"noindex, nofollow\" href=\"http:\/\/www.ifun.de\/amzn\/B08DY3PQ1C\">Vorbestellm\u00f6glichkeit<\/a> zu h\u00f6heren Preisen an, daher w\u00fcrden wir bei Kaufinteresse noch abwarten, bis die Platte in ausreichenden Mengen verf\u00fcgbar ist. Dies sollte laut Verbatim in den n\u00e4chsten Tagen der Fall sein.<\/p>\n","protected":false},"excerpt":{"rendered":"<a href=\"https:\/\/www.ifun.de\/verbatim-storengo-alu-slim-portable-festplatte-im-alu-gehaeuse-159951\/\"><img width=\"150\" height=\"150\" src=\"https:\/\/images.ifun.de\/wp-content\/uploads\/2020\/09\/verbatim-store-n-go-alu-slim-150x150.jpg\" class=\"alignright tfe wp-post-image\" alt=\"Verbatim Store N Go Alu Slim\" decoding=\"async\" loading=\"lazy\" \/><\/a><p>Mit der Store\u2019n\u2019Go Alu Slim bietet Verbatim eine neue externe Festplatte an, die besonders f\u00fcr den Einsatz unterwegs gedacht ist. Die mit einer Kapazit\u00e4t von einem oder zwei Terabyte angebotene Platte ist nicht mal einen Zentimeter dick und 150 Gramm leicht. Der Herstelle bewirbt das Metallgeh\u00e4use nicht nur als optisch ansprechend, sondern auch besonders robust. [&hellip;]<\/p>\n","protected":false},"author":2,"featured_media":159955,"comment_status":"open","ping_status":"closed","sticky":false,"template":"","format":"standard","meta":{"_acf_changed":false,"footnotes":""},"categories":[22],"tags":[131,240,5055],"class_list":["post-159951","post","type-post","status-publish","format-standard","has-post-thumbnail","hentry","category-zubehor","tag-festplatte","tag-speicher","tag-verbatim"],"acf":[],"aioseo_notices":[],"subheadline":["Mit 1 oder 2 TB erh\u00e4ltlich"],"featured_image":["https:\/\/images.ifun.de\/wp-content\/uploads\/2020\/09\/verbatim-store-n-go-alu-slim.jpg"],"rest_api_enabler":{"subheadline":"Mit 1 oder 2 TB erh\u00e4ltlich","featured_image":"https:\/\/images.ifun.de\/wp-content\/uploads\/2020\/09\/verbatim-store-n-go-alu-slim.jpg"},"_links":{"self":[{"href":"https:\/\/www.ifun.de\/apiv2\/wp\/v2\/posts\/159951","targetHints":{"allow":["GET"]}}],"collection":[{"href":"https:\/\/www.ifun.de\/apiv2\/wp\/v2\/posts"}],"about":[{"href":"https:\/\/www.ifun.de\/apiv2\/wp\/v2\/types\/post"}],"author":[{"embeddable":true,"href":"https:\/\/www.ifun.de\/apiv2\/wp\/v2\/users\/2"}],"replies":[{"embeddable":true,"href":"https:\/\/www.ifun.de\/apiv2\/wp\/v2\/comments?post=159951"}],"version-history":[{"count":2,"href":"https:\/\/www.ifun.de\/apiv2\/wp\/v2\/posts\/159951\/revisions"}],"predecessor-version":[{"id":159956,"href":"https:\/\/www.ifun.de\/apiv2\/wp\/v2\/posts\/159951\/revisions\/159956"}],"wp:featuredmedia":[{"embeddable":true,"href":"https:\/\/www.ifun.de\/apiv2\/wp\/v2\/media\/159955"}],"wp:attachment":[{"href":"https:\/\/www.ifun.de\/apiv2\/wp\/v2\/media?parent=159951"}],"wp:term":[{"taxonomy":"category","embeddable":true,"href":"https:\/\/www.ifun.de\/apiv2\/wp\/v2\/categories?post=159951"},{"taxonomy":"post_tag","embeddable":true,"href":"https:\/\/www.ifun.de\/apiv2\/wp\/v2\/tags?post=159951"}],"curies":[{"name":"wp","href":"https:\/\/api.w.org\/{rel}","templated":true}]}}