{"id":15897,"date":"2011-09-12T08:05:30","date_gmt":"2011-09-12T06:05:30","guid":{"rendered":"http:\/\/www.ifun.de\/?p=15897"},"modified":"2011-09-12T08:05:30","modified_gmt":"2011-09-12T06:05:30","slug":"apple-store-hamburg-eroeffnung-2","status":"publish","type":"post","link":"https:\/\/www.ifun.de\/apple-store-hamburg-eroeffnung-2-15897\/","title":{"rendered":"Apple Store Hamburg: Er\u00f6ffnung offiziell best\u00e4tigt"},"content":{"rendered":"<p><img loading=\"lazy\" decoding=\"async\" src=\"http:\/\/images.ifun.de\/wp-content\/uploads\/2011\/09\/moin1.gif\" alt=\"\" title=\"moin\" width=\"177\" height=\"129\" class=\"alignright size-full wp-image-15898\" \/>Wir hatten es <a href=\"http:\/\/www.ifun.de\/apple-store-hamburg-eroeffnung-15860\/\">am Freitag<\/a> ja bereits vorweg genommen, jetzt hat Apple offiziell best\u00e4tigt: Der neue <a href=\"http:\/\/www.apple.com\/de\/retail\/jungfernstieg\/\">Hamburger Apple Store am Jungfernstieg<\/a> wird am 17. September er\u00f6ffnet.<\/p>\n<p>Wie immer d\u00fcrften sich die ersten Schlangesteher bereits am Abend zuvor einfinden, ab 10 Uhr wird \u00f6ffnen sich am Samstag dann die T\u00fcren und die Apple-Mitarbeiter werden die ersten Besucher mit T-Shirt-Geschenken begr\u00fc\u00dfen.<\/p>\n","protected":false},"excerpt":{"rendered":"<a href=\"https:\/\/www.ifun.de\/apple-store-hamburg-eroeffnung-2-15897\/\"><img width=\"150\" height=\"129\" src=\"https:\/\/images.ifun.de\/wp-content\/uploads\/2011\/09\/moin1-150x129.gif\" class=\"alignright tfe wp-post-image\" alt=\"\" decoding=\"async\" loading=\"lazy\" \/><\/a><p>Wir hatten es am Freitag ja bereits vorweg genommen, jetzt hat Apple offiziell best\u00e4tigt: Der neue Hamburger Apple Store am Jungfernstieg wird am 17. September er\u00f6ffnet. Wie immer d\u00fcrften sich die ersten Schlangesteher bereits am Abend zuvor einfinden, ab 10 Uhr wird \u00f6ffnen sich am Samstag dann die T\u00fcren und die Apple-Mitarbeiter werden die ersten [&hellip;]<\/p>\n","protected":false},"author":2,"featured_media":15898,"comment_status":"open","ping_status":"closed","sticky":false,"template":"","format":"standard","meta":{"footnotes":""},"categories":[3],"tags":[49,294],"class_list":["post-15897","post","type-post","status-publish","format-standard","has-post-thumbnail","hentry","category-apple","tag-apple-store","tag-hamburg"],"aioseo_notices":[],"aioseo_head":"\n\t\t<!-- All in One SEO Pro 5.0.1 - aioseo.com -->\n\t<meta name=\"description\" content=\"Wir hatten es am Freitag ja bereits vorweg genommen, jetzt hat Apple offiziell best\u00e4tigt: Der neue Hamburger Apple Store am Jungfernstieg wird am 17. September er\u00f6ffnet. Wie immer d\u00fcrften sich die ersten Schlangesteher bereits am Abend zuvor einfinden, ab 10 Uhr wird \u00f6ffnen sich am Samstag dann die T\u00fcren und die Apple-Mitarbeiter werden die ersten\" \/>\n\t<meta name=\"robots\" content=\"max-image-preview:large\" \/>\n\t<meta name=\"author\" content=\"Chris\"\/>\n\t<meta name=\"google-site-verification\" content=\"uH_IhWlZO-QDb51DGwVoGT_GCZmfJp98klL3XmbE3ow\" \/>\n\t<link rel=\"canonical\" href=\"https:\/\/www.ifun.de\/apple-store-hamburg-eroeffnung-2-15897\/\" \/>\n\t<meta name=\"generator\" content=\"All in One SEO Pro (AIOSEO) 5.0.1\" \/>\n\t\t<meta property=\"og:locale\" content=\"de_DE\" \/>\n\t\t<meta property=\"og:site_name\" content=\"ifun.de | Apple-News seit 2001\" \/>\n\t\t<meta property=\"og:type\" content=\"article\" \/>\n\t\t<meta property=\"og:title\" content=\"Apple Store Hamburg Er\u00f6ffnung am 17. September | ifun.de\" \/>\n\t\t<meta property=\"og:description\" content=\"Wir hatten es am Freitag ja bereits vorweg genommen, jetzt hat Apple offiziell best\u00e4tigt: Der neue Hamburger Apple Store am Jungfernstieg wird am 17. September er\u00f6ffnet. Wie immer d\u00fcrften sich die ersten Schlangesteher bereits am Abend zuvor einfinden, ab 10 Uhr wird \u00f6ffnen sich am Samstag dann die T\u00fcren und die Apple-Mitarbeiter werden die ersten\" \/>\n\t\t<meta property=\"og:url\" content=\"https:\/\/www.ifun.de\/apple-store-hamburg-eroeffnung-2-15897\/\" \/>\n\t\t<meta property=\"article:published_time\" content=\"2011-09-12T06:05:30+00:00\" \/>\n\t\t<meta property=\"article:modified_time\" content=\"2011-09-12T06:05:30+00:00\" \/>\n\t\t<meta property=\"article:publisher\" content=\"https:\/\/facebook.com\/ifun.de\" \/>\n\t\t<meta name=\"twitter:card\" content=\"summary_large_image\" \/>\n\t\t<meta name=\"twitter:site\" content=\"@ifun_news\" \/>\n\t\t<meta name=\"twitter:title\" content=\"Apple Store Hamburg Er\u00f6ffnung am 17. September | ifun.de\" \/>\n\t\t<meta name=\"twitter:description\" content=\"Wir hatten es am Freitag ja bereits vorweg genommen, jetzt hat Apple offiziell best\u00e4tigt: Der neue Hamburger Apple Store am Jungfernstieg wird am 17. September er\u00f6ffnet. Wie immer d\u00fcrften sich die ersten Schlangesteher bereits am Abend zuvor einfinden, ab 10 Uhr wird \u00f6ffnen sich am Samstag dann die T\u00fcren und die Apple-Mitarbeiter werden die ersten\" \/>\n\t\t<meta name=\"twitter:creator\" content=\"@ifun_news\" \/>\n\t\t<script type=\"application\/ld+json\" class=\"aioseo-schema\">\n\t\t\t{\"@context\":\"https:\\\/\\\/schema.org\",\"@graph\":[{\"@type\":\"Article\",\"@id\":\"https:\\\/\\\/www.ifun.de\\\/apple-store-hamburg-eroeffnung-2-15897\\\/#article\",\"name\":\"Apple Store Hamburg Er\\u00f6ffnung am 17. September | ifun.de\",\"headline\":\"Apple Store Hamburg: Er\\u00f6ffnung offiziell best\\u00e4tigt\",\"author\":{\"@id\":\"https:\\\/\\\/www.ifun.de\\\/author\\\/chris\\\/#author\"},\"publisher\":{\"@id\":\"https:\\\/\\\/www.ifun.de\\\/#organization\"},\"image\":{\"@type\":\"ImageObject\",\"url\":\"https:\\\/\\\/images.ifun.de\\\/wp-content\\\/uploads\\\/2011\\\/09\\\/moin1.gif\",\"width\":177,\"height\":129},\"datePublished\":\"2011-09-12T08:05:30+02:00\",\"dateModified\":\"2011-09-12T08:05:30+02:00\",\"inLanguage\":\"de-DE\",\"commentCount\":13,\"mainEntityOfPage\":{\"@id\":\"https:\\\/\\\/www.ifun.de\\\/apple-store-hamburg-eroeffnung-2-15897\\\/#webpage\"},\"isPartOf\":{\"@id\":\"https:\\\/\\\/www.ifun.de\\\/apple-store-hamburg-eroeffnung-2-15897\\\/#webpage\"},\"articleSection\":\"Apple, Apple Store, Hamburg\"},{\"@type\":\"BreadcrumbList\",\"@id\":\"https:\\\/\\\/www.ifun.de\\\/apple-store-hamburg-eroeffnung-2-15897\\\/#breadcrumblist\",\"itemListElement\":[{\"@type\":\"ListItem\",\"@id\":\"https:\\\/\\\/www.ifun.de#listItem\",\"position\":1,\"name\":\"Home\",\"item\":\"https:\\\/\\\/www.ifun.de\",\"nextItem\":{\"@type\":\"ListItem\",\"@id\":\"https:\\\/\\\/www.ifun.de\\\/category\\\/apple\\\/#listItem\",\"name\":\"Apple\"}},{\"@type\":\"ListItem\",\"@id\":\"https:\\\/\\\/www.ifun.de\\\/category\\\/apple\\\/#listItem\",\"position\":2,\"name\":\"Apple\",\"item\":\"https:\\\/\\\/www.ifun.de\\\/category\\\/apple\\\/\",\"nextItem\":{\"@type\":\"ListItem\",\"@id\":\"https:\\\/\\\/www.ifun.de\\\/apple-store-hamburg-eroeffnung-2-15897\\\/#listItem\",\"name\":\"Apple Store Hamburg: Er\\u00f6ffnung offiziell best\\u00e4tigt\"},\"previousItem\":{\"@type\":\"ListItem\",\"@id\":\"https:\\\/\\\/www.ifun.de#listItem\",\"name\":\"Home\"}},{\"@type\":\"ListItem\",\"@id\":\"https:\\\/\\\/www.ifun.de\\\/apple-store-hamburg-eroeffnung-2-15897\\\/#listItem\",\"position\":3,\"name\":\"Apple Store Hamburg: Er\\u00f6ffnung offiziell best\\u00e4tigt\",\"previousItem\":{\"@type\":\"ListItem\",\"@id\":\"https:\\\/\\\/www.ifun.de\\\/category\\\/apple\\\/#listItem\",\"name\":\"Apple\"}}]},{\"@type\":\"Organization\",\"@id\":\"https:\\\/\\\/www.ifun.de\\\/#organization\",\"name\":\"ifun.de\",\"description\":\"Apple-News seit 2001\",\"url\":\"https:\\\/\\\/www.ifun.de\\\/\",\"telephone\":\"+493057707123\",\"logo\":{\"@type\":\"ImageObject\",\"url\":\"https:\\\/\\\/images.ifun.de\\\/wp-content\\\/uploads\\\/2026\\\/02\\\/apple-touch-icon.png\",\"@id\":\"https:\\\/\\\/www.ifun.de\\\/apple-store-hamburg-eroeffnung-2-15897\\\/#organizationLogo\",\"width\":512,\"height\":512,\"caption\":\"Apple Touch Icon\"},\"image\":{\"@id\":\"https:\\\/\\\/www.ifun.de\\\/apple-store-hamburg-eroeffnung-2-15897\\\/#organizationLogo\"},\"sameAs\":[\"https:\\\/\\\/facebook.com\\\/ifun.de\",\"https:\\\/\\\/x.com\\\/ifun_news\"]},{\"@type\":\"Person\",\"@id\":\"https:\\\/\\\/www.ifun.de\\\/author\\\/chris\\\/#author\",\"url\":\"https:\\\/\\\/www.ifun.de\\\/author\\\/chris\\\/\",\"name\":\"Chris\"},{\"@type\":\"WebPage\",\"@id\":\"https:\\\/\\\/www.ifun.de\\\/apple-store-hamburg-eroeffnung-2-15897\\\/#webpage\",\"url\":\"https:\\\/\\\/www.ifun.de\\\/apple-store-hamburg-eroeffnung-2-15897\\\/\",\"name\":\"Apple Store Hamburg Er\\u00f6ffnung am 17. September | ifun.de\",\"description\":\"Wir hatten es am Freitag ja bereits vorweg genommen, jetzt hat Apple offiziell best\\u00e4tigt: Der neue Hamburger Apple Store am Jungfernstieg wird am 17. September er\\u00f6ffnet. Wie immer d\\u00fcrften sich die ersten Schlangesteher bereits am Abend zuvor einfinden, ab 10 Uhr wird \\u00f6ffnen sich am Samstag dann die T\\u00fcren und die Apple-Mitarbeiter werden die ersten\",\"inLanguage\":\"de-DE\",\"isPartOf\":{\"@id\":\"https:\\\/\\\/www.ifun.de\\\/#website\"},\"breadcrumb\":{\"@id\":\"https:\\\/\\\/www.ifun.de\\\/apple-store-hamburg-eroeffnung-2-15897\\\/#breadcrumblist\"},\"author\":{\"@id\":\"https:\\\/\\\/www.ifun.de\\\/author\\\/chris\\\/#author\"},\"creator\":{\"@id\":\"https:\\\/\\\/www.ifun.de\\\/author\\\/chris\\\/#author\"},\"image\":{\"@type\":\"ImageObject\",\"url\":\"https:\\\/\\\/images.ifun.de\\\/wp-content\\\/uploads\\\/2011\\\/09\\\/moin1.gif\",\"@id\":\"https:\\\/\\\/www.ifun.de\\\/apple-store-hamburg-eroeffnung-2-15897\\\/#mainImage\",\"width\":177,\"height\":129},\"primaryImageOfPage\":{\"@id\":\"https:\\\/\\\/www.ifun.de\\\/apple-store-hamburg-eroeffnung-2-15897\\\/#mainImage\"},\"datePublished\":\"2011-09-12T08:05:30+02:00\",\"dateModified\":\"2011-09-12T08:05:30+02:00\"},{\"@type\":\"WebSite\",\"@id\":\"https:\\\/\\\/www.ifun.de\\\/#website\",\"url\":\"https:\\\/\\\/www.ifun.de\\\/\",\"name\":\"ifun.de\",\"description\":\"Apple-News seit 2001\",\"inLanguage\":\"de-DE\",\"publisher\":{\"@id\":\"https:\\\/\\\/www.ifun.de\\\/#organization\"}}]}\n\t\t<\/script>\n\t\t<!-- All in One SEO Pro -->\r\n\t\t<title>Apple Store Hamburg Er\u00f6ffnung am 17. September | ifun.de<\/title>\n\n","aioseo_head_json":{"title":"Apple Store Hamburg Er\u00f6ffnung am 17. September | ifun.de","description":"Wir hatten es am Freitag ja bereits vorweg genommen, jetzt hat Apple offiziell best\u00e4tigt: Der neue Hamburger Apple Store am Jungfernstieg wird am 17. September er\u00f6ffnet. Wie immer d\u00fcrften sich die ersten Schlangesteher bereits am Abend zuvor einfinden, ab 10 Uhr wird \u00f6ffnen sich am Samstag dann die T\u00fcren und die Apple-Mitarbeiter werden die ersten","canonical_url":"https:\/\/www.ifun.de\/apple-store-hamburg-eroeffnung-2-15897\/","robots":"max-image-preview:large","keywords":"","webmasterTools":{"google-site-verification":"uH_IhWlZO-QDb51DGwVoGT_GCZmfJp98klL3XmbE3ow","miscellaneous":""},"schema":{"@context":"https:\/\/schema.org","@graph":[{"@type":"Article","@id":"https:\/\/www.ifun.de\/apple-store-hamburg-eroeffnung-2-15897\/#article","name":"Apple Store Hamburg Er\u00f6ffnung am 17. September | ifun.de","headline":"Apple Store Hamburg: Er\u00f6ffnung offiziell best\u00e4tigt","author":{"@id":"https:\/\/www.ifun.de\/author\/chris\/#author"},"publisher":{"@id":"https:\/\/www.ifun.de\/#organization"},"image":{"@type":"ImageObject","url":"https:\/\/images.ifun.de\/wp-content\/uploads\/2011\/09\/moin1.gif","width":177,"height":129},"datePublished":"2011-09-12T08:05:30+02:00","dateModified":"2011-09-12T08:05:30+02:00","inLanguage":"de-DE","commentCount":13,"mainEntityOfPage":{"@id":"https:\/\/www.ifun.de\/apple-store-hamburg-eroeffnung-2-15897\/#webpage"},"isPartOf":{"@id":"https:\/\/www.ifun.de\/apple-store-hamburg-eroeffnung-2-15897\/#webpage"},"articleSection":"Apple, Apple Store, Hamburg"},{"@type":"BreadcrumbList","@id":"https:\/\/www.ifun.de\/apple-store-hamburg-eroeffnung-2-15897\/#breadcrumblist","itemListElement":[{"@type":"ListItem","@id":"https:\/\/www.ifun.de#listItem","position":1,"name":"Home","item":"https:\/\/www.ifun.de","nextItem":{"@type":"ListItem","@id":"https:\/\/www.ifun.de\/category\/apple\/#listItem","name":"Apple"}},{"@type":"ListItem","@id":"https:\/\/www.ifun.de\/category\/apple\/#listItem","position":2,"name":"Apple","item":"https:\/\/www.ifun.de\/category\/apple\/","nextItem":{"@type":"ListItem","@id":"https:\/\/www.ifun.de\/apple-store-hamburg-eroeffnung-2-15897\/#listItem","name":"Apple Store Hamburg: Er\u00f6ffnung offiziell best\u00e4tigt"},"previousItem":{"@type":"ListItem","@id":"https:\/\/www.ifun.de#listItem","name":"Home"}},{"@type":"ListItem","@id":"https:\/\/www.ifun.de\/apple-store-hamburg-eroeffnung-2-15897\/#listItem","position":3,"name":"Apple Store Hamburg: Er\u00f6ffnung offiziell best\u00e4tigt","previousItem":{"@type":"ListItem","@id":"https:\/\/www.ifun.de\/category\/apple\/#listItem","name":"Apple"}}]},{"@type":"Organization","@id":"https:\/\/www.ifun.de\/#organization","name":"ifun.de","description":"Apple-News seit 2001","url":"https:\/\/www.ifun.de\/","telephone":"+493057707123","logo":{"@type":"ImageObject","url":"https:\/\/images.ifun.de\/wp-content\/uploads\/2026\/02\/apple-touch-icon.png","@id":"https:\/\/www.ifun.de\/apple-store-hamburg-eroeffnung-2-15897\/#organizationLogo","width":512,"height":512,"caption":"Apple Touch Icon"},"image":{"@id":"https:\/\/www.ifun.de\/apple-store-hamburg-eroeffnung-2-15897\/#organizationLogo"},"sameAs":["https:\/\/facebook.com\/ifun.de","https:\/\/x.com\/ifun_news"]},{"@type":"Person","@id":"https:\/\/www.ifun.de\/author\/chris\/#author","url":"https:\/\/www.ifun.de\/author\/chris\/","name":"Chris"},{"@type":"WebPage","@id":"https:\/\/www.ifun.de\/apple-store-hamburg-eroeffnung-2-15897\/#webpage","url":"https:\/\/www.ifun.de\/apple-store-hamburg-eroeffnung-2-15897\/","name":"Apple Store Hamburg Er\u00f6ffnung am 17. September | ifun.de","description":"Wir hatten es am Freitag ja bereits vorweg genommen, jetzt hat Apple offiziell best\u00e4tigt: Der neue Hamburger Apple Store am Jungfernstieg wird am 17. September er\u00f6ffnet. Wie immer d\u00fcrften sich die ersten Schlangesteher bereits am Abend zuvor einfinden, ab 10 Uhr wird \u00f6ffnen sich am Samstag dann die T\u00fcren und die Apple-Mitarbeiter werden die ersten","inLanguage":"de-DE","isPartOf":{"@id":"https:\/\/www.ifun.de\/#website"},"breadcrumb":{"@id":"https:\/\/www.ifun.de\/apple-store-hamburg-eroeffnung-2-15897\/#breadcrumblist"},"author":{"@id":"https:\/\/www.ifun.de\/author\/chris\/#author"},"creator":{"@id":"https:\/\/www.ifun.de\/author\/chris\/#author"},"image":{"@type":"ImageObject","url":"https:\/\/images.ifun.de\/wp-content\/uploads\/2011\/09\/moin1.gif","@id":"https:\/\/www.ifun.de\/apple-store-hamburg-eroeffnung-2-15897\/#mainImage","width":177,"height":129},"primaryImageOfPage":{"@id":"https:\/\/www.ifun.de\/apple-store-hamburg-eroeffnung-2-15897\/#mainImage"},"datePublished":"2011-09-12T08:05:30+02:00","dateModified":"2011-09-12T08:05:30+02:00"},{"@type":"WebSite","@id":"https:\/\/www.ifun.de\/#website","url":"https:\/\/www.ifun.de\/","name":"ifun.de","description":"Apple-News seit 2001","inLanguage":"de-DE","publisher":{"@id":"https:\/\/www.ifun.de\/#organization"}}]},"og:locale":"de_DE","og:site_name":"ifun.de | Apple-News seit 2001","og:type":"article","og:title":"Apple Store Hamburg Er\u00f6ffnung am 17. September | ifun.de","og:description":"Wir hatten es am Freitag ja bereits vorweg genommen, jetzt hat Apple offiziell best\u00e4tigt: Der neue Hamburger Apple Store am Jungfernstieg wird am 17. September er\u00f6ffnet. Wie immer d\u00fcrften sich die ersten Schlangesteher bereits am Abend zuvor einfinden, ab 10 Uhr wird \u00f6ffnen sich am Samstag dann die T\u00fcren und die Apple-Mitarbeiter werden die ersten","og:url":"https:\/\/www.ifun.de\/apple-store-hamburg-eroeffnung-2-15897\/","article:published_time":"2011-09-12T06:05:30+00:00","article:modified_time":"2011-09-12T06:05:30+00:00","article:publisher":"https:\/\/facebook.com\/ifun.de","twitter:card":"summary_large_image","twitter:site":"@ifun_news","twitter:title":"Apple Store Hamburg Er\u00f6ffnung am 17. September | ifun.de","twitter:description":"Wir hatten es am Freitag ja bereits vorweg genommen, jetzt hat Apple offiziell best\u00e4tigt: Der neue Hamburger Apple Store am Jungfernstieg wird am 17. September er\u00f6ffnet. Wie immer d\u00fcrften sich die ersten Schlangesteher bereits am Abend zuvor einfinden, ab 10 Uhr wird \u00f6ffnen sich am Samstag dann die T\u00fcren und die Apple-Mitarbeiter werden die ersten","twitter:creator":"@ifun_news"},"aioseo_meta_data":{"post_id":"15897","title":"Apple Store Hamburg Er\u00f6ffnung am 17. September | #site_title","description":null,"keywords":null,"keyphrases":null,"primary_term":null,"canonical_url":null,"og_title":null,"og_description":null,"og_object_type":"default","og_image_type":"default","og_image_url":null,"og_image_width":null,"og_image_height":null,"og_image_custom_url":null,"og_image_custom_fields":null,"og_video":null,"og_custom_url":null,"og_article_section":null,"og_article_tags":null,"twitter_use_og":false,"twitter_card":"default","twitter_image_type":"default","twitter_image_url":null,"twitter_image_custom_url":null,"twitter_image_custom_fields":null,"twitter_title":null,"twitter_description":null,"schema":{"blockGraphs":[],"customGraphs":[],"default":{"data":{"Article":[],"Course":[],"Dataset":[],"FAQPage":[],"Movie":[],"Person":[],"Product":[],"ProductReview":[],"Car":[],"Recipe":[],"Service":[],"SoftwareApplication":[],"WebPage":[]},"graphName":"Article","isEnabled":true},"graphs":[]},"schema_type":"default","schema_type_options":null,"pillar_content":false,"robots_default":true,"robots_noindex":false,"robots_noarchive":false,"robots_nosnippet":false,"robots_nofollow":false,"robots_noimageindex":false,"robots_noodp":false,"robots_notranslate":false,"robots_max_snippet":null,"robots_max_videopreview":null,"robots_max_imagepreview":"large","priority":null,"frequency":null,"local_seo":null,"seo_analyzer_scan_date":null,"breadcrumb_settings":null,"limit_modified_date":false,"reviewed_by":null,"open_ai":null,"ai":null,"created":"2026-02-24 00:39:52","updated":"2026-03-26 20:14:19","focus_keyword":null,"additional_keywords":null,"truseo_locale":null},"aioseo_breadcrumb":"<div class=\"aioseo-breadcrumbs\"><span class=\"aioseo-breadcrumb\">\n\t<a href=\"https:\/\/www.ifun.de\" title=\"Home\">Home<\/a>\n<\/span><span class=\"aioseo-breadcrumb-separator\">\u00bb<\/span><span class=\"aioseo-breadcrumb\">\n\t<a href=\"https:\/\/www.ifun.de\/category\/apple\/\" title=\"Apple\">Apple<\/a>\n<\/span><span class=\"aioseo-breadcrumb-separator\">\u00bb<\/span><span class=\"aioseo-breadcrumb\">\n\tApple Store Hamburg: Er\u00f6ffnung offiziell best\u00e4tigt\n<\/span><\/div>","aioseo_breadcrumb_json":[{"label":"Home","link":"https:\/\/www.ifun.de"},{"label":"Apple","link":"https:\/\/www.ifun.de\/category\/apple\/"},{"label":"Apple Store Hamburg: Er\u00f6ffnung offiziell best\u00e4tigt","link":"https:\/\/www.ifun.de\/apple-store-hamburg-eroeffnung-2-15897\/"}],"rest_api_enabler":[],"_links":{"self":[{"href":"https:\/\/www.ifun.de\/apiv2\/wp\/v2\/posts\/15897","targetHints":{"allow":["GET"]}}],"collection":[{"href":"https:\/\/www.ifun.de\/apiv2\/wp\/v2\/posts"}],"about":[{"href":"https:\/\/www.ifun.de\/apiv2\/wp\/v2\/types\/post"}],"author":[{"embeddable":true,"href":"https:\/\/www.ifun.de\/apiv2\/wp\/v2\/users\/2"}],"replies":[{"embeddable":true,"href":"https:\/\/www.ifun.de\/apiv2\/wp\/v2\/comments?post=15897"}],"version-history":[{"count":1,"href":"https:\/\/www.ifun.de\/apiv2\/wp\/v2\/posts\/15897\/revisions"}],"predecessor-version":[{"id":15899,"href":"https:\/\/www.ifun.de\/apiv2\/wp\/v2\/posts\/15897\/revisions\/15899"}],"wp:featuredmedia":[{"embeddable":true,"href":"https:\/\/www.ifun.de\/apiv2\/wp\/v2\/media\/15898"}],"wp:attachment":[{"href":"https:\/\/www.ifun.de\/apiv2\/wp\/v2\/media?parent=15897"}],"wp:term":[{"taxonomy":"category","embeddable":true,"href":"https:\/\/www.ifun.de\/apiv2\/wp\/v2\/categories?post=15897"},{"taxonomy":"post_tag","embeddable":true,"href":"https:\/\/www.ifun.de\/apiv2\/wp\/v2\/tags?post=15897"}],"curies":[{"name":"wp","href":"https:\/\/api.w.org\/{rel}","templated":true}]}}