{"id":158814,"date":"2020-09-01T12:57:33","date_gmt":"2020-09-01T10:57:33","guid":{"rendered":"https:\/\/www.ifun.de\/?p=158814"},"modified":"2020-09-01T12:57:33","modified_gmt":"2020-09-01T10:57:33","slug":"schlankes-ladegeraet-powerport-atom-iii-slim-erstmals-deutlich-guenstiger","status":"publish","type":"post","link":"https:\/\/www.ifun.de\/schlankes-ladegeraet-powerport-atom-iii-slim-erstmals-deutlich-guenstiger-158814\/","title":{"rendered":"Schlankes Ladeger\u00e4t &#8222;PowerPort Atom III Slim&#8220; erstmals deutlich g\u00fcnstiger"},"content":{"rendered":"<p>Das erst seit wenigen Tagen erh\u00e4ltliche Dual-USB-C-Ladeger\u00e4t <a href=\"https:\/\/www.ifun.de\/amzn\/B089K2DGDG\" title=\"PowerPort Atom III 63W Slim\">PowerPort Atom III 63W Slim<\/a> von Anker sieht seine erste Preisreduzierung. Wer darauf gewartet hat, kann das flache Ladeger\u00e4t f\u00fcr den Tisch oder die Wandmontage jetzt mit 10 Euro Preisabzug f\u00fcr 39,99 Euro bestellen.<\/p>\n<p><a href=\"https:\/\/images.ifun.de\/wp-content\/uploads\/2020\/08\/Anker-PowerPort-Atom-III-63W-Slim.jpg\"><img loading=\"lazy\" decoding=\"async\" src=\"https:\/\/images.ifun.de\/wp-content\/uploads\/2020\/08\/Anker-PowerPort-Atom-III-63W-Slim-500x369.jpg\" alt=\"Anker PowerPort Atom III 63W Slim\" width=\"500\" height=\"369\" class=\"alignnone size-medium wp-image-158443\" srcset=\"https:\/\/images.ifun.de\/wp-content\/uploads\/2020\/08\/Anker-PowerPort-Atom-III-63W-Slim-500x369.jpg 500w, https:\/\/images.ifun.de\/wp-content\/uploads\/2020\/08\/Anker-PowerPort-Atom-III-63W-Slim-700x517.jpg 700w, https:\/\/images.ifun.de\/wp-content\/uploads\/2020\/08\/Anker-PowerPort-Atom-III-63W-Slim-768x567.jpg 768w, https:\/\/images.ifun.de\/wp-content\/uploads\/2020\/08\/Anker-PowerPort-Atom-III-63W-Slim.jpg 1114w\" sizes=\"auto, (max-width: 500px) 100vw, 500px\" \/><\/a><\/p>\n<p>Das mit 9 x 8,7 x 1,8 Zentimetern recht kompakte und vor allem flache Ladeger\u00e4t h\u00e4lt je zwei Anschl\u00fcsse f\u00fcr USB-C und USB-A bereit. Jeweils entsprechend beschriftet, bietet kann der eine USB-C-Ladebuchse angeschlossene Ger\u00e4te mit 45 Watt und ein zweiter USB-C-Anschluss mit 18 Watt laden. Die beiden zus\u00e4tzlich verf\u00fcgbaren USB-A-Anschl\u00fcsse k\u00f6nnen insgesamt 15 Watt Ladeleistung liefern. Die maximale Gesamtleistung des Ger\u00e4ts betr\u00e4gt 63 Watt.<\/p>\n<p>Anker setzt beim neuen PowerPort Atom III 63W Slim auf die sogenannte Galliumnitrid-Technologie (GaN). Dadurch l\u00e4sst sich nicht nur die kompakte Baugr\u00f6\u00dfe des Ger\u00e4ts erreichen, sondern es wird auch die Hitzeentwicklung w\u00e4hrend des Ladevorgangs deutlich reduziert.<\/p>\n<p><a href=\"https:\/\/images.ifun.de\/wp-content\/uploads\/2020\/08\/Anker-PowerPort-Atom-III-63W-Slim-MacBook.jpg\"><img loading=\"lazy\" decoding=\"async\" src=\"https:\/\/images.ifun.de\/wp-content\/uploads\/2020\/08\/Anker-PowerPort-Atom-III-63W-Slim-MacBook-700x420.jpg\" alt=\"Anker PowerPort Atom III 63W Slim MacBook\" width=\"700\" height=\"420\" class=\"alignnone size-large wp-image-158441\" srcset=\"https:\/\/images.ifun.de\/wp-content\/uploads\/2020\/08\/Anker-PowerPort-Atom-III-63W-Slim-MacBook-700x420.jpg 700w, https:\/\/images.ifun.de\/wp-content\/uploads\/2020\/08\/Anker-PowerPort-Atom-III-63W-Slim-MacBook-500x300.jpg 500w, https:\/\/images.ifun.de\/wp-content\/uploads\/2020\/08\/Anker-PowerPort-Atom-III-63W-Slim-MacBook-768x461.jpg 768w, https:\/\/images.ifun.de\/wp-content\/uploads\/2020\/08\/Anker-PowerPort-Atom-III-63W-Slim-MacBook.jpg 1200w\" sizes=\"auto, (max-width: 700px) 100vw, 700px\" \/><\/a><\/p>\n<p>Regul\u00e4r wird der Ladeadapter PowerPort Atom III 63W Slim in Deutschland zum Preis von 49,99 Euro angeboten. Im Rahmen der aktuellen Sonderaktion k\u00f6nnt ihr auf der Produktseite einen Coupon f\u00fcr 20 Prozent Preisnachlass aktivieren, sodass an der Kasse 39,99 Euro als Endpreis angezeigt wird. Im Lieferumfang sind neben dem Ladeger\u00e4t ein 1,5 Meter langes Netzkabel sowie ein Klebestreifen f\u00fcr Befestigung auf passenden Fl\u00e4chen enthalten.<\/p>\n<script>\r\n  function open_amazon(link) {\r\n    if (navigator.userAgent.indexOf(\"Firefox\") != -1) {\r\n      window.open(link, '_blank');\r\n    } else {\r\n      var tag = document.createElement('a');\r\n      tag.setAttribute('href', link);\r\n      tag.innerHTML = \"amzn\";\r\n      tag.click();\r\n    }\r\n  }\r\n<\/script>\r\n    <div id=\"article-single-amazon-preview\" onclick=\"return open_amazon('https:\/\/www.amazon.de\/dp\/B089K2DGDG?tag=musicweb02&linkCode=ogi&th=1&psc=1');\">\n  <div id=\"article-single-amazon-preview-header\">\n    <span class=\"title\">Produkthinweis<\/span>\n      <\/div>\n  <div id=\"article-single-amazon-preview-content\">\n    <div id=\"article-single-amazon-preview-img\" style=\"background: url('https:\/\/m.media-amazon.com\/images\/I\/41yTRgsl5ML.jpg') center center no-repeat; background-size: cover;\"><\/div>\n    <div id=\"article-single-amazon-preview-desc\">\n      <span class=\"bezeichnung\"><a href=\"https:\/\/www.amazon.de\/dp\/B089K2DGDG?tag=musicweb02&linkCode=ogi&th=1&psc=1\" style=\"text-decoration: none; border-bottom: 0px; box-shadow: none;\">Anker PowerPort Atom III Slim Wandladeger\u00e4t Duale USB-C Ports (65W Max), 4 Port PIQ 3.0 & GaN, f\u00fcr USB C Laptops, iPad...<\/a><\/span>\n      <span class=\"preis--aktuell\">Aktionspreis<\/span>\n      <span class=\"preis--alt\"><\/span>\n    <\/div>\n  <\/div>\n<\/div>\n","protected":false},"excerpt":{"rendered":"<a href=\"https:\/\/www.ifun.de\/schlankes-ladegeraet-powerport-atom-iii-slim-erstmals-deutlich-guenstiger-158814\/\"><img decoding=\"async\" width=\"150\" src=\"https:\/\/images.ifun.de\/wp-content\/uploads\/2020\/08\/Anker-PowerPort-Atom-III-63W-Slim-500x369.jpg\" class=\"alignright wp-post-image tfe\" alt=\"Anker PowerPort Atom III 63W Slim\" title=\"\" \/><\/a><p>Das erst seit wenigen Tagen erh\u00e4ltliche Dual-USB-C-Ladeger\u00e4t PowerPort Atom III 63W Slim von Anker sieht seine erste Preisreduzierung. Wer darauf gewartet hat, kann das flache Ladeger\u00e4t f\u00fcr den Tisch oder die Wandmontage jetzt mit 10 Euro Preisabzug f\u00fcr 39,99 Euro bestellen. Das mit 9 x 8,7 x 1,8 Zentimetern recht kompakte und vor allem flache [&hellip;]<\/p>\n","protected":false},"author":2,"featured_media":0,"comment_status":"open","ping_status":"closed","sticky":false,"template":"","format":"standard","meta":{"_acf_changed":false,"footnotes":""},"categories":[1],"tags":[2156,136,5045,2650],"class_list":["post-158814","post","type-post","status-publish","format-standard","hentry","category-news","tag-anker","tag-ladegerat","tag-powerport-atom-iii-slim","tag-usb-c"],"acf":[],"aioseo_notices":[],"featured_image":["https:\/\/images.ifun.de\/wp-content\/uploads\/2020\/08\/Anker-PowerPort-Atom-III-63W-Slim-Tisch.jpg"],"subheadline":["2 USB-C und 2 USB-A"],"rest_api_enabler":{"featured_image":"https:\/\/images.ifun.de\/wp-content\/uploads\/2020\/08\/Anker-PowerPort-Atom-III-63W-Slim-Tisch.jpg","subheadline":"2 USB-C und 2 USB-A"},"_links":{"self":[{"href":"https:\/\/www.ifun.de\/apiv2\/wp\/v2\/posts\/158814","targetHints":{"allow":["GET"]}}],"collection":[{"href":"https:\/\/www.ifun.de\/apiv2\/wp\/v2\/posts"}],"about":[{"href":"https:\/\/www.ifun.de\/apiv2\/wp\/v2\/types\/post"}],"author":[{"embeddable":true,"href":"https:\/\/www.ifun.de\/apiv2\/wp\/v2\/users\/2"}],"replies":[{"embeddable":true,"href":"https:\/\/www.ifun.de\/apiv2\/wp\/v2\/comments?post=158814"}],"version-history":[{"count":3,"href":"https:\/\/www.ifun.de\/apiv2\/wp\/v2\/posts\/158814\/revisions"}],"predecessor-version":[{"id":158817,"href":"https:\/\/www.ifun.de\/apiv2\/wp\/v2\/posts\/158814\/revisions\/158817"}],"wp:attachment":[{"href":"https:\/\/www.ifun.de\/apiv2\/wp\/v2\/media?parent=158814"}],"wp:term":[{"taxonomy":"category","embeddable":true,"href":"https:\/\/www.ifun.de\/apiv2\/wp\/v2\/categories?post=158814"},{"taxonomy":"post_tag","embeddable":true,"href":"https:\/\/www.ifun.de\/apiv2\/wp\/v2\/tags?post=158814"}],"curies":[{"name":"wp","href":"https:\/\/api.w.org\/{rel}","templated":true}]}}