{"id":158679,"date":"2020-08-28T09:29:51","date_gmt":"2020-08-28T07:29:51","guid":{"rendered":"https:\/\/www.ifun.de\/?p=158679"},"modified":"2020-08-28T09:40:12","modified_gmt":"2020-08-28T07:40:12","slug":"kamera-des-lg-ultrafine-5k-display-macht-am-macbook-pro-12-probleme","status":"publish","type":"post","link":"https:\/\/www.ifun.de\/kamera-des-lg-ultrafine-5k-display-macht-am-macbook-pro-12-probleme-158679\/","title":{"rendered":"Kamera des LG UltraFine 5K Display macht am MacBook Pro 13&#8243; Probleme"},"content":{"rendered":"<p>Das seit vergangenem Jahr \u00fcber Apple erh\u00e4ltliche <a href=\"https:\/\/apple.sjv.io\/5GYxL\">LG UltraFine 5K Display<\/a> scheint nicht zu 100 Prozent mit dem aktuellen <a href=\"https:\/\/apple.sjv.io\/PXNbN\" title=\"MacBook Pro 13\u201c\">MacBook Pro 13\u201c<\/a> kompatibel. Nutzer berichten von Problemen mit der in den Bildschirm integrierten Kamera.<\/p>\n<p>Die ersten Fehlerberichte diesbez\u00fcglich gab es bereits kurz nach dem Verkaufsstart des neuen Apple-Notebooks im Mai. W\u00e4hrend sich der LG-Bildschirm und die darin verbaute Kamera mit \u00e4lteren MacBook-Modellen noch problemlos verwenden lie\u00dfen, reagierte die Kamera nach dem Wechsel auf das neue MacBook Pro 13\u201c nur noch mit deutlicher Verz\u00f6gerung, unabh\u00e4ngig von der damit genutzten Software.<\/p>\n<p><a href=\"https:\/\/images.ifun.de\/wp-content\/uploads\/2020\/08\/lg-5k-ultrafine-display.jpg\"><img loading=\"lazy\" decoding=\"async\" src=\"https:\/\/images.ifun.de\/wp-content\/uploads\/2020\/08\/lg-5k-ultrafine-display-700x564.jpg\" alt=\"Lg 5k Ultrafine Display\" width=\"700\" height=\"564\" class=\"alignnone size-large wp-image-158684\" srcset=\"https:\/\/images.ifun.de\/wp-content\/uploads\/2020\/08\/lg-5k-ultrafine-display-700x564.jpg 700w, https:\/\/images.ifun.de\/wp-content\/uploads\/2020\/08\/lg-5k-ultrafine-display-500x403.jpg 500w, https:\/\/images.ifun.de\/wp-content\/uploads\/2020\/08\/lg-5k-ultrafine-display-768x618.jpg 768w, https:\/\/images.ifun.de\/wp-content\/uploads\/2020\/08\/lg-5k-ultrafine-display.jpg 1200w\" sizes=\"auto, (max-width: 700px) 100vw, 700px\" \/><\/a><\/p>\n<p><h5>&#8222;Fehler bekannt, Update in Arbeit&#8220;<\/h5>\n<p>Was zun\u00e4chst den Anschein machte, als lie\u00dfe es sich durch ein kleines Software-Update korrigieren, wird in <a href=\"https:\/\/discussions.apple.com\/thread\/251375319\">Apples Supportforen<\/a> mittlerweile seitenweise diskutiert. Apple und LG haben offenbar auch drei Monate nach der Einf\u00fchrung des Rechners keine L\u00f6sung f\u00fcr das Problem parat. Aus Apples Support-Team ist immerhin zu h\u00f6ren, dass der Fehler bekannt ist und man gemeinsam mit LG an einem korrigierenden Update arbeite.<\/p>\n<p>Der zum Preis von 1.363,73 Euro von Apple vertriebene 27\u201c-Bildschirm von LG wird \u00fcber Thunderbolt mit dem Mac verbunden und kann den Rechner gleichzeitig mit Strom versorgen. Anders als in Deutschland wird das LG UltraFine 5K Display <a href=\"https:\/\/www.apple.com\/shop\/product\/HMUB2LL\/A\/lg-ultrafine-5k-display\">in den USA<\/a> derzeit \u00fcbrigens nicht von Apple ausgeliefert. Wer den Bildschirm dort bestellt, muss sich auf eine Wartezeit von bis zu zehn Wochen einstellen. M\u00f6glicherweise h\u00e4lt Apple den Bildschirm dort bereits zur\u00fcck, bis die damit verbundenen technischen Probleme gel\u00f6st sind.<\/p>\n<p>Apple musste bereit im Fr\u00fchjahr mit einem Update f\u00fcr macOS Catalina einen Fehler im Zusammenspiel mit dem LG-Bildschirm korrigieren. Zu Jahresbeginn haben wir \u00fcber Probleme mit der Helligkeit des UltraFine 5K Display nach Beenden des Ruhezustands <a href=\"https:\/\/www.ifun.de\/lg-5k-display-unter-macos-catalina-mit-mehreren-macken-148892\/\" title=\"LG 5K-Display: Unter macOS Catalina mit mehreren Macken\">berichtet<\/a>. Im M\u00e4rz hat Apple diesen Fehler dann mit dem Update auf <a href=\"https:\/\/www.ifun.de\/macos-catalina-10-15-4-steht-zum-download-bereit-151690\/\" title=\"macOS Catalina 10.15.4 steht zum Download bereit\">macOS Catalina 10.15.4<\/a> dann korrigiert.<img loading=\"lazy\" decoding=\"async\" src=\"https:\/\/vg02.met.vgwort.de\/na\/7409d26819ac4733be4628437ec15578\" width=\"1\" height=\"1\" class=\"tracking\"><\/p>\n","protected":false},"excerpt":{"rendered":"<a href=\"https:\/\/www.ifun.de\/kamera-des-lg-ultrafine-5k-display-macht-am-macbook-pro-12-probleme-158679\/\"><img width=\"150\" height=\"150\" src=\"https:\/\/images.ifun.de\/wp-content\/uploads\/2020\/08\/lg-5k-ultrafine-display-150x150.jpg\" class=\"alignright tfe wp-post-image\" alt=\"Lg 5k Ultrafine Display\" decoding=\"async\" loading=\"lazy\" \/><\/a><p>Das seit vergangenem Jahr \u00fcber Apple erh\u00e4ltliche LG UltraFine 5K Display scheint nicht zu 100 Prozent mit dem aktuellen MacBook Pro 13\u201c kompatibel. Nutzer berichten von Problemen mit der in den Bildschirm integrierten Kamera. Die ersten Fehlerberichte diesbez\u00fcglich gab es bereits kurz nach dem Verkaufsstart des neuen Apple-Notebooks im Mai. W\u00e4hrend sich der LG-Bildschirm und [&hellip;]<\/p>\n","protected":false},"author":2,"featured_media":158684,"comment_status":"open","ping_status":"closed","sticky":false,"template":"","format":"standard","meta":{"_acf_changed":false,"footnotes":""},"categories":[16],"tags":[50,4606,224,3095],"class_list":["post-158679","post","type-post","status-publish","format-standard","has-post-thumbnail","hentry","category-mac","tag-kamera","tag-lg-ultrafine-5k-display","tag-macbook-pro","tag-macos"],"acf":[],"aioseo_notices":[],"subheadline":["Verz\u00f6gerte Bilddarstellung"],"featured_image":["https:\/\/images.ifun.de\/wp-content\/uploads\/2019\/05\/lg-4k-ultrafine-display-mac.jpg"],"rest_api_enabler":{"subheadline":"Verz\u00f6gerte Bilddarstellung","featured_image":"https:\/\/images.ifun.de\/wp-content\/uploads\/2019\/05\/lg-4k-ultrafine-display-mac.jpg"},"_links":{"self":[{"href":"https:\/\/www.ifun.de\/apiv2\/wp\/v2\/posts\/158679","targetHints":{"allow":["GET"]}}],"collection":[{"href":"https:\/\/www.ifun.de\/apiv2\/wp\/v2\/posts"}],"about":[{"href":"https:\/\/www.ifun.de\/apiv2\/wp\/v2\/types\/post"}],"author":[{"embeddable":true,"href":"https:\/\/www.ifun.de\/apiv2\/wp\/v2\/users\/2"}],"replies":[{"embeddable":true,"href":"https:\/\/www.ifun.de\/apiv2\/wp\/v2\/comments?post=158679"}],"version-history":[{"count":9,"href":"https:\/\/www.ifun.de\/apiv2\/wp\/v2\/posts\/158679\/revisions"}],"predecessor-version":[{"id":158689,"href":"https:\/\/www.ifun.de\/apiv2\/wp\/v2\/posts\/158679\/revisions\/158689"}],"wp:featuredmedia":[{"embeddable":true,"href":"https:\/\/www.ifun.de\/apiv2\/wp\/v2\/media\/158684"}],"wp:attachment":[{"href":"https:\/\/www.ifun.de\/apiv2\/wp\/v2\/media?parent=158679"}],"wp:term":[{"taxonomy":"category","embeddable":true,"href":"https:\/\/www.ifun.de\/apiv2\/wp\/v2\/categories?post=158679"},{"taxonomy":"post_tag","embeddable":true,"href":"https:\/\/www.ifun.de\/apiv2\/wp\/v2\/tags?post=158679"}],"curies":[{"name":"wp","href":"https:\/\/api.w.org\/{rel}","templated":true}]}}