{"id":15860,"date":"2011-09-09T12:27:53","date_gmt":"2011-09-09T10:27:53","guid":{"rendered":"http:\/\/www.ifun.de\/?p=15860"},"modified":"2011-09-09T13:08:58","modified_gmt":"2011-09-09T11:08:58","slug":"apple-store-hamburg-eroeffnung","status":"publish","type":"post","link":"https:\/\/www.ifun.de\/apple-store-hamburg-eroeffnung-15860\/","title":{"rendered":"Apple Store Hamburg: Er\u00f6ffnung am 17. September"},"content":{"rendered":"<p>Unsere Hamburger Leser k\u00f6nnen sich schon mal auf Schlangestehen am n\u00e4chsten Samstag einstellen: Der Apple Store am dortigen Jungfernstieg wird laut unseren Informationen nun am 17. September seine Tore \u00f6ffnen.<\/p>\n<p><img loading=\"lazy\" decoding=\"async\" src=\"http:\/\/images.ifun.de\/wp-content\/uploads\/2011\/09\/jungfernstieg.jpg\" alt=\"\" title=\"jungfernstieg\" width=\"464\" height=\"259\" class=\"alignnone size-full wp-image-15861\" srcset=\"https:\/\/images.ifun.de\/wp-content\/uploads\/2011\/09\/jungfernstieg.jpg 464w, https:\/\/images.ifun.de\/wp-content\/uploads\/2011\/09\/jungfernstieg-300x167.jpg 300w\" sizes=\"auto, (max-width: 464px) 100vw, 464px\" \/><\/p>\n<p>Die Vorbereitungen in dem zweist\u00f6ckigen Ladengesch\u00e4ft scheinen weitgehend abgeschlossen zu sein, selbst das <a href=\"http:\/\/images.ifun.de\/wp-content\/uploads\/2011\/09\/wlan_apple.jpg\">WLAN-Netz<\/a> ist bereits in Betrieb. Am neuen Termin gibt es kaum noch Zweifel, wir haben inzwischen aus mehreren Quellen detaillierte Hinweise diesbez\u00fcglich erhalten. Zudem ist das Datum in den umliegenden Gesch\u00e4ften anscheinend bereits Tagesgespr\u00e4ch.<\/p>\n<p>Wie wir weiter erfahren konnten, ist der neue Hamburger Store die fl\u00e4chenm\u00e4\u00dfig bislang gr\u00f6\u00dfte deutsche Apple-Filiale. Direkt an der Binnenalster, neben der U+S-Bahn-Haltestelle Jungfernstieg gelegen, hat Apple einen der besten Hamburger Standorte f\u00fcr das imposante Ladengesch\u00e4ft ausgew\u00e4hlt.<br \/>\n(Danke Daniel + Felix)<\/p>\n","protected":false},"excerpt":{"rendered":"<a href=\"https:\/\/www.ifun.de\/apple-store-hamburg-eroeffnung-15860\/\"><img width=\"150\" height=\"150\" src=\"https:\/\/images.ifun.de\/wp-content\/uploads\/2011\/09\/wlan_apple-150x150.jpg\" class=\"alignright tfe wp-post-image\" alt=\"\" decoding=\"async\" loading=\"lazy\" \/><\/a><p>Unsere Hamburger Leser k\u00f6nnen sich schon mal auf Schlangestehen am n\u00e4chsten Samstag einstellen: Der Apple Store am dortigen Jungfernstieg wird laut unseren Informationen nun am 17. September seine Tore \u00f6ffnen. Die Vorbereitungen in dem zweist\u00f6ckigen Ladengesch\u00e4ft scheinen weitgehend abgeschlossen zu sein, selbst das WLAN-Netz ist bereits in Betrieb. Am neuen Termin gibt es kaum noch [&hellip;]<\/p>\n","protected":false},"author":2,"featured_media":15862,"comment_status":"open","ping_status":"closed","sticky":false,"template":"","format":"standard","meta":{"_acf_changed":false,"footnotes":""},"categories":[3],"tags":[49,294],"class_list":["post-15860","post","type-post","status-publish","format-standard","has-post-thumbnail","hentry","category-apple","tag-apple-store","tag-hamburg"],"acf":[],"aioseo_notices":[],"rest_api_enabler":[],"_links":{"self":[{"href":"https:\/\/www.ifun.de\/apiv2\/wp\/v2\/posts\/15860","targetHints":{"allow":["GET"]}}],"collection":[{"href":"https:\/\/www.ifun.de\/apiv2\/wp\/v2\/posts"}],"about":[{"href":"https:\/\/www.ifun.de\/apiv2\/wp\/v2\/types\/post"}],"author":[{"embeddable":true,"href":"https:\/\/www.ifun.de\/apiv2\/wp\/v2\/users\/2"}],"replies":[{"embeddable":true,"href":"https:\/\/www.ifun.de\/apiv2\/wp\/v2\/comments?post=15860"}],"version-history":[{"count":12,"href":"https:\/\/www.ifun.de\/apiv2\/wp\/v2\/posts\/15860\/revisions"}],"predecessor-version":[{"id":15874,"href":"https:\/\/www.ifun.de\/apiv2\/wp\/v2\/posts\/15860\/revisions\/15874"}],"wp:featuredmedia":[{"embeddable":true,"href":"https:\/\/www.ifun.de\/apiv2\/wp\/v2\/media\/15862"}],"wp:attachment":[{"href":"https:\/\/www.ifun.de\/apiv2\/wp\/v2\/media?parent=15860"}],"wp:term":[{"taxonomy":"category","embeddable":true,"href":"https:\/\/www.ifun.de\/apiv2\/wp\/v2\/categories?post=15860"},{"taxonomy":"post_tag","embeddable":true,"href":"https:\/\/www.ifun.de\/apiv2\/wp\/v2\/tags?post=15860"}],"curies":[{"name":"wp","href":"https:\/\/api.w.org\/{rel}","templated":true}]}}