{"id":158370,"date":"2020-08-20T17:34:46","date_gmt":"2020-08-20T15:34:46","guid":{"rendered":"https:\/\/www.ifun.de\/?p=158370"},"modified":"2020-08-20T18:28:14","modified_gmt":"2020-08-20T16:28:14","slug":"apple-tv-zweite-staffel-fuer-ted-lasso-erster-trailer-fuer-on-the-rocks","status":"publish","type":"post","link":"https:\/\/www.ifun.de\/apple-tv-zweite-staffel-fuer-ted-lasso-erster-trailer-fuer-on-the-rocks-158370\/","title":{"rendered":"Apple TV+: Zweite Staffel f\u00fcr &#8222;Ted Lasso&#8220;, erster Trailer f\u00fcr &#8222;On the Rocks&#8220;"},"content":{"rendered":"<h2>Zweite Staffel f\u00fcr &#8222;Ted Lasso&#8220;<\/h2>\n<p>Der letzte nennenswerten Neuzugang bei Apple TV+ liegt erst eine Woche zur\u00fcck. Am 14. August startete mit \u201eTed Lasso\u201c ein neues Comedy-Format.<\/p>\n<p><a href=\"https:\/\/images.ifun.de\/wp-content\/uploads\/2020\/08\/ted-lasso.jpg\"><img loading=\"lazy\" decoding=\"async\" src=\"https:\/\/images.ifun.de\/wp-content\/uploads\/2020\/08\/ted-lasso-500x281.jpg\" alt=\"Ted Lasso\" width=\"500\" height=\"281\" class=\"aligncenter size-medium wp-image-158374\" srcset=\"https:\/\/images.ifun.de\/wp-content\/uploads\/2020\/08\/ted-lasso-500x281.jpg 500w, https:\/\/images.ifun.de\/wp-content\/uploads\/2020\/08\/ted-lasso-700x393.jpg 700w, https:\/\/images.ifun.de\/wp-content\/uploads\/2020\/08\/ted-lasso-768x432.jpg 768w, https:\/\/images.ifun.de\/wp-content\/uploads\/2020\/08\/ted-lasso.jpg 1500w\" sizes=\"auto, (max-width: 500px) 100vw, 500px\" \/><\/a><\/p>\n<p>Jason Sudeikis spielt in der Kom\u00f6die einen American-Football-Trainer aus Kansas, der von einem englischen Profi-Club als Trainer gebucht wird. In seinem neuen Job geht es allerdings nicht um American Football, sondern um das europ\u00e4ischen Fu\u00dfball-Spiel \u2013 ein Sport, von die namengebende Hauptfigur Theodore \u201eTed\u201c Lasso nicht die geringste Ahnung hat.<\/p>\n<p>Jetzt hat Apple <a href=\"https:\/\/apple-tv-plus-press.apple.com\/en-US\/news\/2020\/08\/apples-breakout-hit-comedy-ted-lasso-scores-season-two-pick-up\/\">bekanntgegeben<\/a>, dass &#8222;Ted Lasso&#8220; in die Verl\u00e4ngerung gehen wird. Die ersten drei Folgen der Serie kommt bei den aktiven Apple TV+-Zuschauern offenbar so gut an, dass eine zweite Staffel bereits in Auftrag gegeben wurde. Am morgigen Freitag wird Apple Folge 4 der 1. Staffel freigeben.<\/p>\n<p><div class=\"responsive-video\"><iframe loading=\"lazy\" width=\"700\" height=\"371\" src=\"https:\/\/www.youtube-nocookie.com\/embed\/3u7EIiohs6U\" frameborder=\"0\" allowfullscreen><\/iframe><\/div><\/p>\n<h2>Erster Trailer f\u00fcr &#8222;On the Rocks&#8220;<\/h2>\n<p>Derweil zeigt der YouTube-Kanal des Video-Streaming-Dienstes einen ersten Trailer f\u00fcr On the Rocks mit Bill Murray, Rashida Jones und Marlon Wayans.<\/p>\n<p>Der Plot hier: Angesichts pl\u00f6tzlicher Zweifel an ihrer Ehe schlie\u00dft sich eine junge New Yorker Mutter und Schriftstellerin (Rashida Jones) mit ihrem \u00fcberlebensgro\u00dfen Playboy-Vater (Bill Murray) zusammen, um ihren Ehemann (Marlon Wayans) zu beschatten. &#8222;On the Rocks&#8220; ist eine bitters\u00fc\u00dfe Kom\u00f6die \u00fcber Beziehungen, geschrieben und inszeniert von Sofia Coppola.<\/p>\n<p><div class=\"responsive-video\"><iframe loading=\"lazy\" width=\"700\" height=\"371\" src=\"https:\/\/www.youtube-nocookie.com\/embed\/w4p0vjj_C8s\" frameborder=\"0\" allowfullscreen><\/iframe><\/div><\/p>\n","protected":false},"excerpt":{"rendered":"<a href=\"https:\/\/www.ifun.de\/apple-tv-zweite-staffel-fuer-ted-lasso-erster-trailer-fuer-on-the-rocks-158370\/\"><img width=\"150\" height=\"150\" src=\"https:\/\/images.ifun.de\/wp-content\/uploads\/2020\/08\/on-the-rocks-feature-150x150.jpg\" class=\"alignright tfe wp-post-image\" alt=\"On The Rocks Feature\" decoding=\"async\" loading=\"lazy\" \/><\/a><p>Zweite Staffel f\u00fcr &#8222;Ted Lasso&#8220; Der letzte nennenswerten Neuzugang bei Apple TV+ liegt erst eine Woche zur\u00fcck. Am 14. August startete mit \u201eTed Lasso\u201c ein neues Comedy-Format. Jason Sudeikis spielt in der Kom\u00f6die einen American-Football-Trainer aus Kansas, der von einem englischen Profi-Club als Trainer gebucht wird. In seinem neuen Job geht es allerdings nicht um [&hellip;]<\/p>\n","protected":false},"author":1,"featured_media":158372,"comment_status":"open","ping_status":"closed","sticky":false,"template":"","format":"standard","meta":{"_acf_changed":false,"footnotes":""},"categories":[20],"tags":[4467,1885,31],"class_list":["post-158370","post","type-post","status-publish","format-standard","has-post-thumbnail","hentry","category-videos","tag-apple-tv-plus","tag-trailer","tag-video"],"acf":[],"aioseo_notices":[],"featured_image":["https:\/\/images.ifun.de\/wp-content\/uploads\/2020\/08\/apple-tv-plus-murry-feature.jpg"],"subheadline":["Bill Murray im Anmarsch"],"rest_api_enabler":{"featured_image":"https:\/\/images.ifun.de\/wp-content\/uploads\/2020\/08\/apple-tv-plus-murry-feature.jpg","subheadline":"Bill Murray im Anmarsch"},"_links":{"self":[{"href":"https:\/\/www.ifun.de\/apiv2\/wp\/v2\/posts\/158370","targetHints":{"allow":["GET"]}}],"collection":[{"href":"https:\/\/www.ifun.de\/apiv2\/wp\/v2\/posts"}],"about":[{"href":"https:\/\/www.ifun.de\/apiv2\/wp\/v2\/types\/post"}],"author":[{"embeddable":true,"href":"https:\/\/www.ifun.de\/apiv2\/wp\/v2\/users\/1"}],"replies":[{"embeddable":true,"href":"https:\/\/www.ifun.de\/apiv2\/wp\/v2\/comments?post=158370"}],"version-history":[{"count":3,"href":"https:\/\/www.ifun.de\/apiv2\/wp\/v2\/posts\/158370\/revisions"}],"predecessor-version":[{"id":158375,"href":"https:\/\/www.ifun.de\/apiv2\/wp\/v2\/posts\/158370\/revisions\/158375"}],"wp:featuredmedia":[{"embeddable":true,"href":"https:\/\/www.ifun.de\/apiv2\/wp\/v2\/media\/158372"}],"wp:attachment":[{"href":"https:\/\/www.ifun.de\/apiv2\/wp\/v2\/media?parent=158370"}],"wp:term":[{"taxonomy":"category","embeddable":true,"href":"https:\/\/www.ifun.de\/apiv2\/wp\/v2\/categories?post=158370"},{"taxonomy":"post_tag","embeddable":true,"href":"https:\/\/www.ifun.de\/apiv2\/wp\/v2\/tags?post=158370"}],"curies":[{"name":"wp","href":"https:\/\/api.w.org\/{rel}","templated":true}]}}