{"id":158074,"date":"2020-08-13T14:53:54","date_gmt":"2020-08-13T12:53:54","guid":{"rendered":"https:\/\/www.ifun.de\/?p=158074"},"modified":"2020-08-17T09:01:43","modified_gmt":"2020-08-17T07:01:43","slug":"das-apfel-abo-startet-2020-mehrere-apple-flatrates-in-planung","status":"publish","type":"post","link":"https:\/\/www.ifun.de\/das-apfel-abo-startet-2020-mehrere-apple-flatrates-in-planung-158074\/","title":{"rendered":"Das Apfel-Abo kommt 2020: Mehrere Apple-Flatrates in Planung"},"content":{"rendered":"<p>Das Apfel-Abo kommt. Unser Arbeitstitel f\u00fcr die m\u00f6gliche Einf\u00fchrung einer allumfassenden Apple-Flatrate, die die Service-Angebote Cupertinos in einer Monatsrechnung zusammenfasst, hat sich seit dem Aufkommen <a href=\"https:\/\/www.ifun.de\/apple-tv-im-apfel-abo-mit-iphone-und-co-fuer-70-im-monat-135568\/\">der ersten Ger\u00fcchte<\/a> nicht ge\u00e4ndert. Jetzt kennen wir auch die Apple-Interne Sprachregelung: Apple One.<\/p>\n<p><a href=\"https:\/\/images.ifun.de\/wp-content\/uploads\/2020\/01\/Apple-services-apple-arcade-screen-01072020.jpg\"><img loading=\"lazy\" decoding=\"async\" class=\"aligncenter size-medium wp-image-148194\" src=\"https:\/\/images.ifun.de\/wp-content\/uploads\/2020\/01\/Apple-services-apple-arcade-screen-01072020-500x314.jpg\" alt=\"Apple Services Apple Arcade Screen 01072020\" width=\"500\" height=\"314\" srcset=\"https:\/\/images.ifun.de\/wp-content\/uploads\/2020\/01\/Apple-services-apple-arcade-screen-01072020-500x314.jpg 500w, https:\/\/images.ifun.de\/wp-content\/uploads\/2020\/01\/Apple-services-apple-arcade-screen-01072020-700x440.jpg 700w, https:\/\/images.ifun.de\/wp-content\/uploads\/2020\/01\/Apple-services-apple-arcade-screen-01072020-768x482.jpg 768w, https:\/\/images.ifun.de\/wp-content\/uploads\/2020\/01\/Apple-services-apple-arcade-screen-01072020.jpg 1306w\" sizes=\"auto, (max-width: 500px) 100vw, 500px\" \/><\/a><\/p>\n<p>Diesen Spitznamen sollen eingeweihte Apple-Mitarbeiter dem Prime-\u00c4hnlichen Abo gegeben haben, das bereits im Oktober offiziell vorgestellt und sukzessive auch in Deutschland eingef\u00fchrt werden k\u00f6nnte. Apple One soll dabei vor allem eine Aufgabe erf\u00fcllen: Apple-Nutzer dazu motivieren, mehr f\u00fcr Apples Services auszugeben <a href=\"https:\/\/www.ifun.de\/tv-news-arcade-die-neuen-apple-services-starten-eher-mau-157340\/\">als bislang<\/a>.<\/p>\n<h2>Mehrere Abo-Varianten geplant<\/h2>\n<p>Wie Unternehmens-Insider dem Wirtschaftsnachrichten-Dienst Bloomberg <a href=\"https:\/\/www.bloomberg.com\/news\/articles\/2020-08-13\/apple-readies-apple-one-subscription-bundles-to-boost-services\">verraten haben<\/a>, sollen bereits mehrere Abo-Varianten geplant sein. Eine Basis-Version mit Apple Music und Apple TV+, sowie eine erweiterte Version, die neben Apple Music und Apple TV+ auch den Spiele-Dienst Apple Arcade integrieren wird. In der dritten Abo-Stufe soll zudem der Zugriff auf Apple News+ enthalten sein. Wer noch mehr Geld investieren m\u00f6chte kann ein weiteres Paket mit integriertem iCloud-Speicherplatz buchen.<\/p>\n<p>Die Zusammenstellungen der Dienste sollen dabei &#8211; und dies versteht sich von allein &#8211; jeweils g\u00fcnstiger ausfallen, als wenn Nutzer alle Komponenten des jeweiligen Abo-Bundles einzeln buchen w\u00fcrden.<\/p>\n<p>Die Abo-Optionen sollen Teil von iOS 14 sein und den Nutzern von iPhone und iPad aktiv vorgeschlagen werden, je nachdem, welche <a href=\"https:\/\/www.ifun.de\/ungewoehnliche-mitteilung-apple-laeutet-neue-aera-der-services-ein-148190\/\">Apple-Dienste und Services<\/a> diese bereits nutzen.<\/p>\n<p>Die Angebote sollen so ausgelegt sein, das Abonnenten je nach gew\u00e4hltem Paket etwa 2-5 Euro pro Monat sparen k\u00f6nnen.<\/p>\n<h2>Auch Fitness-Abo in Planung<\/h2>\n<p>Das bekannte Portfolio der Apple-Services soll zudem durch eine neuen Abo-App erweitert werden, die Sport- und Fitness-Inhalte anbieten soll und ausschlie\u00dflich in den teureren Abo-Bundles enthalten sein wird.<\/p>\n<p>Apple wollte den Bloomberg-Bericht auf Nachfrage nicht kommentieren.<\/p>\n<p><img loading=\"lazy\" decoding=\"async\" src=\"https:\/\/vg08.met.vgwort.de\/na\/873ab1f34237473f83bd69e54a1cc530\" width=\"1\" height=\"1\" class=\"tracking\"><\/p>\n","protected":false},"excerpt":{"rendered":"<a href=\"https:\/\/www.ifun.de\/das-apfel-abo-startet-2020-mehrere-apple-flatrates-in-planung-158074\/\"><img decoding=\"async\" width=\"150\" src=\"https:\/\/images.ifun.de\/wp-content\/uploads\/2020\/01\/Apple-services-apple-arcade-screen-01072020-500x314.jpg\" class=\"alignright wp-post-image tfe\" alt=\"Apple Services Apple Arcade Screen 01072020\" title=\"\" \/><\/a><p>Das Apfel-Abo kommt. Unser Arbeitstitel f\u00fcr die m\u00f6gliche Einf\u00fchrung einer allumfassenden Apple-Flatrate, die die Service-Angebote Cupertinos in einer Monatsrechnung zusammenfasst, hat sich seit dem Aufkommen der ersten Ger\u00fcchte nicht ge\u00e4ndert. Jetzt kennen wir auch die Apple-Interne Sprachregelung: Apple One. Diesen Spitznamen sollen eingeweihte Apple-Mitarbeiter dem Prime-\u00c4hnlichen Abo gegeben haben, das bereits im Oktober offiziell vorgestellt [&hellip;]<\/p>\n","protected":false},"author":1,"featured_media":0,"comment_status":"open","ping_status":"closed","sticky":false,"template":"","format":"standard","meta":{"_acf_changed":false,"footnotes":""},"categories":[1,1783],"tags":[4414,4736,115,3910,6322],"class_list":["post-158074","post","type-post","status-publish","format-standard","hentry","category-news","category-feature","tag-apfel-abo","tag-apple","tag-geld","tag-geruechte","tag-rumors"],"acf":[],"aioseo_notices":[],"subheadline":["\"Apple One\" vor dem Start"],"featured_image":["https:\/\/images.ifun.de\/wp-content\/uploads\/2020\/06\/apple-services-feature.jpg"],"rest_api_enabler":{"subheadline":"\"Apple One\" vor dem Start","featured_image":"https:\/\/images.ifun.de\/wp-content\/uploads\/2020\/06\/apple-services-feature.jpg"},"_links":{"self":[{"href":"https:\/\/www.ifun.de\/apiv2\/wp\/v2\/posts\/158074","targetHints":{"allow":["GET"]}}],"collection":[{"href":"https:\/\/www.ifun.de\/apiv2\/wp\/v2\/posts"}],"about":[{"href":"https:\/\/www.ifun.de\/apiv2\/wp\/v2\/types\/post"}],"author":[{"embeddable":true,"href":"https:\/\/www.ifun.de\/apiv2\/wp\/v2\/users\/1"}],"replies":[{"embeddable":true,"href":"https:\/\/www.ifun.de\/apiv2\/wp\/v2\/comments?post=158074"}],"version-history":[{"count":2,"href":"https:\/\/www.ifun.de\/apiv2\/wp\/v2\/posts\/158074\/revisions"}],"predecessor-version":[{"id":158164,"href":"https:\/\/www.ifun.de\/apiv2\/wp\/v2\/posts\/158074\/revisions\/158164"}],"wp:attachment":[{"href":"https:\/\/www.ifun.de\/apiv2\/wp\/v2\/media?parent=158074"}],"wp:term":[{"taxonomy":"category","embeddable":true,"href":"https:\/\/www.ifun.de\/apiv2\/wp\/v2\/categories?post=158074"},{"taxonomy":"post_tag","embeddable":true,"href":"https:\/\/www.ifun.de\/apiv2\/wp\/v2\/tags?post=158074"}],"curies":[{"name":"wp","href":"https:\/\/api.w.org\/{rel}","templated":true}]}}