{"id":157860,"date":"2020-08-10T08:39:25","date_gmt":"2020-08-10T06:39:25","guid":{"rendered":"https:\/\/www.ifun.de\/?p=157860"},"modified":"2020-08-10T08:39:25","modified_gmt":"2020-08-10T06:39:25","slug":"teardown-video-im-inneren-des-neuen-27-zoll-imac","status":"publish","type":"post","link":"https:\/\/www.ifun.de\/teardown-video-im-inneren-des-neuen-27-zoll-imac-157860\/","title":{"rendered":"Teardown-Video: Im Inneren des neuen 27-Zoll-iMac"},"content":{"rendered":"<p>\u00dcber den Umstand, dass Apples 27-Zoll iMac, das <a href=\"https:\/\/www.ifun.de\/imac-27-neu-schneller-und-mit-besserer-webcam-157625\/\">am 4. August<\/a> neu vorgestellte Flaggschiff, nicht nur mit schnelleren Prozessoren, besseren Mikrofonen und einer besseren Webcam ausgestattet ist, sondern dar\u00fcber hinaus auch auf fest verl\u00f6teten SSD-Speicher setzt, der sich nicht mehr in Eigenregie aufr\u00fcsten l\u00e4sst, konnte ifun.de <a href=\"https:\/\/www.ifun.de\/imac-27-kommt-mit-fest-verloetetem-ssd-speicher-157752\/\">bereits berichten<\/a>. <\/p>\n<p><a href=\"https:\/\/images.ifun.de\/wp-content\/uploads\/2020\/08\/imac-27-zoll-2020-inneren.jpg\"><img loading=\"lazy\" decoding=\"async\" src=\"https:\/\/images.ifun.de\/wp-content\/uploads\/2020\/08\/imac-27-zoll-2020-inneren-500x281.jpg\" alt=\"Imac 27 Zoll 2020 Inneren\" width=\"500\" height=\"281\" class=\"aligncenter size-medium wp-image-157861\" srcset=\"https:\/\/images.ifun.de\/wp-content\/uploads\/2020\/08\/imac-27-zoll-2020-inneren-500x281.jpg 500w, https:\/\/images.ifun.de\/wp-content\/uploads\/2020\/08\/imac-27-zoll-2020-inneren-700x394.jpg 700w, https:\/\/images.ifun.de\/wp-content\/uploads\/2020\/08\/imac-27-zoll-2020-inneren-768x432.jpg 768w, https:\/\/images.ifun.de\/wp-content\/uploads\/2020\/08\/imac-27-zoll-2020-inneren-1536x864.jpg 1536w, https:\/\/images.ifun.de\/wp-content\/uploads\/2020\/08\/imac-27-zoll-2020-inneren.jpg 1920w\" sizes=\"auto, (max-width: 500px) 100vw, 500px\" \/><\/a><\/p>\n<p>Bilder aus dem Inneren der neuen Maschine hatten wir da jedoch noch nicht. Dieses hat nun der Mac-H\u00e4ndler OWC nachgeliefert und zwei Videos zum 27-Zoll iMac 2020 <a href=\"https:\/\/blog.macsales.com\/64600-unboxing-teardown-27-inch-imac-5k-2020-video\/\">ver\u00f6ffentlicht<\/a>, die sowohl das traditionelle Unboxing als auch den Blick unter das Display-Panel der Maschine zeigen. <\/p>\n<p>Schlechte Nachrichten f\u00fcr alle potentiellen K\u00e4ufer, die gehofft hatten, der neue iMac w\u00fcrde sich im Inneren st\u00e4rker am iMac Pro orientieren. In Sachen K\u00fchlung hat das schwarze Profi-Modell weiterhin die Nase vorn. <\/p>\n<p><div class=\"responsive-video\"><iframe loading=\"lazy\" width=\"700\" height=\"371\" src=\"https:\/\/www.youtube-nocookie.com\/embed\/GIHSyamWnh4\" frameborder=\"0\" allowfullscreen><\/iframe><\/div><\/p>\n<p><div class=\"responsive-video\"><iframe loading=\"lazy\" width=\"700\" height=\"371\" src=\"https:\/\/www.youtube-nocookie.com\/embed\/_GgZVjpsTWg\" frameborder=\"0\" allowfullscreen><\/iframe><\/div><\/p>\n","protected":false},"excerpt":{"rendered":"<a href=\"https:\/\/www.ifun.de\/teardown-video-im-inneren-des-neuen-27-zoll-imac-157860\/\"><img width=\"150\" height=\"150\" src=\"https:\/\/images.ifun.de\/wp-content\/uploads\/2020\/08\/imac-teardown-feature-150x150.jpg\" class=\"alignright tfe wp-post-image\" alt=\"Imac Teardown Feature\" decoding=\"async\" loading=\"lazy\" \/><\/a><p>\u00dcber den Umstand, dass Apples 27-Zoll iMac, das am 4. August neu vorgestellte Flaggschiff, nicht nur mit schnelleren Prozessoren, besseren Mikrofonen und einer besseren Webcam ausgestattet ist, sondern dar\u00fcber hinaus auch auf fest verl\u00f6teten SSD-Speicher setzt, der sich nicht mehr in Eigenregie aufr\u00fcsten l\u00e4sst, konnte ifun.de bereits berichten. Bilder aus dem Inneren der neuen Maschine [&hellip;]<\/p>\n","protected":false},"author":1,"featured_media":157862,"comment_status":"open","ping_status":"closed","sticky":false,"template":"","format":"standard","meta":{"_acf_changed":false,"footnotes":""},"categories":[20],"tags":[4736,393,878,1063,31],"class_list":["post-157860","post","type-post","status-publish","format-standard","has-post-thumbnail","hentry","category-videos","tag-apple","tag-imac","tag-ssd","tag-teardown","tag-video"],"acf":[],"aioseo_notices":[],"featured_image":["https:\/\/images.ifun.de\/wp-content\/uploads\/2020\/08\/imac-teardown-feature.jpg"],"subheadline":["Hardware-Bestandsaufnahme"],"rest_api_enabler":{"featured_image":"https:\/\/images.ifun.de\/wp-content\/uploads\/2020\/08\/imac-teardown-feature.jpg","subheadline":"Hardware-Bestandsaufnahme"},"_links":{"self":[{"href":"https:\/\/www.ifun.de\/apiv2\/wp\/v2\/posts\/157860","targetHints":{"allow":["GET"]}}],"collection":[{"href":"https:\/\/www.ifun.de\/apiv2\/wp\/v2\/posts"}],"about":[{"href":"https:\/\/www.ifun.de\/apiv2\/wp\/v2\/types\/post"}],"author":[{"embeddable":true,"href":"https:\/\/www.ifun.de\/apiv2\/wp\/v2\/users\/1"}],"replies":[{"embeddable":true,"href":"https:\/\/www.ifun.de\/apiv2\/wp\/v2\/comments?post=157860"}],"version-history":[{"count":1,"href":"https:\/\/www.ifun.de\/apiv2\/wp\/v2\/posts\/157860\/revisions"}],"predecessor-version":[{"id":157863,"href":"https:\/\/www.ifun.de\/apiv2\/wp\/v2\/posts\/157860\/revisions\/157863"}],"wp:featuredmedia":[{"embeddable":true,"href":"https:\/\/www.ifun.de\/apiv2\/wp\/v2\/media\/157862"}],"wp:attachment":[{"href":"https:\/\/www.ifun.de\/apiv2\/wp\/v2\/media?parent=157860"}],"wp:term":[{"taxonomy":"category","embeddable":true,"href":"https:\/\/www.ifun.de\/apiv2\/wp\/v2\/categories?post=157860"},{"taxonomy":"post_tag","embeddable":true,"href":"https:\/\/www.ifun.de\/apiv2\/wp\/v2\/tags?post=157860"}],"curies":[{"name":"wp","href":"https:\/\/api.w.org\/{rel}","templated":true}]}}