{"id":157644,"date":"2020-08-05T06:08:35","date_gmt":"2020-08-05T04:08:35","guid":{"rendered":"https:\/\/www.ifun.de\/?p=157644"},"modified":"2020-08-05T06:36:23","modified_gmt":"2020-08-05T04:36:23","slug":"apple-manager-phil-schiller-bereitet-seinen-rueckzug-vor","status":"publish","type":"post","link":"https:\/\/www.ifun.de\/apple-manager-phil-schiller-bereitet-seinen-rueckzug-vor-157644\/","title":{"rendered":"Apple-Manager Phil Schiller bereitet seinen R\u00fcckzug vor"},"content":{"rendered":"<p>Phil Schiller gibt seine Rolle als Apples \u201eSenior Vice President of Worldwide Marketing\u201c an Greg Joswiak ab. Der altgediente Apple-Mitarbeiter tr\u00e4gt fortan den Titel \u201eApple Fellow\u201c und man darf den Wechsel in der Management-Etage durchaus so verstehen, dass Apple den R\u00fcckzug Schillers aus dem aktiven Arbeitsleben vorbereitet.<\/p>\n<p><a href=\"https:\/\/images.ifun.de\/wp-content\/uploads\/2020\/08\/phil-schiller-apple-homepod-vorstellung.jpg\"><img loading=\"lazy\" decoding=\"async\" src=\"https:\/\/images.ifun.de\/wp-content\/uploads\/2020\/08\/phil-schiller-apple-homepod-vorstellung-500x371.jpg\" alt=\"Phil Schiller Apple Homepod Vorstellung\" width=\"500\" height=\"371\" class=\"alignnone size-medium wp-image-157647\" srcset=\"https:\/\/images.ifun.de\/wp-content\/uploads\/2020\/08\/phil-schiller-apple-homepod-vorstellung-500x371.jpg 500w, https:\/\/images.ifun.de\/wp-content\/uploads\/2020\/08\/phil-schiller-apple-homepod-vorstellung-700x520.jpg 700w, https:\/\/images.ifun.de\/wp-content\/uploads\/2020\/08\/phil-schiller-apple-homepod-vorstellung-768x570.jpg 768w, https:\/\/images.ifun.de\/wp-content\/uploads\/2020\/08\/phil-schiller-apple-homepod-vorstellung.jpg 1142w\" sizes=\"auto, (max-width: 500px) 100vw, 500px\" \/><\/a><\/p>\n<h6>Phil Schiller bei der HomePod-Vorstellung<\/h6>\n<p>Phil Schiller wurde im Jahr 1960 geboren, arbeitet seit 1987 bei Apple und war als Weggef\u00e4hrte von Steve Jobs ma\u00dfgeblich daran beteiligt, Apples aus der Krise zum Weltkonzern zu f\u00fchren. In einer <a href=\"https:\/\/www.apple.com\/newsroom\/2020\/08\/phil-schiller-advances-to-apple-fellow\/\">Pressemitteilung<\/a> w\u00fcrdigt Apple-Chef Tim Cook diese Tatsache. <\/p>\n<blockquote>\n<p>Phil hat dazu beigetragen, Apple zu dem Unternehmen zu machen, das es heute ist, und seine Beitr\u00e4ge sind breit gef\u00e4chert, umfangreich und tiefgreifend. In seiner neuen Rolle wird er weiterhin die unglaubliche gedankliche Partnerschaft und F\u00fchrung bieten, die seine Jahrzehnte bei Apple gepr\u00e4gt haben.<\/p>\n<\/blockquote>\n<p>Schiller gibt seine Vorstandsposition gemeinsam mit einem gro\u00dfen Teil seiner bisherigen T\u00e4tigkeiten an den bereits im Marketing-Bereich t\u00e4tigen und von zahlreichen Apple-Pr\u00e4sentationen bekannten Greg Joswiak ab. Schiller selbst soll sich k\u00fcnftig nur noch um den App Store und die Durchf\u00fchrung von Apple Events k\u00fcmmern.<\/p>\n<p><a href=\"https:\/\/images.ifun.de\/wp-content\/uploads\/2020\/08\/greg-joswiak-apple.jpg\"><img loading=\"lazy\" decoding=\"async\" src=\"https:\/\/images.ifun.de\/wp-content\/uploads\/2020\/08\/greg-joswiak-apple-700x450.jpg\" alt=\"Greg Joswiak Apple\" width=\"700\" height=\"450\" class=\"alignnone size-large wp-image-157649\" srcset=\"https:\/\/images.ifun.de\/wp-content\/uploads\/2020\/08\/greg-joswiak-apple-700x450.jpg 700w, https:\/\/images.ifun.de\/wp-content\/uploads\/2020\/08\/greg-joswiak-apple-500x321.jpg 500w, https:\/\/images.ifun.de\/wp-content\/uploads\/2020\/08\/greg-joswiak-apple-768x494.jpg 768w, https:\/\/images.ifun.de\/wp-content\/uploads\/2020\/08\/greg-joswiak-apple.jpg 1400w\" sizes=\"auto, (max-width: 700px) 100vw, 700px\" \/><\/a><\/p>\n<h6>Greg Joswiak, neuer Senior Vice President of Worldwide Marketing<\/h6>\n<h2>Koordinierter R\u00fcckzug von Phil Schiller<\/h2>\n<p>Die Reduzierung von Schillers T\u00e4tigkeitsbereich darf man durchaus als ersten Schritt eines koordinierten R\u00fcckzugs interpretieren. Schiller selbst l\u00e4sst in seinem Statement zur Umstellung keinen Zweifel daran, dass er sich fortan mehr auf private Dinge konzentrieren will.<\/p>\n<blockquote>\n<p>Ich habe mit 27 Jahren bei Apple angefangen, in diesem Jahr bin ich 60 Jahre alt geworden, und es ist Zeit f\u00fcr einige geplante Ver\u00e4nderungen in meinem Leben. Ich werde hier so lange arbeiten, wie sie mich haben werden, ich blute in sechs Farben, aber ich m\u00f6chte mir in den kommenden Jahren auch etwas Zeit f\u00fcr meine Familie, Freunde und ein paar pers\u00f6nliche Projekte nehmen, die mir sehr am Herzen liegen.<\/p>\n<\/blockquote>\n<p>Die von Schiller angesprochenen \u201ekommenden Jahre\u201c werden in erster Linie dazu dienen, einen geregelten \u00dcbergang zu erm\u00f6glichen. Bereits seit l\u00e4ngerer Zeit f\u00e4llt auf, dass der Manager mehr und mehr auch \u00f6ffentliche Auftritte an seine Kollegen abgegeben hat. Parallelen zum <a href=\"https:\/\/www.ifun.de\/apple-ohne-chef-designer-jony-ive-tritt-ab-139655\/\" title=\"Apple ohne Chef-Designer: Jony Ive tritt ab\">R\u00fcckzug<\/a> von Apples Chef-Designer Jony Ive im vergangenen Jahr liegen auf der Hand. In einem ersten Schritt wurde dieser bereits <a href=\"https:\/\/www.ifun.de\/mehr-freiraum-jony-ive-wird-apples-chief-design-officer-77139\/\" title=\"Mehr Freiraum: Jony Ive wird Apples \u201eChief Design Officer\u201c\">vier Jahre zuvor<\/a> zum \u201eChief Design Officer\u201c ernannt, offiziell um ihm \u201emehr Freiraum f\u00fcr \u00fcbergeordnete T\u00e4tigkeiten\u201c zu geben. Im Hintergrund fand dann eine umfassende Neustrukturierung von Apples Design-Team statt.<\/p>\n<p>Schillers Nachfolger Greg (Joz) Joswiak kann seinerseits bereits auf 20 Jahre Erfahrung in f\u00fchrenden Positionen bei Apple zur\u00fcckblicken. Zuletzt war er als \u201eSenior Vice President of Worldwide Product Marketing\u201c t\u00e4tig. In seiner neuen Rolle zeichnet er nun f\u00fcr einen deutlich gr\u00f6\u00dferen Bereich verantwortlich und ist neben dem Produktmarketing auch f\u00fcr Produktmanagement, Entwicklerangelegenheiten, Marktforschung, betriebswirtschaftliche Belange sowie Bildung, Unternehmenskunden und die internationale Vermarktung zust\u00e4ndig.<img loading=\"lazy\" decoding=\"async\" src=\"https:\/\/vg04.met.vgwort.de\/na\/ea6f04e5550148c68de3ed220e986f47\" width=\"1\" height=\"1\" class=\"tracking\"><\/p>\n","protected":false},"excerpt":{"rendered":"<a href=\"https:\/\/www.ifun.de\/apple-manager-phil-schiller-bereitet-seinen-rueckzug-vor-157644\/\"><img width=\"150\" height=\"150\" src=\"https:\/\/images.ifun.de\/wp-content\/uploads\/2020\/08\/greg-joswiak-apple-150x150.jpg\" class=\"alignright tfe wp-post-image\" alt=\"Greg Joswiak Apple\" decoding=\"async\" loading=\"lazy\" \/><\/a><p>Phil Schiller gibt seine Rolle als Apples \u201eSenior Vice President of Worldwide Marketing\u201c an Greg Joswiak ab. Der altgediente Apple-Mitarbeiter tr\u00e4gt fortan den Titel \u201eApple Fellow\u201c und man darf den Wechsel in der Management-Etage durchaus so verstehen, dass Apple den R\u00fcckzug Schillers aus dem aktiven Arbeitsleben vorbereitet. Phil Schiller bei der HomePod-Vorstellung Phil Schiller wurde [&hellip;]<\/p>\n","protected":false},"author":2,"featured_media":157649,"comment_status":"open","ping_status":"closed","sticky":false,"template":"","format":"standard","meta":{"_acf_changed":false,"footnotes":""},"categories":[3],"tags":[4736,4552,2732],"class_list":["post-157644","post","type-post","status-publish","format-standard","has-post-thumbnail","hentry","category-apple","tag-apple","tag-greg-joswiak","tag-phil-schiller"],"acf":[],"aioseo_notices":[],"subheadline":["Marketing-Chef wird zum \"Apple Fellow\""],"featured_image":["https:\/\/images.ifun.de\/wp-content\/uploads\/2020\/08\/phil-schiller-apple.jpg"],"rest_api_enabler":{"subheadline":"Marketing-Chef wird zum \"Apple Fellow\"","featured_image":"https:\/\/images.ifun.de\/wp-content\/uploads\/2020\/08\/phil-schiller-apple.jpg"},"_links":{"self":[{"href":"https:\/\/www.ifun.de\/apiv2\/wp\/v2\/posts\/157644","targetHints":{"allow":["GET"]}}],"collection":[{"href":"https:\/\/www.ifun.de\/apiv2\/wp\/v2\/posts"}],"about":[{"href":"https:\/\/www.ifun.de\/apiv2\/wp\/v2\/types\/post"}],"author":[{"embeddable":true,"href":"https:\/\/www.ifun.de\/apiv2\/wp\/v2\/users\/2"}],"replies":[{"embeddable":true,"href":"https:\/\/www.ifun.de\/apiv2\/wp\/v2\/comments?post=157644"}],"version-history":[{"count":9,"href":"https:\/\/www.ifun.de\/apiv2\/wp\/v2\/posts\/157644\/revisions"}],"predecessor-version":[{"id":157656,"href":"https:\/\/www.ifun.de\/apiv2\/wp\/v2\/posts\/157644\/revisions\/157656"}],"wp:featuredmedia":[{"embeddable":true,"href":"https:\/\/www.ifun.de\/apiv2\/wp\/v2\/media\/157649"}],"wp:attachment":[{"href":"https:\/\/www.ifun.de\/apiv2\/wp\/v2\/media?parent=157644"}],"wp:term":[{"taxonomy":"category","embeddable":true,"href":"https:\/\/www.ifun.de\/apiv2\/wp\/v2\/categories?post=157644"},{"taxonomy":"post_tag","embeddable":true,"href":"https:\/\/www.ifun.de\/apiv2\/wp\/v2\/tags?post=157644"}],"curies":[{"name":"wp","href":"https:\/\/api.w.org\/{rel}","templated":true}]}}