{"id":157444,"date":"2020-07-30T15:53:54","date_gmt":"2020-07-30T13:53:54","guid":{"rendered":"https:\/\/www.ifun.de\/?p=157444"},"modified":"2020-08-03T14:33:39","modified_gmt":"2020-08-03T12:33:39","slug":"15-extrawurst-brachte-prime-video-app-auf-apple-tv","status":"publish","type":"post","link":"https:\/\/www.ifun.de\/15-extrawurst-brachte-prime-video-app-auf-apple-tv-157444\/","title":{"rendered":"15%-Extrawurst brachte Prime Video-App auf Apple TV"},"content":{"rendered":"<p><a href=\"https:\/\/www.ifun.de\/amazon-prime-video-apple-tv-app-jetzt-verfuegbar-116185\/\">Am 6. Dezember 2017<\/a>, nach einem schier nicht enden wollenden Streit, k\u00fcndigten Amazon und Apple <a href=\"https:\/\/www.apple.com\/newsroom\/2017\/12\/amazon-prime-video-arrives-on-apple-tv-in-over-100-countries\/\">in<\/a> <a href=\"http:\/\/phx.corporate-ir.net\/phoenix.zhtml?c=176060&amp;p=RssLanding&amp;cat=news&amp;id=2321404\">zwei<\/a> gleichzeitig ver\u00f6ffentlichten Presse-Statements an, dass die Prime Video-App ab sofort in \u00fcber 100 L\u00e4ndern auf Apple TV 4K und den vorherigen Generationen von Apple TV erh\u00e4ltlich sein w\u00fcrde.<\/p>\n<p><a href=\"https:\/\/images.ifun.de\/wp-content\/uploads\/2017\/12\/apple-tv-amazon.jpg\"><img decoding=\"async\" class=\"aligncenter size-full wp-image-116203\" src=\"https:\/\/images.ifun.de\/wp-content\/uploads\/2017\/12\/apple-tv-amazon.jpg\" alt=\"Apple Tv Amazon\" width=\"500\" srcset=\"https:\/\/images.ifun.de\/wp-content\/uploads\/2017\/12\/apple-tv-amazon.jpg 1000w, https:\/\/images.ifun.de\/wp-content\/uploads\/2017\/12\/apple-tv-amazon-300x213.jpg 300w, https:\/\/images.ifun.de\/wp-content\/uploads\/2017\/12\/apple-tv-amazon-768x546.jpg 768w\" sizes=\"(max-width: 1000px) 100vw, 1000px\" \/><\/a><\/p>\n<p>Schon ein halbes Jahr zuvor hatte Apple-Chef Tim Cook die baldige Verf\u00fcgbarkeit der Amazon Prime Video-App auf dem Apple TV in Aussicht <a href=\"https:\/\/www.ifun.de\/apple-tv-tvos-betas-fuer-freiwillige-tester-amazon-prime-video-bestaetigt-108350\/\">gestellt<\/a>. Vorangegangen war ein langer Konflikt zwischen den beiden Tech-Riesen, der unter anderem daf\u00fcr sorgte, dass Amazon <a href=\"https:\/\/www.ifun.de\/der-kindergarten-hoert-auf-amazon-verkauft-wieder-fuer-apple-und-google-116578\/\">keine Apple-Produkte<\/a> mehr verkaufte.<\/p>\n<p>Kern des Problems: Die beiden Industrie-Riesen konnten sich nicht dar\u00fcber verst\u00e4ndigen, wie gro\u00df Amazons Abgabe an Apple ausfallen sollte. Amazon wollte die Prime Video App auf Apple TV und iPhone bereitstellen, war aber nicht gewillt Apples 30% vom Umsatz abzugeben &#8211; Apple wollte die Prime Video-App auf den eigenen Ger\u00e4ten anbieten, Amazon aber keinen Rabatt einr\u00e4umen.<\/p>\n<p>So zumindest die Au\u00dfendarstellung, hinter verschlossenen T\u00fcren verhandelten beide Unternehmen jedoch eifrig miteinander. So eifrig, dass Amazon letztlich mit einer 15%-Extrawurst auf die Apple-Plattformen <a href=\"https:\/\/www.bloomberg.com\/news\/articles\/2020-07-29\/apple-considered-taking-40-cut-from-subscriptions-emails-show\">gelockt wurde<\/a>.<\/p>\n<p><a href=\"https:\/\/images.ifun.de\/wp-content\/uploads\/2020\/07\/amazon-apple-email-1.jpg\"><img loading=\"lazy\" decoding=\"async\" class=\"aligncenter size-large wp-image-157446\" src=\"https:\/\/images.ifun.de\/wp-content\/uploads\/2020\/07\/amazon-apple-email-1-700x526.jpg\" alt=\"Amazon Apple Email\" width=\"700\" height=\"526\" srcset=\"https:\/\/images.ifun.de\/wp-content\/uploads\/2020\/07\/amazon-apple-email-1-700x526.jpg 700w, https:\/\/images.ifun.de\/wp-content\/uploads\/2020\/07\/amazon-apple-email-1-500x376.jpg 500w, https:\/\/images.ifun.de\/wp-content\/uploads\/2020\/07\/amazon-apple-email-1-768x577.jpg 768w, https:\/\/images.ifun.de\/wp-content\/uploads\/2020\/07\/amazon-apple-email-1.jpg 1200w\" sizes=\"auto, (max-width: 700px) 100vw, 700px\" \/><\/a><\/p>\n<p>Statt 30% von Amazon zu verlangen, gab sich Apple mit 15% zufrieden. Ein Deal, der von Apples Chef-Verh\u00e4ndler Eddy Cue und Amazon-Chef Jeff Bezos pers\u00f6nlich ausgemacht wurde, wie jetzt ver\u00f6ffentlichte E-Mails zeigen.<\/p>\n<h2>Apple-Manager behaupten Gegenteiliges<\/h2>\n<p>Hier m\u00fcssen wir dann doch noch mal an das Reuters-Interview erinnern, dass Apples Marketing-Chef Phil Schiller <a href=\"https:\/\/www.ifun.de\/vor-tim-cook-anhoerung-apple-sieht-sich-als-grossen-gleichmacher-157353\/\">k\u00fcrzlich gab<\/a>. Gegen\u00fcber der Nachrichtenagentur behauptete Schiller:<\/p>\n<blockquote><p>Eines der Dinge, die wir uns ausgedacht haben, ist, dass wir alle Apps im App Store gleich behandeln werden \u2013 ein Regelwerk f\u00fcr alle, keine Sonderangebote, keine Sonderbedingungen, kein spezieller Codes, alles gilt f\u00fcr alle Entwickler gleich. Das war bei PC-Software nicht der Fall. Niemand hat so gedacht. Es war eine komplette Umkehrung der Funktionsweise des gesamten Systems.<\/p><\/blockquote>\n<p>Und auch <a href=\"https:\/\/www.iphone-ticker.de\/monopol-untersuchung-tim-cooks-auftakt-statement-im-wortlaut-160884\/\">das Auftakt-Statement<\/a> Tim Cooks, mit dem der Apple-Chef seine Anh\u00f6rung vor dem Untersuchungsausschuss gestern er\u00f6ffnete, unterstrich mehrfach, das man alle Entwickler fair und gleich behandeln w\u00fcrde.<\/p>\n<p>Seit Anfang des Jahres profitiert Amazon von einer zweiten App-Store-Extrawurst: anders als alle anderen Entwickler im App Store darf der Online-H\u00e4ndler das eigene Abrechnungssystem in der Prime Video-App nutzen und muss nicht auf Apples In-App-K\u00e4ufe setzen &#8211; <a href=\"https:\/\/www.iphone-ticker.de\/apple-sonderregelung-fuer-in-app-kaeufe-bei-amazon-prime-video-155622\/\">ifun.de berichtet<\/a>. <\/p>\n<p><img loading=\"lazy\" decoding=\"async\" src=\"https:\/\/vg01.met.vgwort.de\/na\/99d22c2e221d4044bb6315ef233ef7d0\" width=\"1\" height=\"1\" class=\"tracking\"><\/p>\n","protected":false},"excerpt":{"rendered":"<a href=\"https:\/\/www.ifun.de\/15-extrawurst-brachte-prime-video-app-auf-apple-tv-157444\/\"><img width=\"150\" height=\"150\" src=\"https:\/\/images.ifun.de\/wp-content\/uploads\/2020\/07\/amazon-apple-email-1-150x150.jpg\" class=\"alignright tfe wp-post-image\" alt=\"Amazon Apple Email\" decoding=\"async\" loading=\"lazy\" \/><\/a><p>Am 6. Dezember 2017, nach einem schier nicht enden wollenden Streit, k\u00fcndigten Amazon und Apple in zwei gleichzeitig ver\u00f6ffentlichten Presse-Statements an, dass die Prime Video-App ab sofort in \u00fcber 100 L\u00e4ndern auf Apple TV 4K und den vorherigen Generationen von Apple TV erh\u00e4ltlich sein w\u00fcrde. Schon ein halbes Jahr zuvor hatte Apple-Chef Tim Cook die [&hellip;]<\/p>\n","protected":false},"author":1,"featured_media":157446,"comment_status":"open","ping_status":"closed","sticky":false,"template":"","format":"standard","meta":{"_acf_changed":false,"footnotes":""},"categories":[1,1783],"tags":[53,4736],"class_list":["post-157444","post","type-post","status-publish","format-standard","has-post-thumbnail","hentry","category-news","category-feature","tag-amazon","tag-apple"],"acf":[],"aioseo_notices":[],"featured_image":["https:\/\/images.ifun.de\/wp-content\/uploads\/2017\/12\/prime-video-feature.jpg"],"subheadline":["Apple-Manager behaupten Gegenteiliges"],"rest_api_enabler":{"featured_image":"https:\/\/images.ifun.de\/wp-content\/uploads\/2017\/12\/prime-video-feature.jpg","subheadline":"Apple-Manager behaupten Gegenteiliges"},"_links":{"self":[{"href":"https:\/\/www.ifun.de\/apiv2\/wp\/v2\/posts\/157444","targetHints":{"allow":["GET"]}}],"collection":[{"href":"https:\/\/www.ifun.de\/apiv2\/wp\/v2\/posts"}],"about":[{"href":"https:\/\/www.ifun.de\/apiv2\/wp\/v2\/types\/post"}],"author":[{"embeddable":true,"href":"https:\/\/www.ifun.de\/apiv2\/wp\/v2\/users\/1"}],"replies":[{"embeddable":true,"href":"https:\/\/www.ifun.de\/apiv2\/wp\/v2\/comments?post=157444"}],"version-history":[{"count":1,"href":"https:\/\/www.ifun.de\/apiv2\/wp\/v2\/posts\/157444\/revisions"}],"predecessor-version":[{"id":157447,"href":"https:\/\/www.ifun.de\/apiv2\/wp\/v2\/posts\/157444\/revisions\/157447"}],"wp:featuredmedia":[{"embeddable":true,"href":"https:\/\/www.ifun.de\/apiv2\/wp\/v2\/media\/157446"}],"wp:attachment":[{"href":"https:\/\/www.ifun.de\/apiv2\/wp\/v2\/media?parent=157444"}],"wp:term":[{"taxonomy":"category","embeddable":true,"href":"https:\/\/www.ifun.de\/apiv2\/wp\/v2\/categories?post=157444"},{"taxonomy":"post_tag","embeddable":true,"href":"https:\/\/www.ifun.de\/apiv2\/wp\/v2\/tags?post=157444"}],"curies":[{"name":"wp","href":"https:\/\/api.w.org\/{rel}","templated":true}]}}