{"id":157347,"date":"2020-07-29T07:16:20","date_gmt":"2020-07-29T05:16:20","guid":{"rendered":"https:\/\/www.ifun.de\/?p=157347"},"modified":"2020-07-29T08:01:32","modified_gmt":"2020-07-29T06:01:32","slug":"apple-tv-18-emmy-nominierungen-fuer-6-filme-und-serien","status":"publish","type":"post","link":"https:\/\/www.ifun.de\/apple-tv-18-emmy-nominierungen-fuer-6-filme-und-serien-157347\/","title":{"rendered":"Apple TV+: 18 Emmy-Nominierungen f\u00fcr 6 Filme und Serien"},"content":{"rendered":"<p>Im ersten Jahr seines Bestehens hat Apples Video-Streaming-Dienst Apple TV+ 18 Nominierungen f\u00fcr die Primetime Emmy Awards <a href=\"https:\/\/apple-tv-plus-press.apple.com\/en-US\/news\/2020\/07\/apple-tv-makes-primetime-emmy-debut-with-historic-nominations-across-six-original-programs-the-most-for-a-streaming-service-in-its-first-year\/\">erhalten<\/a> &#8211; mehr als alle anderen Streaming-Dienste im ersten Jahr bislang f\u00fcr sich verbuchen konnten.<\/p>\n<p><a href=\"https:\/\/images.ifun.de\/wp-content\/uploads\/2020\/01\/apple-tv-plus-kostenloses-jahresabo.jpg\"><img loading=\"lazy\" decoding=\"async\" class=\"aligncenter size-medium wp-image-148622\" src=\"https:\/\/images.ifun.de\/wp-content\/uploads\/2020\/01\/apple-tv-plus-kostenloses-jahresabo-500x337.jpg\" alt=\"Apple Tv Plus Kostenloses Jahresabo\" width=\"500\" height=\"337\" srcset=\"https:\/\/images.ifun.de\/wp-content\/uploads\/2020\/01\/apple-tv-plus-kostenloses-jahresabo-500x337.jpg 500w, https:\/\/images.ifun.de\/wp-content\/uploads\/2020\/01\/apple-tv-plus-kostenloses-jahresabo-700x472.jpg 700w, https:\/\/images.ifun.de\/wp-content\/uploads\/2020\/01\/apple-tv-plus-kostenloses-jahresabo.jpg 743w\" sizes=\"auto, (max-width: 500px) 100vw, 500px\" \/><\/a><\/p>\n<p>Unter den Nominierungen befinden sich acht f\u00fcr &#8222;The Morning Show&#8220;, insgesamt wurden sechs Serien und Filme von der Television Academy of Arts and Sciences ber\u00fccksichtigt.<\/p>\n<p>F\u00fcr Auszeichnungen mit den 72. Emmy Awards, diese werden am 21. September verliehen, kommen &#8222;The Morning Show&#8220;, &#8222;Defending Jacob&#8220;, &#8222;Central Park&#8220;, &#8222;The Elephant Queen&#8220; und die Dokumentationen &#8222;Beastie Boys Story&#8220; sowie &#8222;Home&#8220; infrage. Apple TV+startete vor weniger als neun Monaten am 1. November 2019.<\/p>\n<h2>Die 18 Nominierungen f\u00fcr Apple TV+ im \u00dcberblick:<\/h2>\n<p><b>The Morning Show<\/b><\/p>\n<ul>\n<li>Outstanding Lead Actor in a Drama Series &#8211; Steve Carell<\/li>\n<li>Outstanding Lead Actress in a Drama Series &#8211; Jennifer Aniston<\/li>\n<li>Outstanding Supporting Actor in a Drama Series &#8211; Billy Crudup<\/li>\n<li>Outstanding Supporting Actor in a Drama Series &#8211; Mark Duplass<\/li>\n<li>Outstanding Guest Actor in a Drama Series &#8211; Martin Short<\/li>\n<li>Outstanding Directing for a Drama Series &#8211; Mimi Leder<\/li>\n<li>Outstanding Production Design for a Narrative Contemporary Program<\/li>\n<li>Outstanding Main Title Design<\/li>\n<\/ul>\n<p><b>Beastie Boys Story<\/b><\/p>\n<ul>\n<li>Outstanding Documentary or Nonfiction Special<\/li>\n<li>Outstanding Picture Editing for a Nonfiction Program<\/li>\n<li>Outstanding Sound Editing for a Nonfiction or Reality Program<\/li>\n<li>Outstanding Sound Mixing for a Nonfiction or Reality Program<\/li>\n<li>Outstanding Writing for a Nonfiction Program<\/li>\n<\/ul>\n<p><b>Defending Jacob<\/b><\/p>\n<ul>\n<li>Outstanding Cinematography for a Limited Series or Movie<\/li>\n<li>Outstanding Original Main Title Theme Music<\/li>\n<\/ul>\n<p><b>Central Park<\/b><\/p>\n<ul>\n<li>Outstanding Character Voice-Over Performance<\/li>\n<\/ul>\n<p><b>Home<\/b><\/p>\n<ul>\n<li>Outstanding Music Composition for a Documentary Series or Special<\/li>\n<\/ul>\n<p><b>The Elephant Queen<\/b><\/p>\n<ul>\n<li>Outstanding Narrator &#8211; Chiwetel Ejiofor<\/li>\n<\/ul>\n","protected":false},"excerpt":{"rendered":"<a href=\"https:\/\/www.ifun.de\/apple-tv-18-emmy-nominierungen-fuer-6-filme-und-serien-157347\/\"><img decoding=\"async\" width=\"150\" src=\"https:\/\/images.ifun.de\/wp-content\/uploads\/2020\/01\/apple-tv-plus-kostenloses-jahresabo-500x337.jpg\" class=\"alignright wp-post-image tfe\" alt=\"Apple Tv Plus Kostenloses Jahresabo\" title=\"\" \/><\/a><p>Im ersten Jahr seines Bestehens hat Apples Video-Streaming-Dienst Apple TV+ 18 Nominierungen f\u00fcr die Primetime Emmy Awards erhalten &#8211; mehr als alle anderen Streaming-Dienste im ersten Jahr bislang f\u00fcr sich verbuchen konnten. Unter den Nominierungen befinden sich acht f\u00fcr &#8222;The Morning Show&#8220;, insgesamt wurden sechs Serien und Filme von der Television Academy of Arts and [&hellip;]<\/p>\n","protected":false},"author":1,"featured_media":0,"comment_status":"open","ping_status":"closed","sticky":false,"template":"","format":"standard","meta":{"_acf_changed":false,"footnotes":""},"categories":[1],"tags":[4736,4467,3828],"class_list":["post-157347","post","type-post","status-publish","format-standard","hentry","category-news","tag-apple","tag-apple-tv-plus","tag-emmy"],"acf":[],"aioseo_notices":[],"featured_image":["https:\/\/images.ifun.de\/wp-content\/uploads\/2019\/11\/apple-tv-plus.jpg"],"subheadline":["\"The Morning Show\" r\u00e4umt ab"],"rest_api_enabler":{"featured_image":"https:\/\/images.ifun.de\/wp-content\/uploads\/2019\/11\/apple-tv-plus.jpg","subheadline":"\"The Morning Show\" r\u00e4umt ab"},"_links":{"self":[{"href":"https:\/\/www.ifun.de\/apiv2\/wp\/v2\/posts\/157347","targetHints":{"allow":["GET"]}}],"collection":[{"href":"https:\/\/www.ifun.de\/apiv2\/wp\/v2\/posts"}],"about":[{"href":"https:\/\/www.ifun.de\/apiv2\/wp\/v2\/types\/post"}],"author":[{"embeddable":true,"href":"https:\/\/www.ifun.de\/apiv2\/wp\/v2\/users\/1"}],"replies":[{"embeddable":true,"href":"https:\/\/www.ifun.de\/apiv2\/wp\/v2\/comments?post=157347"}],"version-history":[{"count":3,"href":"https:\/\/www.ifun.de\/apiv2\/wp\/v2\/posts\/157347\/revisions"}],"predecessor-version":[{"id":157350,"href":"https:\/\/www.ifun.de\/apiv2\/wp\/v2\/posts\/157347\/revisions\/157350"}],"wp:attachment":[{"href":"https:\/\/www.ifun.de\/apiv2\/wp\/v2\/media?parent=157347"}],"wp:term":[{"taxonomy":"category","embeddable":true,"href":"https:\/\/www.ifun.de\/apiv2\/wp\/v2\/categories?post=157347"},{"taxonomy":"post_tag","embeddable":true,"href":"https:\/\/www.ifun.de\/apiv2\/wp\/v2\/tags?post=157347"}],"curies":[{"name":"wp","href":"https:\/\/api.w.org\/{rel}","templated":true}]}}