{"id":157127,"date":"2020-07-23T12:29:10","date_gmt":"2020-07-23T10:29:10","guid":{"rendered":"https:\/\/www.ifun.de\/?p=157127"},"modified":"2020-07-23T12:29:10","modified_gmt":"2020-07-23T10:29:10","slug":"fuer-ipad-optimiert-ard-audiothek-mit-grossem-update","status":"publish","type":"post","link":"https:\/\/www.ifun.de\/fuer-ipad-optimiert-ard-audiothek-mit-grossem-update-157127\/","title":{"rendered":"F\u00fcr iPad optimiert: ARD Audiothek mit gro\u00dfem Update"},"content":{"rendered":"<p>Auf den Spuren der <a href=\"https:\/\/www.iphone-ticker.de\/dlf-audiothek-mit-facelift-und-dunkelmodus-159844\/\">k\u00fcrzlich aktualisierten<\/a> DLF Audiothek meldet sich nun auch der Namensvetter der Arbeitsgemeinschaft der \u00f6ffentlich-rechtlichen Rundfunkanstalten mit einem gro\u00dfen Update zu Wort.<\/p>\n<p><a href=\"https:\/\/images.ifun.de\/wp-content\/uploads\/2020\/07\/ard-audiothek-kategorien.jpg\"><img loading=\"lazy\" decoding=\"async\" class=\"aligncenter size-medium wp-image-157129\" src=\"https:\/\/images.ifun.de\/wp-content\/uploads\/2020\/07\/ard-audiothek-kategorien-500x315.jpg\" alt=\"Ard Audiothek Kategorien\" width=\"500\" height=\"315\" srcset=\"https:\/\/images.ifun.de\/wp-content\/uploads\/2020\/07\/ard-audiothek-kategorien-500x315.jpg 500w, https:\/\/images.ifun.de\/wp-content\/uploads\/2020\/07\/ard-audiothek-kategorien-700x441.jpg 700w, https:\/\/images.ifun.de\/wp-content\/uploads\/2020\/07\/ard-audiothek-kategorien-768x484.jpg 768w, https:\/\/images.ifun.de\/wp-content\/uploads\/2020\/07\/ard-audiothek-kategorien.jpg 1500w\" sizes=\"auto, (max-width: 500px) 100vw, 500px\" \/><\/a><\/p>\n<p>F\u00fcr die <a rel=\"noindex, nofollow\" href=\"http:\/\/www.ifun.de\/amzn\/1224607890\">ARD Audiothek<\/a> liegt die erste Aktualisierung im laufenden Jahr bereit und mit ihr mehrere Feature-Neuzug\u00e4nge, zu denen unter anderem die nun gegebene CarPlay-Kompatibilit\u00e4t und die Aufwertung zur Universal-App z\u00e4hlt. Die ARD Audiothek l\u00e4sst sich nicht mehr nur auf dem iPhone sondern auch auf dem iPad einsetzen.<\/p>\n<p>Dar\u00fcber hinaus liefert Version 1.4 die folgenden neuen Funktionen und Verbesserungen:<\/p>\n<ul>\n<li>Erleben Sie die Audiotheks-Inhalte nun auch auf dem und im Auto \u00fcber CarPlay.<\/li>\n<li>Unter jeder Episode sind jetzt thematisch noch passendere Empfehlungen zu finden, die \u00fcber eine intelligente Inhaltserkennung generiert werden.<\/li>\n<li>Auf jeder Episodenseite eines Mehrteilers wird der n\u00e4chste Teil direkt vorgeschlagen.<\/li>\n<li>Eine neue Hilfeseite beantwortet Ihre Fragen dank ausf\u00fchrlicher FAQ und Suchfunktion jetzt noch schneller.<\/li>\n<li>In den Einstellungen k\u00f6nnen Sie ab iOS 13 f\u00fcr die optische Darstellung zwischen Light- und Darkmode w\u00e4hlen.<\/li>\n<li>Neue Filteroptionen im Meins-Bereich sorgen au\u00dferdem f\u00fcr ein verbessertes Auffinden von Inhalten.<\/li>\n<\/ul>\n<p>Seit letztem Jahr beinhaltet die ARD Audiothek auch den Direktzugriff auf die Livestreams der ARD und des Deutschlandradios. Aufgeteilt auf BR, DLF, HR, MDR, NDR, Radio Bremen, RBB, SR, SWR und WDR stehen in der App damit fast 50 Radiosender zum Direkt-Zugriff zur Verf\u00fcgung.<\/p>\n<!-- WP-Appbox (Version: 4.5.13 \/\/ Store: appstore \/\/ ID: 1224607890) -->\t<!-- app-link -->\n\t<div id=\"article-single-app-preview\">\n\t\t<div id=\"article-single-app-preview-header\">\n\t\t\t<span class=\"title\">Laden im App Store<\/span>\n\t\t<\/div>\n\t\t<div id=\"article-single-app-preview-content\">\n\t\t\t<div id=\"article-single-app-preview-img\"><img loading=\"lazy\" decoding=\"async\" src=\"\/\/is1-ssl.mzstatic.com\/image\/thumb\/PurpleSource221\/v4\/14\/be\/53\/14be53c4-7682-557f-0ac8-c12a4f21dca4\/Placeholder.mill\/200x200bb-75.png\" alt=\"ARD Sounds\"  height=\"72\" width=\"72\" class=\"asl-icon-img\" \/><\/div>\n\t\t\t<div id=\"article-single-app-preview-desc\">\n\t\t\t\t<span class=\"name\">ARD Sounds<\/span><br \/>\n\t\t\t\t<span class=\"seller\">Entwickler: <a target=\"_blank\" rel=\"nofollow\" href=\"https:\/\/apps.apple.com\/de\/developer\/sudwestrundfunk-anstalt-des-offentlichen-rechts\/id610313722\">Sudwestrundfunk, Anstalt des offentlichen Rechts<\/a><\/span>\n\t\t\t<\/div>\n\t\t\t<a target=\"_blank\" rel=\"nofollow\" href=\"https:\/\/apps.apple.com\/de\/app\/ard-sounds\/id1224607890\"><div id=\"article-single-app-preview-download\">Preis: Kostenlos<br \/>\n\t\t\t<span class=\"size\">Laden<\/span><\/div><\/a>\n\t\t<\/div>\n\t\t<!-- <div id=\"article-single-app-preview-footer\"><\/div>\t-->\n\t<\/div>\n\t<!-- app-link\/ende --><!-- \/WP-Appbox -->\n<p><h8>Mit Dank an Axel!<\/h8><\/p>\n","protected":false},"excerpt":{"rendered":"<a href=\"https:\/\/www.ifun.de\/fuer-ipad-optimiert-ard-audiothek-mit-grossem-update-157127\/\"><img width=\"150\" height=\"150\" src=\"https:\/\/images.ifun.de\/wp-content\/uploads\/2020\/07\/ard-audiothek-feature-150x150.jpg\" class=\"alignright tfe wp-post-image\" alt=\"Ard Audiothek Feature\" decoding=\"async\" loading=\"lazy\" \/><\/a><p>Auf den Spuren der k\u00fcrzlich aktualisierten DLF Audiothek meldet sich nun auch der Namensvetter der Arbeitsgemeinschaft der \u00f6ffentlich-rechtlichen Rundfunkanstalten mit einem gro\u00dfen Update zu Wort. F\u00fcr die ARD Audiothek liegt die erste Aktualisierung im laufenden Jahr bereit und mit ihr mehrere Feature-Neuzug\u00e4nge, zu denen unter anderem die nun gegebene CarPlay-Kompatibilit\u00e4t und die Aufwertung zur Universal-App [&hellip;]<\/p>\n","protected":false},"author":1,"featured_media":157130,"comment_status":"open","ping_status":"closed","sticky":false,"template":"","format":"standard","meta":{"_acf_changed":false,"footnotes":""},"categories":[5],"tags":[4737,183,2364,4906,4740,139],"class_list":["post-157127","post","type-post","status-publish","format-standard","has-post-thumbnail","hentry","category-apps","tag-apps","tag-ard","tag-carplay","tag-hoeren","tag-ipad","tag-radio"],"acf":[],"aioseo_notices":[],"subheadline":["CarPlay, Darkmode neue Filter","CarPlay, Darkmode neue Filter"],"featured_image":["https:\/\/images.ifun.de\/wp-content\/uploads\/2020\/07\/ard-audiothek-feature.jpg"],"rest_api_enabler":{"subheadline":["CarPlay, Darkmode neue Filter","CarPlay, Darkmode neue Filter"],"featured_image":"https:\/\/images.ifun.de\/wp-content\/uploads\/2020\/07\/ard-audiothek-feature.jpg"},"_links":{"self":[{"href":"https:\/\/www.ifun.de\/apiv2\/wp\/v2\/posts\/157127","targetHints":{"allow":["GET"]}}],"collection":[{"href":"https:\/\/www.ifun.de\/apiv2\/wp\/v2\/posts"}],"about":[{"href":"https:\/\/www.ifun.de\/apiv2\/wp\/v2\/types\/post"}],"author":[{"embeddable":true,"href":"https:\/\/www.ifun.de\/apiv2\/wp\/v2\/users\/1"}],"replies":[{"embeddable":true,"href":"https:\/\/www.ifun.de\/apiv2\/wp\/v2\/comments?post=157127"}],"version-history":[{"count":2,"href":"https:\/\/www.ifun.de\/apiv2\/wp\/v2\/posts\/157127\/revisions"}],"predecessor-version":[{"id":157131,"href":"https:\/\/www.ifun.de\/apiv2\/wp\/v2\/posts\/157127\/revisions\/157131"}],"wp:featuredmedia":[{"embeddable":true,"href":"https:\/\/www.ifun.de\/apiv2\/wp\/v2\/media\/157130"}],"wp:attachment":[{"href":"https:\/\/www.ifun.de\/apiv2\/wp\/v2\/media?parent=157127"}],"wp:term":[{"taxonomy":"category","embeddable":true,"href":"https:\/\/www.ifun.de\/apiv2\/wp\/v2\/categories?post=157127"},{"taxonomy":"post_tag","embeddable":true,"href":"https:\/\/www.ifun.de\/apiv2\/wp\/v2\/tags?post=157127"}],"curies":[{"name":"wp","href":"https:\/\/api.w.org\/{rel}","templated":true}]}}