{"id":15711,"date":"2011-09-04T14:25:59","date_gmt":"2011-09-04T12:25:59","guid":{"rendered":"http:\/\/www.ifun.de\/?p=15711"},"modified":"2011-09-04T14:25:59","modified_gmt":"2011-09-04T12:25:59","slug":"apple-store-augsburg-eroeffnung","status":"publish","type":"post","link":"https:\/\/www.ifun.de\/apple-store-augsburg-eroeffnung-15711\/","title":{"rendered":"Fotos und Video: Apple Store Augsburg mit viel Trubel er\u00f6ffnet"},"content":{"rendered":"<p>W\u00e4hrend wir gestern noch flei\u00dfig die IFA abgegrast haben, hat in Augsburg der sechste deutsche Apple Store er\u00f6ffnet. War wohl ganz sch\u00f6n was los dort, Johannes und Alexander haben uns ein paar Fotos sowie ein Video geschickt. Danke daf\u00fcr!<\/p>\n<p><img loading=\"lazy\" decoding=\"async\" src=\"http:\/\/images.ifun.de\/wp-content\/uploads\/2011\/09\/augsburg1.jpg\" alt=\"\" title=\"augsburg1\" width=\"464\" height=\"291\" class=\"alignnone size-full wp-image-15712\" srcset=\"https:\/\/images.ifun.de\/wp-content\/uploads\/2011\/09\/augsburg1.jpg 464w, https:\/\/images.ifun.de\/wp-content\/uploads\/2011\/09\/augsburg1-300x188.jpg 300w\" sizes=\"auto, (max-width: 464px) 100vw, 464px\" \/><\/p>\n<p><!--more--><img loading=\"lazy\" decoding=\"async\" src=\"http:\/\/images.ifun.de\/wp-content\/uploads\/2011\/09\/augsburg2.jpg\" alt=\"\" title=\"augsburg2\" width=\"464\" height=\"291\" class=\"alignnone size-full wp-image-15713\" srcset=\"https:\/\/images.ifun.de\/wp-content\/uploads\/2011\/09\/augsburg2.jpg 464w, https:\/\/images.ifun.de\/wp-content\/uploads\/2011\/09\/augsburg2-300x188.jpg 300w\" sizes=\"auto, (max-width: 464px) 100vw, 464px\" \/><\/p>\n<p><img loading=\"lazy\" decoding=\"async\" src=\"http:\/\/images.ifun.de\/wp-content\/uploads\/2011\/09\/augsburg3.jpg\" alt=\"\" title=\"augsburg3\" width=\"464\" height=\"291\" class=\"alignnone size-full wp-image-15714\" srcset=\"https:\/\/images.ifun.de\/wp-content\/uploads\/2011\/09\/augsburg3.jpg 464w, https:\/\/images.ifun.de\/wp-content\/uploads\/2011\/09\/augsburg3-300x188.jpg 300w\" sizes=\"auto, (max-width: 464px) 100vw, 464px\" \/><\/p>\n<p><img loading=\"lazy\" decoding=\"async\" src=\"http:\/\/images.ifun.de\/wp-content\/uploads\/2011\/09\/augsburg4.jpg\" alt=\"\" title=\"augsburg4\" width=\"464\" height=\"291\" class=\"alignnone size-full wp-image-15715\" srcset=\"https:\/\/images.ifun.de\/wp-content\/uploads\/2011\/09\/augsburg4.jpg 464w, https:\/\/images.ifun.de\/wp-content\/uploads\/2011\/09\/augsburg4-300x188.jpg 300w\" sizes=\"auto, (max-width: 464px) 100vw, 464px\" \/><\/p>\n<p><div class=\"responsive-video\"><iframe loading=\"lazy\" width=\"464\" height=\"378\" src=\"http:\/\/www.youtube-nocookie.com\/embed\/G1BsunjueVs?rel=0\" frameborder=\"0\" allowfullscreen><\/iframe><\/div><\/p>\n","protected":false},"excerpt":{"rendered":"<a href=\"https:\/\/www.ifun.de\/apple-store-augsburg-eroeffnung-15711\/\"><img width=\"150\" height=\"150\" src=\"https:\/\/images.ifun.de\/wp-content\/uploads\/2011\/09\/augsburg4-150x150.jpg\" class=\"alignright tfe wp-post-image\" alt=\"\" decoding=\"async\" loading=\"lazy\" \/><\/a><p>W\u00e4hrend wir gestern noch flei\u00dfig die IFA abgegrast haben, hat in Augsburg der sechste deutsche Apple Store er\u00f6ffnet. War wohl ganz sch\u00f6n was los dort, Johannes und Alexander haben uns ein paar Fotos sowie ein Video geschickt. Danke daf\u00fcr!<\/p>\n","protected":false},"author":2,"featured_media":15715,"comment_status":"open","ping_status":"closed","sticky":false,"template":"","format":"standard","meta":{"_acf_changed":false,"footnotes":""},"categories":[3],"tags":[49,358],"class_list":["post-15711","post","type-post","status-publish","format-standard","has-post-thumbnail","hentry","category-apple","tag-apple-store","tag-augsburg"],"acf":[],"aioseo_notices":[],"rest_api_enabler":[],"_links":{"self":[{"href":"https:\/\/www.ifun.de\/apiv2\/wp\/v2\/posts\/15711","targetHints":{"allow":["GET"]}}],"collection":[{"href":"https:\/\/www.ifun.de\/apiv2\/wp\/v2\/posts"}],"about":[{"href":"https:\/\/www.ifun.de\/apiv2\/wp\/v2\/types\/post"}],"author":[{"embeddable":true,"href":"https:\/\/www.ifun.de\/apiv2\/wp\/v2\/users\/2"}],"replies":[{"embeddable":true,"href":"https:\/\/www.ifun.de\/apiv2\/wp\/v2\/comments?post=15711"}],"version-history":[{"count":1,"href":"https:\/\/www.ifun.de\/apiv2\/wp\/v2\/posts\/15711\/revisions"}],"predecessor-version":[{"id":15716,"href":"https:\/\/www.ifun.de\/apiv2\/wp\/v2\/posts\/15711\/revisions\/15716"}],"wp:featuredmedia":[{"embeddable":true,"href":"https:\/\/www.ifun.de\/apiv2\/wp\/v2\/media\/15715"}],"wp:attachment":[{"href":"https:\/\/www.ifun.de\/apiv2\/wp\/v2\/media?parent=15711"}],"wp:term":[{"taxonomy":"category","embeddable":true,"href":"https:\/\/www.ifun.de\/apiv2\/wp\/v2\/categories?post=15711"},{"taxonomy":"post_tag","embeddable":true,"href":"https:\/\/www.ifun.de\/apiv2\/wp\/v2\/tags?post=15711"}],"curies":[{"name":"wp","href":"https:\/\/api.w.org\/{rel}","templated":true}]}}