{"id":157022,"date":"2020-07-22T08:16:33","date_gmt":"2020-07-22T06:16:33","guid":{"rendered":"https:\/\/www.ifun.de\/?p=157022"},"modified":"2020-07-22T08:18:17","modified_gmt":"2020-07-22T06:18:17","slug":"ipados-14-kommt-ohne-widgets-so-koennte-das-aussehen","status":"publish","type":"post","link":"https:\/\/www.ifun.de\/ipados-14-kommt-ohne-widgets-so-koennte-das-aussehen-157022\/","title":{"rendered":"iPadOS 14 noch ohne Widgets: So w\u00e4re es besser"},"content":{"rendered":"<p>Mit iOS 14 f\u00fchrt Apple die M\u00f6glichkeit ein, den iPhone-Bildschirm mithilfe von <a href=\"https:\/\/www.iphone-ticker.de\/ios-14-widgets-und-der-neue-home-bildschirm-im-detail-159281\/\" title=\"iOS 14: Widgets und der neue Home-Bildschirm im Detail\">Widgets<\/a> besser zu strukturieren. iPad-Nutzer bleiben hier au\u00dfen vor. iPadOS wird im Herbst zwar <a href=\"https:\/\/www.ifun.de\/ipados-14-fokus-auf-einfachere-texteingabe-und-zeichenunterstuetzung-155601\/\" title=\"iPadOS 14: Fokus auf einfachere Texteingabe und Zeichenunterst\u00fctzung\">ebenfalls aktualisiert<\/a>, der Fokus liegt hier jedoch auf anderen Funktionen. Die Widgets werden zwar ebenfalls aufgefrischt, es bleibt jedoch bei der eingeschr\u00e4nkten M\u00f6glichkeit, diese nur im Querformat und dann auch nur in der Seitenleiste anzuzeigen. Den Home-Bildschirm l\u00e4sst Apple zumindest mit iOS 14 noch unver\u00e4ndert.<\/p>\n<p><a href=\"https:\/\/images.ifun.de\/wp-content\/uploads\/2020\/07\/ipados-15-entwurf-widgets.jpg\"><img loading=\"lazy\" decoding=\"async\" src=\"https:\/\/images.ifun.de\/wp-content\/uploads\/2020\/07\/ipados-15-entwurf-widgets-500x393.jpg\" alt=\"Ipados 15 Entwurf Widgets\" width=\"500\" height=\"393\" class=\"alignnone size-medium wp-image-157025\" srcset=\"https:\/\/images.ifun.de\/wp-content\/uploads\/2020\/07\/ipados-15-entwurf-widgets-500x393.jpg 500w, https:\/\/images.ifun.de\/wp-content\/uploads\/2020\/07\/ipados-15-entwurf-widgets-700x550.jpg 700w, https:\/\/images.ifun.de\/wp-content\/uploads\/2020\/07\/ipados-15-entwurf-widgets-768x603.jpg 768w, https:\/\/images.ifun.de\/wp-content\/uploads\/2020\/07\/ipados-15-entwurf-widgets.jpg 1400w\" sizes=\"auto, (max-width: 500px) 100vw, 500px\" \/><\/a><\/p>\n<p>Auch wenn die von Parker Ortolani ver\u00f6ffentlichten Grafiken nat\u00fcrlich schnell erstellt sind und sich die Programmierung solcher Funktionen deutlich anspruchsvoller gestaltet. Apple muss sich zumindest fragen lassen, warum das iPad hinsichtlich dieser Neuerung komplett ignoriert wurde und nun vermutlich ein Jahr l\u00e4nger auf einen flexibler konfigurierbaren und damit auch pers\u00f6nlicheren Home-Bildschirm warten muss. Ortolani hat seine Entw\u00fcrfe <a href=\"https:\/\/www.behance.net\/gallery\/101091703\/iPadOS-15-Concept\">iPadOS 15 Concept<\/a> getauft und auch wir gehen davon aus, dass Apple eine vergleichbare \u00dcberarbeitung tats\u00e4chlich f\u00fcr das n\u00e4chste gro\u00dfe Update von iPadOS plant.<\/p>\n<p><a href=\"https:\/\/images.ifun.de\/wp-content\/uploads\/2020\/07\/ipados-15-entwurf-app-library-mediathek.jpg\"><img loading=\"lazy\" decoding=\"async\" src=\"https:\/\/images.ifun.de\/wp-content\/uploads\/2020\/07\/ipados-15-entwurf-app-library-mediathek-700x650.jpg\" alt=\"Ipados 15 Entwurf App Library Mediathek\" width=\"700\" height=\"650\" class=\"alignnone size-large wp-image-157026\" srcset=\"https:\/\/images.ifun.de\/wp-content\/uploads\/2020\/07\/ipados-15-entwurf-app-library-mediathek-700x650.jpg 700w, https:\/\/images.ifun.de\/wp-content\/uploads\/2020\/07\/ipados-15-entwurf-app-library-mediathek-500x464.jpg 500w, https:\/\/images.ifun.de\/wp-content\/uploads\/2020\/07\/ipados-15-entwurf-app-library-mediathek-768x713.jpg 768w, https:\/\/images.ifun.de\/wp-content\/uploads\/2020\/07\/ipados-15-entwurf-app-library-mediathek.jpg 1400w\" sizes=\"auto, (max-width: 700px) 100vw, 700px\" \/><\/a><\/p>\n<p>Ob es damit verbunden tats\u00e4chlich auch m\u00f6glich sein wird, die Apps und Widgets wie von Ortolani vorgeschlagen v\u00f6llig frei auf dem Home-Bildschirm zu platzieren, sei dahingestellt. Eine Angleichung an iOS 14 steht eigentlich au\u00dfer Frage und iPadOS sollte zumindest flexible Widget-Gr\u00f6\u00dfen erhalten, verbunden mit der M\u00f6glichkeit, diese auf dem Standard-Home-Bildschirm anzuzeigen. Auch die f\u00fcr das iPhone bereits angek\u00fcndigte App-Mediathek zum \u201everstecken\u201c von seltener genutzten Apps w\u00e4re sicher ein Zugewinn f\u00fcr das iPad.<\/p>\n","protected":false},"excerpt":{"rendered":"<a href=\"https:\/\/www.ifun.de\/ipados-14-kommt-ohne-widgets-so-koennte-das-aussehen-157022\/\"><img width=\"150\" height=\"150\" src=\"https:\/\/images.ifun.de\/wp-content\/uploads\/2020\/07\/ipados-15-entwurf-app-library-mediathek-150x150.jpg\" class=\"alignright tfe wp-post-image\" alt=\"Ipados 15 Entwurf App Library Mediathek\" decoding=\"async\" loading=\"lazy\" \/><\/a><p>Mit iOS 14 f\u00fchrt Apple die M\u00f6glichkeit ein, den iPhone-Bildschirm mithilfe von Widgets besser zu strukturieren. iPad-Nutzer bleiben hier au\u00dfen vor. iPadOS wird im Herbst zwar ebenfalls aktualisiert, der Fokus liegt hier jedoch auf anderen Funktionen. Die Widgets werden zwar ebenfalls aufgefrischt, es bleibt jedoch bei der eingeschr\u00e4nkten M\u00f6glichkeit, diese nur im Querformat und dann [&hellip;]<\/p>\n","protected":false},"author":2,"featured_media":157026,"comment_status":"open","ping_status":"closed","sticky":false,"template":"","format":"standard","meta":{"_acf_changed":false,"footnotes":""},"categories":[10],"tags":[4537,2045],"class_list":["post-157022","post","type-post","status-publish","format-standard","has-post-thumbnail","hentry","category-ipad","tag-ipados","tag-widgets"],"acf":[],"aioseo_notices":[],"featured_image":["https:\/\/images.ifun.de\/wp-content\/uploads\/2020\/07\/ipados-15-entwurf.jpg"],"subheadline":["Warten auf n\u00e4chstes Jahr"],"rest_api_enabler":{"featured_image":"https:\/\/images.ifun.de\/wp-content\/uploads\/2020\/07\/ipados-15-entwurf.jpg","subheadline":"Warten auf n\u00e4chstes Jahr"},"_links":{"self":[{"href":"https:\/\/www.ifun.de\/apiv2\/wp\/v2\/posts\/157022","targetHints":{"allow":["GET"]}}],"collection":[{"href":"https:\/\/www.ifun.de\/apiv2\/wp\/v2\/posts"}],"about":[{"href":"https:\/\/www.ifun.de\/apiv2\/wp\/v2\/types\/post"}],"author":[{"embeddable":true,"href":"https:\/\/www.ifun.de\/apiv2\/wp\/v2\/users\/2"}],"replies":[{"embeddable":true,"href":"https:\/\/www.ifun.de\/apiv2\/wp\/v2\/comments?post=157022"}],"version-history":[{"count":5,"href":"https:\/\/www.ifun.de\/apiv2\/wp\/v2\/posts\/157022\/revisions"}],"predecessor-version":[{"id":157030,"href":"https:\/\/www.ifun.de\/apiv2\/wp\/v2\/posts\/157022\/revisions\/157030"}],"wp:featuredmedia":[{"embeddable":true,"href":"https:\/\/www.ifun.de\/apiv2\/wp\/v2\/media\/157026"}],"wp:attachment":[{"href":"https:\/\/www.ifun.de\/apiv2\/wp\/v2\/media?parent=157022"}],"wp:term":[{"taxonomy":"category","embeddable":true,"href":"https:\/\/www.ifun.de\/apiv2\/wp\/v2\/categories?post=157022"},{"taxonomy":"post_tag","embeddable":true,"href":"https:\/\/www.ifun.de\/apiv2\/wp\/v2\/tags?post=157022"}],"curies":[{"name":"wp","href":"https:\/\/api.w.org\/{rel}","templated":true}]}}