{"id":157000,"date":"2020-07-21T15:44:27","date_gmt":"2020-07-21T13:44:27","guid":{"rendered":"https:\/\/www.ifun.de\/?p=157000"},"modified":"2020-07-22T13:53:23","modified_gmt":"2020-07-22T11:53:23","slug":"ipad-pro-usb-c-hub-ugreen-faellt-durch-anker-punktet","status":"publish","type":"post","link":"https:\/\/www.ifun.de\/ipad-pro-usb-c-hub-ugreen-faellt-durch-anker-punktet-157000\/","title":{"rendered":"iPad Pro USB-C-Hub: Ugreen f\u00e4llt durch, Anker punktet"},"content":{"rendered":"<p>Kurzer Verbraucherhinweis f\u00fcr die hier mitlesenden iPad Pro-Besitzer, die sich langfristig einen USB-C-Hub f\u00fcr den Anschluss externer Speichermedien, Monitore und Kopfh\u00f6rer zulegen wollen: Lasst das k\u00fcrzlich vorgestellte <a rel=\"noindex, nofollow\" href=\"http:\/\/www.ifun.de\/amzn\/B082ZXXRB3\">5-in-1-Modell<\/a> von Ugreen links liegen.<\/p>\n<p><a href=\"https:\/\/images.ifun.de\/wp-content\/uploads\/2020\/07\/anker-ugreen.jpg\"><img loading=\"lazy\" decoding=\"async\" class=\"aligncenter size-medium wp-image-157002\" src=\"https:\/\/images.ifun.de\/wp-content\/uploads\/2020\/07\/anker-ugreen-500x375.jpg\" alt=\"Anker Ugreen\" width=\"500\" height=\"375\" srcset=\"https:\/\/images.ifun.de\/wp-content\/uploads\/2020\/07\/anker-ugreen-500x375.jpg 500w, https:\/\/images.ifun.de\/wp-content\/uploads\/2020\/07\/anker-ugreen-700x525.jpg 700w, https:\/\/images.ifun.de\/wp-content\/uploads\/2020\/07\/anker-ugreen-768x576.jpg 768w, https:\/\/images.ifun.de\/wp-content\/uploads\/2020\/07\/anker-ugreen.jpg 1024w\" sizes=\"auto, (max-width: 500px) 100vw, 500px\" \/><\/a><\/p>\n<h6>Links: Anker &#8211; Rechts: Ugreen<\/h6>\n<p>Wir haben uns den ungew\u00f6hnlich geformten Adapter nach seiner Vorstellung am 14. Juli geordert und wissen r\u00fcckblickend auch nicht mehr, was genau wir hier eigentlich erwartet haben. Die unkonventionelle Bauform des 5-in-1-Hubs, so viel stellte sich bereits nach 10 Minuten mit dem 45-Euro-Accessoire heraus, hat jedenfalls keine offensichtlichen Vorz\u00fcge.<\/p>\n<p>Das Hub ist mit einem magnetischen Moosgummi ausgestattet (dieses l\u00e4sst sich beim Einsatz mit einer iPad-Schutzh\u00fclle entfernen und verl\u00e4ngert so die Reichweite des USB-C-Steckers) und verspricht eine gute Kompatibilit\u00e4t zu zahlreichen Case-Typen &#8211; Apples Magic Keyboard unterst\u00fctzt das USB-C-Hub allerdings nicht.<\/p>\n<p><a href=\"https:\/\/images.ifun.de\/wp-content\/uploads\/2020\/07\/aufgesteckt-ugreen-scaled.jpg\"><img loading=\"lazy\" decoding=\"async\" class=\"aligncenter size-large wp-image-157003\" src=\"https:\/\/images.ifun.de\/wp-content\/uploads\/2020\/07\/aufgesteckt-ugreen-700x381.jpg\" alt=\"Aufgesteckt Ugreen\" width=\"700\" height=\"381\" srcset=\"https:\/\/images.ifun.de\/wp-content\/uploads\/2020\/07\/aufgesteckt-ugreen-700x381.jpg 700w, https:\/\/images.ifun.de\/wp-content\/uploads\/2020\/07\/aufgesteckt-ugreen-500x272.jpg 500w, https:\/\/images.ifun.de\/wp-content\/uploads\/2020\/07\/aufgesteckt-ugreen-768x418.jpg 768w, https:\/\/images.ifun.de\/wp-content\/uploads\/2020\/07\/aufgesteckt-ugreen-1536x837.jpg 1536w, https:\/\/images.ifun.de\/wp-content\/uploads\/2020\/07\/aufgesteckt-ugreen-2048x1116.jpg 2048w\" sizes=\"auto, (max-width: 700px) 100vw, 700px\" \/><\/a><\/p>\n<h6>Das Ugreen-Hub ohne&#8230;<\/h6>\n<p>Und was sollen wir sagen&#8230; die Case-Kompatibilit\u00e4t ist theoretisch vorhanden, praktisch jedoch wenig attraktiv. So kommt das Ugreen-Hub mit zwei kleinen (gefederten) Beinchen, die sich darum k\u00fcmmern sollen, dass das eingesteckte Hub beim Einsatz ohne Case ebensogut sitzt wie beim Einsatz mit Schutzh\u00fclle.<\/p>\n<p>In der Praxis sorgt dies Entscheidung der Produktdesigner jedoch f\u00fcr einen riesigen Abstand zwischen iPad-R\u00fccken und Hub, wenn dieses ohne Case genutzt wird. Beim Einsatz mit Schutzh\u00fclle, sind die Federn der zwei kleinen Beinchen leider so stark, dass diese nicht im Hub verschwinden, sondern so sehr um zus\u00e4tzlichen Abstand bem\u00fcht sind, dass das Dock zur Schr\u00e4glage neigt.<\/p>\n<p><a href=\"https:\/\/images.ifun.de\/wp-content\/uploads\/2020\/07\/ugreen-aufgesteckt-case-scaled.jpg\"><img loading=\"lazy\" decoding=\"async\" class=\"aligncenter size-large wp-image-157005\" src=\"https:\/\/images.ifun.de\/wp-content\/uploads\/2020\/07\/ugreen-aufgesteckt-case-700x422.jpg\" alt=\"Ugreen Aufgesteckt Case\" width=\"700\" height=\"422\" srcset=\"https:\/\/images.ifun.de\/wp-content\/uploads\/2020\/07\/ugreen-aufgesteckt-case-700x422.jpg 700w, https:\/\/images.ifun.de\/wp-content\/uploads\/2020\/07\/ugreen-aufgesteckt-case-500x301.jpg 500w, https:\/\/images.ifun.de\/wp-content\/uploads\/2020\/07\/ugreen-aufgesteckt-case-768x463.jpg 768w, https:\/\/images.ifun.de\/wp-content\/uploads\/2020\/07\/ugreen-aufgesteckt-case-1536x925.jpg 1536w, https:\/\/images.ifun.de\/wp-content\/uploads\/2020\/07\/ugreen-aufgesteckt-case-2048x1233.jpg 2048w\" sizes=\"auto, (max-width: 700px) 100vw, 700px\" \/><\/a><\/p>\n<h6>&#8230; und mit Case.<\/h6>\n<p>Apropos schr\u00e4g: Ist das Dock eingesteckt, l\u00e4sst sich das iPad nicht mehr flach auf den Tisch legen und nur noch schlecht im Querformat halten. Immerhin \u00fcberdeckt das Ugreen-Modell nicht das kleine Lautsprecher-Gitter, sitzt daf\u00fcr aber unsch\u00f6n leicht nach rechts versetzt.<\/p>\n<p><a rel=\"noindex, nofollow\" href=\"https:\/\/www.amazon.de\/stores\/page\/7A035CFA-BD81-4FF0-B529-4D3B2A861303\/ref=as_li_ss_tl?ingress=2&amp;visitId=ef763ec4-7289-4f06-a368-54076c3c0015&amp;ref_=ast_bln&amp;linkCode=ll2&amp;tag=musicweb02&amp;linkId=0a283eea5a2d3cd55f55c9a9d17c901c&amp;language=de_DE\">Was Zubeh\u00f6r-Komponenten<\/a> angeht, geh\u00f6ren wir grunds\u00e4tzlich zu den Fans von Ugreen, die bislang stets \u00fcberdurchschnittlich gute Qualit\u00e4t zu g\u00fcnstigen Preisen abgeliefert haben. Das iPad Pro-Dock des Herstellers muss jedoch als sprichw\u00f6rtlicher &#8222;Griff ins Klo&#8220; beschrieben werden.<\/p>\n<p><a href=\"https:\/\/images.ifun.de\/wp-content\/uploads\/2020\/07\/aufgesteckt-anker-scaled.jpg\"><img loading=\"lazy\" decoding=\"async\" class=\"aligncenter size-large wp-image-157004\" src=\"https:\/\/images.ifun.de\/wp-content\/uploads\/2020\/07\/aufgesteckt-anker-700x420.jpg\" alt=\"Aufgesteckt Anker\" width=\"700\" height=\"420\" srcset=\"https:\/\/images.ifun.de\/wp-content\/uploads\/2020\/07\/aufgesteckt-anker-700x420.jpg 700w, https:\/\/images.ifun.de\/wp-content\/uploads\/2020\/07\/aufgesteckt-anker-500x300.jpg 500w, https:\/\/images.ifun.de\/wp-content\/uploads\/2020\/07\/aufgesteckt-anker-768x461.jpg 768w, https:\/\/images.ifun.de\/wp-content\/uploads\/2020\/07\/aufgesteckt-anker-1536x922.jpg 1536w, https:\/\/images.ifun.de\/wp-content\/uploads\/2020\/07\/aufgesteckt-anker-2048x1230.jpg 2048w\" sizes=\"auto, (max-width: 700px) 100vw, 700px\" \/><\/a><\/p>\n<h6>Anker: Sitzt b\u00fcndig und gut<\/h6>\n<p>Im direkten Vergleich macht das Anker-Modell eine deutlich bessere Figur. Dieses l\u00e4sst sich auch in Kombination mit dem Magic Keyboard einsetzen bietet daf\u00fcr jedoch nur einen USB-Anschluss.<\/p>\n<p>Das Aussenden eines hochfrequenten Fieptons, Kritik die auf der <a rel=\"noindex, nofollow\" href=\"http:\/\/www.ifun.de\/amzn\/B082VRG55W\">Amazon-Produktseite<\/a> zum Anker-Hub mehrfach aufkommt, haben wir noch nicht feststellen k\u00f6nnen.<\/p>\n<p><img loading=\"lazy\" decoding=\"async\" class=\"tracking\" src=\"https:\/\/vg01.met.vgwort.de\/na\/91da557473334f10aa90c3e6407226ce\" width=\"1\" height=\"1\" \/><\/p>\n<p >Keine Produkte gefunden.<\/p>\n<script>\r\n  function open_amazon(link) {\r\n    if (navigator.userAgent.indexOf(\"Firefox\") != -1) {\r\n      window.open(link, '_blank');\r\n    } else {\r\n      var tag = document.createElement('a');\r\n      tag.setAttribute('href', link);\r\n      tag.innerHTML = \"amzn\";\r\n      tag.click();\r\n    }\r\n  }\r\n<\/script>\r\n    <div id=\"article-single-amazon-preview\" onclick=\"return open_amazon('https:\/\/www.amazon.de\/dp\/B082VRG55W?tag=musicweb02&linkCode=ogi&th=1&psc=1');\">\n  <div id=\"article-single-amazon-preview-header\">\n    <span class=\"title\">Produkthinweis<\/span>\n      <\/div>\n  <div id=\"article-single-amazon-preview-content\">\n    <div id=\"article-single-amazon-preview-img\" style=\"background: url('https:\/\/m.media-amazon.com\/images\/I\/31gOWhx-cVL.jpg') center center no-repeat; background-size: cover;\"><\/div>\n    <div id=\"article-single-amazon-preview-desc\">\n      <span class=\"bezeichnung\"><a href=\"https:\/\/www.amazon.de\/dp\/B082VRG55W?tag=musicweb02&linkCode=ogi&th=1&psc=1\" style=\"text-decoration: none; border-bottom: 0px; box-shadow: none;\">Anker PowerExpand Direct 6-in-1 USB-C Hub f\u00fcr iPad Pro, mit 60W Power Delivery, 4K@60Hz HDMI Eingang, 3.5mm...<\/a><\/span>\n      <span class=\"preis--aktuell\">45,99 EUR<\/span>\n      <span class=\"preis--alt\"><\/span>\n    <\/div>\n  <\/div>\n<\/div>\n","protected":false},"excerpt":{"rendered":"<a href=\"https:\/\/www.ifun.de\/ipad-pro-usb-c-hub-ugreen-faellt-durch-anker-punktet-157000\/\"><img width=\"150\" height=\"150\" src=\"https:\/\/images.ifun.de\/wp-content\/uploads\/2020\/07\/ugreen-aufgesteckt-case-150x150.jpg\" class=\"alignright tfe wp-post-image\" alt=\"Ugreen Aufgesteckt Case\" decoding=\"async\" loading=\"lazy\" \/><\/a><p>Kurzer Verbraucherhinweis f\u00fcr die hier mitlesenden iPad Pro-Besitzer, die sich langfristig einen USB-C-Hub f\u00fcr den Anschluss externer Speichermedien, Monitore und Kopfh\u00f6rer zulegen wollen: Lasst das k\u00fcrzlich vorgestellte 5-in-1-Modell von Ugreen links liegen. Links: Anker &#8211; Rechts: Ugreen Wir haben uns den ungew\u00f6hnlich geformten Adapter nach seiner Vorstellung am 14. Juli geordert und wissen r\u00fcckblickend auch [&hellip;]<\/p>\n","protected":false},"author":1,"featured_media":157005,"comment_status":"open","ping_status":"closed","sticky":false,"template":"","format":"standard","meta":{"_acf_changed":false,"footnotes":""},"categories":[22,1783],"tags":[2156,35,2486,4476,2650,4591],"class_list":["post-157000","post","type-post","status-publish","format-standard","has-post-thumbnail","hentry","category-zubehor","category-feature","tag-anker","tag-dock","tag-ipad-pro","tag-ugreen","tag-usb-c","tag-zubehoer"],"acf":[],"aioseo_notices":[],"featured_image":["https:\/\/images.ifun.de\/wp-content\/uploads\/2020\/07\/anker-ipad-hub-duck-feature.jpg"],"subheadline":["Ungelenk, unhandlich und unsch\u00f6n"],"rest_api_enabler":{"featured_image":"https:\/\/images.ifun.de\/wp-content\/uploads\/2020\/07\/anker-ipad-hub-duck-feature.jpg","subheadline":"Ungelenk, unhandlich und unsch\u00f6n"},"_links":{"self":[{"href":"https:\/\/www.ifun.de\/apiv2\/wp\/v2\/posts\/157000","targetHints":{"allow":["GET"]}}],"collection":[{"href":"https:\/\/www.ifun.de\/apiv2\/wp\/v2\/posts"}],"about":[{"href":"https:\/\/www.ifun.de\/apiv2\/wp\/v2\/types\/post"}],"author":[{"embeddable":true,"href":"https:\/\/www.ifun.de\/apiv2\/wp\/v2\/users\/1"}],"replies":[{"embeddable":true,"href":"https:\/\/www.ifun.de\/apiv2\/wp\/v2\/comments?post=157000"}],"version-history":[{"count":2,"href":"https:\/\/www.ifun.de\/apiv2\/wp\/v2\/posts\/157000\/revisions"}],"predecessor-version":[{"id":157007,"href":"https:\/\/www.ifun.de\/apiv2\/wp\/v2\/posts\/157000\/revisions\/157007"}],"wp:featuredmedia":[{"embeddable":true,"href":"https:\/\/www.ifun.de\/apiv2\/wp\/v2\/media\/157005"}],"wp:attachment":[{"href":"https:\/\/www.ifun.de\/apiv2\/wp\/v2\/media?parent=157000"}],"wp:term":[{"taxonomy":"category","embeddable":true,"href":"https:\/\/www.ifun.de\/apiv2\/wp\/v2\/categories?post=157000"},{"taxonomy":"post_tag","embeddable":true,"href":"https:\/\/www.ifun.de\/apiv2\/wp\/v2\/tags?post=157000"}],"curies":[{"name":"wp","href":"https:\/\/api.w.org\/{rel}","templated":true}]}}