{"id":156889,"date":"2020-07-17T20:14:00","date_gmt":"2020-07-17T18:14:00","guid":{"rendered":"https:\/\/www.ifun.de\/?p=156889"},"modified":"2020-07-21T16:56:41","modified_gmt":"2020-07-21T14:56:41","slug":"apple-prozessoren-zwei-arm-macs-sollen-dieses-jahr-noch-kommen","status":"publish","type":"post","link":"https:\/\/www.ifun.de\/apple-prozessoren-zwei-arm-macs-sollen-dieses-jahr-noch-kommen-156889\/","title":{"rendered":"Apple-Prozessoren: Zwei ARM-Macs sollen dieses Jahr noch kommen"},"content":{"rendered":"<p>Apple hat uns noch f\u00fcr dieses Jahr die ersten Macs <a href=\"https:\/\/www.ifun.de\/goodbye-intel-apple-macht-chip-wechsel-offiziell-155639\/\">versprochen<\/a>, die einen Apple-Prozessor anstelle der Intel-CPU verwenden. Wann und welche Modelle das sein werden, dar\u00fcber h\u00fcllt sich der Hersteller in Schweigen. Das Branchenblatt <a href=\"https:\/\/www.digitimes.com\/news\/a20200716PD208.html\">DigiTimes<\/a> will nun von Apple-Zulieferern erfahren haben, dass es sich bei den ersten Ger\u00e4ten um ein neues MacBook Air und ein neues MacBook Pro 13\u201c handelt.<\/p>\n<p><a href=\"https:\/\/images.ifun.de\/wp-content\/uploads\/2020\/06\/macos-arm-vorteile-und-features.jpg\"><img loading=\"lazy\" decoding=\"async\" src=\"https:\/\/images.ifun.de\/wp-content\/uploads\/2020\/06\/macos-arm-vorteile-und-features-500x275.jpg\" alt=\"Macos Arm Vorteile Und Features\" width=\"500\" height=\"275\" class=\"alignnone size-medium wp-image-155635\" srcset=\"https:\/\/images.ifun.de\/wp-content\/uploads\/2020\/06\/macos-arm-vorteile-und-features-500x275.jpg 500w, https:\/\/images.ifun.de\/wp-content\/uploads\/2020\/06\/macos-arm-vorteile-und-features-700x386.jpg 700w, https:\/\/images.ifun.de\/wp-content\/uploads\/2020\/06\/macos-arm-vorteile-und-features-768x423.jpg 768w, https:\/\/images.ifun.de\/wp-content\/uploads\/2020\/06\/macos-arm-vorteile-und-features.jpg 1400w\" sizes=\"auto, (max-width: 500px) 100vw, 500px\" \/><\/a><\/p>\n<p>Solche Ger\u00fcchte sind nat\u00fcrlich mit Vorbehalt zu genie\u00dfen, doch w\u00fcrde ein Start mit den kleineren Notebooks schon mal nicht \u00fcberraschen. Apple will die Sache vern\u00fcnftigerweise langsam angehen. Dem Hersteller zufolge ist geplant, dass sich die Umstellung sogar bis ins Jahr 2022 hinein zieht. Zudem hat Apple angek\u00fcndigt, dass zun\u00e4chst auch noch weitere neue Macs mit Intel-Prozessoren erscheinen werden.<\/p>\n<p>Unterm Strich sollten wir die Erwartungen auch nicht zu hoch treiben. Wenn die beiden Ger\u00e4te tats\u00e4chlich und vielleicht sogar schon im Herbst kommen, ist das prima. Wir d\u00fcrfen aber auch nicht entt\u00e4uscht sein, wenn Apple erst im Dezember und lediglich einem Mac mit selbst produziertem Prozessor am Markt ist. Mehr wurde uns bislang nicht versprochen und gerade in diesem Fall w\u00e4re es Quatsch, den Zeitdruck \u00fcber die Produktqualit\u00e4t zu stellen.<\/p>\n<p>Die Produktion eigener Apple-Prozessoren fortan auch f\u00fcr Computer ist auch eine logistische Herausforderung f\u00fcr Apples Produktionspartner. Der diesbez\u00fcglich involvierte Auftragsfertiger TSMC pr\u00e4sentiert sich mit starker Brust, ebenfalls einem <a href=\"https:\/\/www.digitimes.com\/news\/a20200716PD204.html\">DigiTimes-Bericht<\/a> zufolge rechnet man damit, dass sich die zus\u00e4tzliche Produktkategorie erst von Mitte n\u00e4chsten Jahres an massiv in den Auftragsb\u00fcchern niederschl\u00e4gt.<\/p>\n","protected":false},"excerpt":{"rendered":"<a href=\"https:\/\/www.ifun.de\/apple-prozessoren-zwei-arm-macs-sollen-dieses-jahr-noch-kommen-156889\/\"><img width=\"150\" height=\"150\" src=\"https:\/\/images.ifun.de\/wp-content\/uploads\/2020\/07\/tim-cook-apple-prozessoren-1-150x150.jpg\" class=\"alignright tfe wp-post-image\" alt=\"Tim Cook Apple Prozessoren\" decoding=\"async\" loading=\"lazy\" \/><\/a><p>Apple hat uns noch f\u00fcr dieses Jahr die ersten Macs versprochen, die einen Apple-Prozessor anstelle der Intel-CPU verwenden. Wann und welche Modelle das sein werden, dar\u00fcber h\u00fcllt sich der Hersteller in Schweigen. Das Branchenblatt DigiTimes will nun von Apple-Zulieferern erfahren haben, dass es sich bei den ersten Ger\u00e4ten um ein neues MacBook Air und ein [&hellip;]<\/p>\n","protected":false},"author":2,"featured_media":156891,"comment_status":"open","ping_status":"closed","sticky":false,"template":"","format":"standard","meta":{"_acf_changed":false,"footnotes":""},"categories":[16,1783],"tags":[4968,1538,6321],"class_list":["post-156889","post","type-post","status-publish","format-standard","has-post-thumbnail","hentry","category-mac","category-feature","tag-apple-prozessoren","tag-arm","tag-mac"],"acf":[],"aioseo_notices":[],"subheadline":["Lieferanten-Spekulationen"],"featured_image":["https:\/\/images.ifun.de\/wp-content\/uploads\/2020\/07\/tim-cook-apple-prozessoren-1.jpg"],"rest_api_enabler":{"subheadline":"Lieferanten-Spekulationen","featured_image":"https:\/\/images.ifun.de\/wp-content\/uploads\/2020\/07\/tim-cook-apple-prozessoren-1.jpg"},"_links":{"self":[{"href":"https:\/\/www.ifun.de\/apiv2\/wp\/v2\/posts\/156889","targetHints":{"allow":["GET"]}}],"collection":[{"href":"https:\/\/www.ifun.de\/apiv2\/wp\/v2\/posts"}],"about":[{"href":"https:\/\/www.ifun.de\/apiv2\/wp\/v2\/types\/post"}],"author":[{"embeddable":true,"href":"https:\/\/www.ifun.de\/apiv2\/wp\/v2\/users\/2"}],"replies":[{"embeddable":true,"href":"https:\/\/www.ifun.de\/apiv2\/wp\/v2\/comments?post=156889"}],"version-history":[{"count":2,"href":"https:\/\/www.ifun.de\/apiv2\/wp\/v2\/posts\/156889\/revisions"}],"predecessor-version":[{"id":156892,"href":"https:\/\/www.ifun.de\/apiv2\/wp\/v2\/posts\/156889\/revisions\/156892"}],"wp:featuredmedia":[{"embeddable":true,"href":"https:\/\/www.ifun.de\/apiv2\/wp\/v2\/media\/156891"}],"wp:attachment":[{"href":"https:\/\/www.ifun.de\/apiv2\/wp\/v2\/media?parent=156889"}],"wp:term":[{"taxonomy":"category","embeddable":true,"href":"https:\/\/www.ifun.de\/apiv2\/wp\/v2\/categories?post=156889"},{"taxonomy":"post_tag","embeddable":true,"href":"https:\/\/www.ifun.de\/apiv2\/wp\/v2\/tags?post=156889"}],"curies":[{"name":"wp","href":"https:\/\/api.w.org\/{rel}","templated":true}]}}