{"id":156885,"date":"2020-07-17T19:01:47","date_gmt":"2020-07-17T17:01:47","guid":{"rendered":"https:\/\/www.ifun.de\/?p=156885"},"modified":"2020-07-17T19:01:47","modified_gmt":"2020-07-17T17:01:47","slug":"macos-catalina-10-15-6-beseitigt-usb-fehler-bei-macbooks","status":"publish","type":"post","link":"https:\/\/www.ifun.de\/macos-catalina-10-15-6-beseitigt-usb-fehler-bei-macbooks-156885\/","title":{"rendered":"macOS Catalina 10.15.6 beseitigt USB-Fehler bei MacBooks"},"content":{"rendered":"<p>Mittlerweile scheint best\u00e4tigt, dass mit <a href=\"https:\/\/www.ifun.de\/update-mittwoch-apple-bringt-auch-macos-catalina-10-15-6-156768\/\">macOS Catalina 10.15.6<\/a> ein nerviger Fehler der Vergangenheit angeh\u00f6rt, der etliche Besitzer von aktuellen MacBook-Modellen die Nerven geraubt hat. Die Verbindungsprobleme mit USB-Zubeh\u00f6r sollten der Vergangenheit angeh\u00f6ren.<\/p>\n<p><a href=\"https:\/\/images.ifun.de\/wp-content\/uploads\/2020\/07\/macos-10-15-6-update.jpg\"><img loading=\"lazy\" decoding=\"async\" src=\"https:\/\/images.ifun.de\/wp-content\/uploads\/2020\/07\/macos-10-15-6-update-500x255.jpg\" alt=\"Macos 10 15 6 Update\" width=\"500\" height=\"255\" class=\"alignnone size-medium wp-image-156887\" srcset=\"https:\/\/images.ifun.de\/wp-content\/uploads\/2020\/07\/macos-10-15-6-update-500x255.jpg 500w, https:\/\/images.ifun.de\/wp-content\/uploads\/2020\/07\/macos-10-15-6-update-700x357.jpg 700w, https:\/\/images.ifun.de\/wp-content\/uploads\/2020\/07\/macos-10-15-6-update-768x392.jpg 768w, https:\/\/images.ifun.de\/wp-content\/uploads\/2020\/07\/macos-10-15-6-update.jpg 1400w\" sizes=\"auto, (max-width: 500px) 100vw, 500px\" \/><\/a><\/p>\n<p>Wir haben vergangenen Monat \u00fcber die Probleme <a href=\"https:\/\/www.ifun.de\/haben-macbook-pro-und-macbook-air-2020-ein-usb-problem-155480\/\">berichtet<\/a>. Betroffen waren Besitzer von aktuellen Modellen des MacBook Air und MacBook Pro. Die Ger\u00e4te hatten teils massive Probleme mit \u00fcber USB angeschlossenem Zubeh\u00f6r, wobei hier offenbar insbesondere Produkte mit dem \u00e4lteren USB 2.0 betroffen waren. Die Verbindung brach ab, die Ger\u00e4te froren ein oder lie\u00dfen sich erst gar nicht anschlie\u00dfen.<\/p>\n<p>Apple teilt im Zusammenhang mit dem diese Woche ver\u00f6ffentlichten Update auf macOS 10.15.6 lediglich mit, dass ein Problem gel\u00f6st wurde, aufgrund dessen bei bestimmten USB-M\u00e4usen und -Trackpads die Verbindung abbrechen kann. Nach dem Update h\u00e4ufen sich nun die R\u00fcckmeldungen von Nutzern, denen zufolge Apple damit das oben beschriebene Problem meint und die Fehler in der Tat nicht mehr auftr\u00e4ten.<\/p>\n<p>Apple hatte den Fehler zuvor nicht \u00f6ffentlich kommentiert und die Nutzer somit im Unklaren dar\u00fcber gelassen, ob ein Problem seitens des von ihnen genutzten Zubeh\u00f6rs vorliegt, oder tats\u00e4chlich der MacBook-Hersteller in der Pflicht steht. Bereits im April musste Apple in Sachen USB <a href=\"https:\/\/www.ifun.de\/macos-catalina-10-15-4-ergaenzendes-update-steht-bereit-152409\/\">nachbessern<\/a>. Damals sollte macOS 10.15.4 daf\u00fcr sorgen, dass sich unter macOS Catalina die USB-C-Anschl\u00fcsse wieder zuverl\u00e4ssig verwenden lassen. Hier kam es teils zu Ausf\u00e4llen, wenn man leistungsintensives Zubeh\u00f6r angeschlossen hat.<\/p>\n<p><h8>Via <a href=\"https:\/\/www.macrumors.com\/2020\/07\/16\/macos-10-15-6-usb-2-bug-fix\/\">MacRumors<\/a><\/h8><\/p>\n","protected":false},"excerpt":{"rendered":"<a href=\"https:\/\/www.ifun.de\/macos-catalina-10-15-6-beseitigt-usb-fehler-bei-macbooks-156885\/\"><img width=\"150\" height=\"150\" src=\"https:\/\/images.ifun.de\/wp-content\/uploads\/2020\/07\/macos-10-15-6-update-150x150.jpg\" class=\"alignright tfe wp-post-image\" alt=\"Macos 10 15 6 Update\" decoding=\"async\" loading=\"lazy\" \/><\/a><p>Mittlerweile scheint best\u00e4tigt, dass mit macOS Catalina 10.15.6 ein nerviger Fehler der Vergangenheit angeh\u00f6rt, der etliche Besitzer von aktuellen MacBook-Modellen die Nerven geraubt hat. Die Verbindungsprobleme mit USB-Zubeh\u00f6r sollten der Vergangenheit angeh\u00f6ren. Wir haben vergangenen Monat \u00fcber die Probleme berichtet. Betroffen waren Besitzer von aktuellen Modellen des MacBook Air und MacBook Pro. Die Ger\u00e4te hatten [&hellip;]<\/p>\n","protected":false},"author":2,"featured_media":156887,"comment_status":"open","ping_status":"closed","sticky":false,"template":"","format":"standard","meta":{"_acf_changed":false,"footnotes":""},"categories":[16],"tags":[4736,144,3095,177,51],"class_list":["post-156885","post","type-post","status-publish","format-standard","has-post-thumbnail","hentry","category-mac","tag-apple","tag-macbook","tag-macos","tag-problem","tag-usb"],"acf":[],"aioseo_notices":[],"subheadline":["Keine Ausf\u00e4lle und Abst\u00fcrze mehr"],"featured_image":["https:\/\/images.ifun.de\/wp-content\/uploads\/2020\/02\/aukey-7-in-1-thunderbolt-usb-c-adapter.jpg"],"rest_api_enabler":{"subheadline":"Keine Ausf\u00e4lle und Abst\u00fcrze mehr","featured_image":"https:\/\/images.ifun.de\/wp-content\/uploads\/2020\/02\/aukey-7-in-1-thunderbolt-usb-c-adapter.jpg"},"_links":{"self":[{"href":"https:\/\/www.ifun.de\/apiv2\/wp\/v2\/posts\/156885","targetHints":{"allow":["GET"]}}],"collection":[{"href":"https:\/\/www.ifun.de\/apiv2\/wp\/v2\/posts"}],"about":[{"href":"https:\/\/www.ifun.de\/apiv2\/wp\/v2\/types\/post"}],"author":[{"embeddable":true,"href":"https:\/\/www.ifun.de\/apiv2\/wp\/v2\/users\/2"}],"replies":[{"embeddable":true,"href":"https:\/\/www.ifun.de\/apiv2\/wp\/v2\/comments?post=156885"}],"version-history":[{"count":2,"href":"https:\/\/www.ifun.de\/apiv2\/wp\/v2\/posts\/156885\/revisions"}],"predecessor-version":[{"id":156888,"href":"https:\/\/www.ifun.de\/apiv2\/wp\/v2\/posts\/156885\/revisions\/156888"}],"wp:featuredmedia":[{"embeddable":true,"href":"https:\/\/www.ifun.de\/apiv2\/wp\/v2\/media\/156887"}],"wp:attachment":[{"href":"https:\/\/www.ifun.de\/apiv2\/wp\/v2\/media?parent=156885"}],"wp:term":[{"taxonomy":"category","embeddable":true,"href":"https:\/\/www.ifun.de\/apiv2\/wp\/v2\/categories?post=156885"},{"taxonomy":"post_tag","embeddable":true,"href":"https:\/\/www.ifun.de\/apiv2\/wp\/v2\/tags?post=156885"}],"curies":[{"name":"wp","href":"https:\/\/api.w.org\/{rel}","templated":true}]}}