{"id":156737,"date":"2020-07-15T12:51:29","date_gmt":"2020-07-15T10:51:29","guid":{"rendered":"https:\/\/www.ifun.de\/?p=156737"},"modified":"2020-07-15T13:00:58","modified_gmt":"2020-07-15T11:00:58","slug":"apple-steuernachzahlung-richterliche-schlappe-fuer-die-eu","status":"publish","type":"post","link":"https:\/\/www.ifun.de\/apple-steuernachzahlung-richterliche-schlappe-fuer-die-eu-156737\/","title":{"rendered":"Apple-Steuernachzahlung: Richterliche Schlappe f\u00fcr die EU"},"content":{"rendered":"<p>Apple hat vor dem <a href=\"https:\/\/curia.europa.eu\/jcms\/jcms\/j_6\/de\/\">Europ\u00e4ischen Gerichtshof<\/a> in Luxemburg einen Zwischensieg erstritten. Das Gericht hat den Beschluss \u00fcber eine Steuernachzahlung in H\u00f6he von 13 Milliarden Euro f\u00fcr nichtig erkl\u00e4rt. Es sei der EU-Kommission nicht gelungen, die beanstandeten unrechtm\u00e4\u00dfigen Steuerverg\u00fcnstigungen nachzuweisen. Die Urteilsschrift l\u00e4sst sich <a href=\"https:\/\/curia.europa.eu\/jcms\/upload\/docs\/application\/pdf\/2020-07\/cp200090en.pdf\">hier als PDF abrufen<\/a>.<\/p>\n<p><a href=\"https:\/\/images.ifun.de\/wp-content\/uploads\/2018\/06\/im-cook-irland.jpg\"><img loading=\"lazy\" decoding=\"async\" src=\"https:\/\/images.ifun.de\/wp-content\/uploads\/2018\/06\/im-cook-irland.jpg\" alt=\"Im Cook Irland\" width=\"500\" height=\"333\" class=\"alignnone size-full wp-image-123732\" srcset=\"https:\/\/images.ifun.de\/wp-content\/uploads\/2018\/06\/im-cook-irland.jpg 500w, https:\/\/images.ifun.de\/wp-content\/uploads\/2018\/06\/im-cook-irland-300x200.jpg 300w\" sizes=\"auto, (max-width: 500px) 100vw, 500px\" \/><\/a><\/p>\n<h6>Tim Cook in Irland<\/h6>\n<p>Eine Entscheidung in dieser Richtung wurde bereits im Vorfeld erwartet, wenngleich Apple damit noch nicht v\u00f6llig aus dem Schneider ist. Der EU-Kommission bleibt die M\u00f6glichkeit, ihr Gl\u00fcck bei der n\u00e4chsth\u00f6heren Instanz zu versuchen.<\/p>\n<p>Der Streitfall geht zur\u00fcck auf das Jahr <a href=\"https:\/\/www.ifun.de\/eu-ermittlungen-apple-droht-steuernachzahlung-in-milliardenhoehe-66892\/\">2014<\/a>. Die EU leitete damals mit dem Vorwurf, von Irland unrechtm\u00e4\u00dfige Steuerverg\u00fcnstigungen erhalten zu haben, Ermittlungen gegen Apple ein. Zwei Jahre sp\u00e4ter kam dann die <a href=\"https:\/\/www.ifun.de\/eu-kommission-apple-muss-13-milliarden-euro-steuern-nachzahlen-96848\/\">Feststellung<\/a>, Apple m\u00fcsse in Irland rund 13 Milliarden Euro Steuern nachzahlen. Eine Entscheidung, die Apple-Chef Tim Cook mit den Worten \u201e<a href=\"https:\/\/www.ifun.de\/politischer-scheissdreck-tim-cook-zur-entscheidung-der-eu-kommission-96971\/\" title=\"\u201ePolitischer Schei\u00dfdreck\u201c: Tim Cook zur Entscheidung der EU-Kommission\">politischer Schei\u00dfdreck<\/a>\u201c kommentierte.<\/p>\n<p>In der Folge musste die EU allerdings nicht mit Apple streiten, sondern sah in Irland einen beharrlichen Gegner. Die Inselrepublik weigerte sich <a href=\"https:\/\/www.ifun.de\/13-milliarden-urteil-irland-geht-auf-konfrontationskurs-97057\/\">konsequent<\/a>, die Zahlung von Apple einzutreiben &#8211; wohl ebenso um Apple nicht zu br\u00fcskieren als auch um sich nicht selbst eines Steuervergehens schuldig zu sprechen.<\/p>\n<p>Auf weiteren Druck hin hat Apple <a href=\"https:\/\/www.ifun.de\/steuerstreit-apple-ueberweist-13-milliaden-euro-an-irland-121480\/\" title=\"Steuerstreit: Apple \u00fcberweist 13 Milliarden Euro an Irland\">2018<\/a> das Geld dann auf einem Treuhandkonto hinterlegt, um seinerseits seine Pflichten in Erwartung eines finalen Richterspruchs zu erf\u00fcllen. Mit dem heutigen Entscheid sind die Chancen, dass Apple das Geld auf die eigenen Konten zur\u00fcck \u00fcberweisen darf, deutlich gestiegen.<\/p>\n<p><h8>Danke f\u00fcr eure Mails<\/h8><\/p>\n","protected":false},"excerpt":{"rendered":"<a href=\"https:\/\/www.ifun.de\/apple-steuernachzahlung-richterliche-schlappe-fuer-die-eu-156737\/\"><img decoding=\"async\" width=\"150\" src=\"https:\/\/images.ifun.de\/wp-content\/uploads\/2018\/06\/im-cook-irland.jpg\" class=\"alignright wp-post-image tfe\" alt=\"Im Cook Irland\" title=\"\" \/><\/a><p>Apple hat vor dem Europ\u00e4ischen Gerichtshof in Luxemburg einen Zwischensieg erstritten. Das Gericht hat den Beschluss \u00fcber eine Steuernachzahlung in H\u00f6he von 13 Milliarden Euro f\u00fcr nichtig erkl\u00e4rt. Es sei der EU-Kommission nicht gelungen, die beanstandeten unrechtm\u00e4\u00dfigen Steuerverg\u00fcnstigungen nachzuweisen. Die Urteilsschrift l\u00e4sst sich hier als PDF abrufen. Tim Cook in Irland Eine Entscheidung in dieser [&hellip;]<\/p>\n","protected":false},"author":2,"featured_media":0,"comment_status":"open","ping_status":"closed","sticky":false,"template":"","format":"standard","meta":{"_acf_changed":false,"footnotes":""},"categories":[3],"tags":[4736,2379,2002],"class_list":["post-156737","post","type-post","status-publish","format-standard","hentry","category-apple","tag-apple","tag-irland","tag-steuern"],"acf":[],"aioseo_notices":[],"subheadline":["13 Milliarden bleiben vorerst bei Apple"],"featured_image":["https:\/\/images.ifun.de\/wp-content\/uploads\/2017\/02\/apple-san-francisco-header.jpg"],"rest_api_enabler":{"subheadline":"13 Milliarden bleiben vorerst bei Apple","featured_image":"https:\/\/images.ifun.de\/wp-content\/uploads\/2017\/02\/apple-san-francisco-header.jpg"},"_links":{"self":[{"href":"https:\/\/www.ifun.de\/apiv2\/wp\/v2\/posts\/156737","targetHints":{"allow":["GET"]}}],"collection":[{"href":"https:\/\/www.ifun.de\/apiv2\/wp\/v2\/posts"}],"about":[{"href":"https:\/\/www.ifun.de\/apiv2\/wp\/v2\/types\/post"}],"author":[{"embeddable":true,"href":"https:\/\/www.ifun.de\/apiv2\/wp\/v2\/users\/2"}],"replies":[{"embeddable":true,"href":"https:\/\/www.ifun.de\/apiv2\/wp\/v2\/comments?post=156737"}],"version-history":[{"count":4,"href":"https:\/\/www.ifun.de\/apiv2\/wp\/v2\/posts\/156737\/revisions"}],"predecessor-version":[{"id":156741,"href":"https:\/\/www.ifun.de\/apiv2\/wp\/v2\/posts\/156737\/revisions\/156741"}],"wp:attachment":[{"href":"https:\/\/www.ifun.de\/apiv2\/wp\/v2\/media?parent=156737"}],"wp:term":[{"taxonomy":"category","embeddable":true,"href":"https:\/\/www.ifun.de\/apiv2\/wp\/v2\/categories?post=156737"},{"taxonomy":"post_tag","embeddable":true,"href":"https:\/\/www.ifun.de\/apiv2\/wp\/v2\/tags?post=156737"}],"curies":[{"name":"wp","href":"https:\/\/api.w.org\/{rel}","templated":true}]}}