{"id":156260,"date":"2020-07-06T17:56:31","date_gmt":"2020-07-06T15:56:31","guid":{"rendered":"https:\/\/www.ifun.de\/?p=156260"},"modified":"2020-07-06T17:56:53","modified_gmt":"2020-07-06T15:56:53","slug":"imac-rauchzeichen-aktuelles-model-mit-wachsenden-lieferzeiten","status":"publish","type":"post","link":"https:\/\/www.ifun.de\/imac-rauchzeichen-aktuelles-model-mit-wachsenden-lieferzeiten-156260\/","title":{"rendered":"iMac-Rauchzeichen: Aktuelles Model mit langen Lieferzeiten"},"content":{"rendered":"<p>Lange Lieferzeiten deuten darauf hin, dass Apple den <a href=\"https:\/\/apple.sjv.io\/vAGrN\">iMac<\/a> mit 27 Zoll Bildschirmgr\u00f6\u00dfte sp\u00e4testens im Sp\u00e4tsommer oder Herbst in einer neuen Version vorstellt. Mac-Nutzer warten schon l\u00e4nger auf ein entsprechendes Update und damit verbunden auch auf ein \u00fcberarbeitetes Design des Rechners. In seiner aktuellen Form mit den d\u00fcnnen Geh\u00e4usekanten kennen wir den iMac mittlerweile seit fast acht Jahren, lediglich die interne Technik wurde regelm\u00e4\u00dfig aktualisiert, zuletzt im M\u00e4rz vergangenen Jahres.<\/p>\n<p><a href=\"https:\/\/images.ifun.de\/wp-content\/uploads\/2020\/07\/imac-lieferzeit-usa.jpg\"><img loading=\"lazy\" decoding=\"async\" src=\"https:\/\/images.ifun.de\/wp-content\/uploads\/2020\/07\/imac-lieferzeit-usa-500x241.jpg\" alt=\"Imac Lieferzeit Usa\" width=\"500\" height=\"241\" class=\"alignnone size-medium wp-image-156263\" srcset=\"https:\/\/images.ifun.de\/wp-content\/uploads\/2020\/07\/imac-lieferzeit-usa-500x241.jpg 500w, https:\/\/images.ifun.de\/wp-content\/uploads\/2020\/07\/imac-lieferzeit-usa-700x338.jpg 700w, https:\/\/images.ifun.de\/wp-content\/uploads\/2020\/07\/imac-lieferzeit-usa-768x371.jpg 768w, https:\/\/images.ifun.de\/wp-content\/uploads\/2020\/07\/imac-lieferzeit-usa.jpg 1200w\" sizes=\"auto, (max-width: 500px) 100vw, 500px\" \/><\/a><\/p>\n<p><a href=\"https:\/\/www.macrumors.com\/2020\/07\/06\/27-inch-imac-shipping-estimates-september\/\">Berichten aus den USA<\/a> zufolge m\u00fcssen sich Kunden bei Neubestellung eines iMac dort auf mittlerweile auf rund zwei Monate Wartezeit einstellen. Im Apple Store wird eine fr\u00fcheste Lieferm\u00f6glichkeit Anfang September angezeigt. In Deutschland scheint Apple noch einige Ger\u00e4te auf Lager zu haben, kalkuliert dennoch aber mit Wartezeiten bis zu knapp vier Wochen.<\/p>\n<p>Urspr\u00fcnglich war die Vorstellung eines neuen iMac ja bereits zur Entwicklerkonferenz WWDC im vergangenen Monat im Gespr\u00e4ch. Eine Neuank\u00fcndigung k\u00f6nnte theoretisch auch jederzeit online stattfinden. Den Zeitpunkt beeinflusst hier wohl allem voran auch die Prozessorfrage. Einzelne Analysten sehen den kleineren iMac als einen der ersten mit einem <a href=\"https:\/\/www.ifun.de\/apple-prozessoren-verhelfen-mac-zu-neuen-startmenue-optionen-155811\/\">Apple-Prozessor<\/a> ausgestatteten Rechner. Dann erscheint uns aber auch noch der Herbst f\u00fcr vergleichsweise fr\u00fch, Apple hat mit Blick auf die Vorstellung eines ersten mit hauseigenem ARM-Prozessor ausgestatteten Rechners vom Jahresende gesprochen. Wahrscheinlicher w\u00e4re wohl eher ein neuer iMac mit schnelleren Intel-Prozessoren.<\/p>\n","protected":false},"excerpt":{"rendered":"<a href=\"https:\/\/www.ifun.de\/imac-rauchzeichen-aktuelles-model-mit-wachsenden-lieferzeiten-156260\/\"><img width=\"150\" height=\"150\" src=\"https:\/\/images.ifun.de\/wp-content\/uploads\/2020\/07\/imac-lieferzeit-usa-150x150.jpg\" class=\"alignright tfe wp-post-image\" alt=\"Imac Lieferzeit Usa\" decoding=\"async\" loading=\"lazy\" \/><\/a><p>Lange Lieferzeiten deuten darauf hin, dass Apple den iMac mit 27 Zoll Bildschirmgr\u00f6\u00dfte sp\u00e4testens im Sp\u00e4tsommer oder Herbst in einer neuen Version vorstellt. Mac-Nutzer warten schon l\u00e4nger auf ein entsprechendes Update und damit verbunden auch auf ein \u00fcberarbeitetes Design des Rechners. In seiner aktuellen Form mit den d\u00fcnnen Geh\u00e4usekanten kennen wir den iMac mittlerweile seit [&hellip;]<\/p>\n","protected":false},"author":2,"featured_media":156263,"comment_status":"open","ping_status":"closed","sticky":false,"template":"","format":"standard","meta":{"_acf_changed":false,"footnotes":""},"categories":[16],"tags":[4736,393,6321],"class_list":["post-156260","post","type-post","status-publish","format-standard","has-post-thumbnail","hentry","category-mac","tag-apple","tag-imac","tag-mac"],"acf":[],"aioseo_notices":[],"subheadline":["Update im Anmarsch?"],"featured_image":["https:\/\/images.ifun.de\/wp-content\/uploads\/2019\/04\/mac-nutzer-am-imac.jpg"],"rest_api_enabler":{"subheadline":"Update im Anmarsch?","featured_image":"https:\/\/images.ifun.de\/wp-content\/uploads\/2019\/04\/mac-nutzer-am-imac.jpg"},"_links":{"self":[{"href":"https:\/\/www.ifun.de\/apiv2\/wp\/v2\/posts\/156260","targetHints":{"allow":["GET"]}}],"collection":[{"href":"https:\/\/www.ifun.de\/apiv2\/wp\/v2\/posts"}],"about":[{"href":"https:\/\/www.ifun.de\/apiv2\/wp\/v2\/types\/post"}],"author":[{"embeddable":true,"href":"https:\/\/www.ifun.de\/apiv2\/wp\/v2\/users\/2"}],"replies":[{"embeddable":true,"href":"https:\/\/www.ifun.de\/apiv2\/wp\/v2\/comments?post=156260"}],"version-history":[{"count":4,"href":"https:\/\/www.ifun.de\/apiv2\/wp\/v2\/posts\/156260\/revisions"}],"predecessor-version":[{"id":156265,"href":"https:\/\/www.ifun.de\/apiv2\/wp\/v2\/posts\/156260\/revisions\/156265"}],"wp:featuredmedia":[{"embeddable":true,"href":"https:\/\/www.ifun.de\/apiv2\/wp\/v2\/media\/156263"}],"wp:attachment":[{"href":"https:\/\/www.ifun.de\/apiv2\/wp\/v2\/media?parent=156260"}],"wp:term":[{"taxonomy":"category","embeddable":true,"href":"https:\/\/www.ifun.de\/apiv2\/wp\/v2\/categories?post=156260"},{"taxonomy":"post_tag","embeddable":true,"href":"https:\/\/www.ifun.de\/apiv2\/wp\/v2\/tags?post=156260"}],"curies":[{"name":"wp","href":"https:\/\/api.w.org\/{rel}","templated":true}]}}