{"id":156006,"date":"2020-06-30T12:06:12","date_gmt":"2020-06-30T10:06:12","guid":{"rendered":"https:\/\/www.ifun.de\/?p=156006"},"modified":"2020-07-01T17:07:33","modified_gmt":"2020-07-01T15:07:33","slug":"neu-in-macos-big-sur-app-entwickler-setzen-akzentfarben","status":"publish","type":"post","link":"https:\/\/www.ifun.de\/neu-in-macos-big-sur-app-entwickler-setzen-akzentfarben-156006\/","title":{"rendered":"Neu in macOS Big Sur: App-Entwickler setzen Akzentfarben"},"content":{"rendered":"<p>Die Auswahl pr\u00e4ferierte Akzentfarbe l\u00e4sst sich unter macOS schon seit einigen Jahren in den Systemeinstellungen ausw\u00e4hlen. Im Bereich Systemeinstellungen > Allgemein > Akzentfarbe l\u00e4sst sich daf\u00fcr zwischen Blau, Lila, Rosa, Rot, Orange, Gelb, Gr\u00fcn und Grau w\u00e4hlen. <\/p>\n<p><a href=\"https:\/\/images.ifun.de\/wp-content\/uploads\/2020\/06\/akzentfarbe-macos-big-sur.jpg\"><img loading=\"lazy\" decoding=\"async\" src=\"https:\/\/images.ifun.de\/wp-content\/uploads\/2020\/06\/akzentfarbe-macos-big-sur-500x409.jpg\" alt=\"Akzentfarbe Macos Big Sur\" width=\"500\" height=\"409\" class=\"aligncenter size-medium wp-image-156008\" srcset=\"https:\/\/images.ifun.de\/wp-content\/uploads\/2020\/06\/akzentfarbe-macos-big-sur-500x409.jpg 500w, https:\/\/images.ifun.de\/wp-content\/uploads\/2020\/06\/akzentfarbe-macos-big-sur.jpg 672w\" sizes=\"auto, (max-width: 500px) 100vw, 500px\" \/><\/a><\/p>\n<p>macOS Big Sur wird die acht Farben um eine weitere, vollst\u00e4ndig flexible Option erg\u00e4nzen, die nicht vom Anwender, sondern vom App-Entwickler selbst gew\u00e4hlt wird: Multicolor.<\/p>\n<p>In der Folge k\u00f6nnen Mac-Anwendungen so unterschiedliche Auswahl-Farben in Seitenleiste, Benutzeroberfl\u00e4che und Bedienelementen pr\u00e4sentieren. <\/p>\n<p>Apple selbst beschreibt die \u00c4nderungen im Entwickler-Video <a href=\"https:\/\/developer.apple.com\/videos\/play\/wwdc2020\/10104\/\">#10104<\/a> (&#8222;Adopt the new look of macOS&#8220;) und geht auch in den \u00fcberarbeiteten <a href=\"https:\/\/developer.apple.com\/design\/human-interface-guidelines\/macos\/overview\/whats-new-in-macos\/\">Human Interface Guidelines<\/a> auf die neue Konfigurationsoption ein. <\/p>\n<p><a href=\"https:\/\/images.ifun.de\/wp-content\/uploads\/2020\/06\/akzentfarben-large-macos-big-sur.jpg\"><img loading=\"lazy\" decoding=\"async\" src=\"https:\/\/images.ifun.de\/wp-content\/uploads\/2020\/06\/akzentfarben-large-macos-big-sur-700x394.jpg\" alt=\"Akzentfarben Large Macos Big Sur\" width=\"700\" height=\"394\" class=\"aligncenter size-large wp-image-156009\" srcset=\"https:\/\/images.ifun.de\/wp-content\/uploads\/2020\/06\/akzentfarben-large-macos-big-sur-700x394.jpg 700w, https:\/\/images.ifun.de\/wp-content\/uploads\/2020\/06\/akzentfarben-large-macos-big-sur-500x281.jpg 500w, https:\/\/images.ifun.de\/wp-content\/uploads\/2020\/06\/akzentfarben-large-macos-big-sur-768x432.jpg 768w, https:\/\/images.ifun.de\/wp-content\/uploads\/2020\/06\/akzentfarben-large-macos-big-sur-1536x864.jpg 1536w, https:\/\/images.ifun.de\/wp-content\/uploads\/2020\/06\/akzentfarben-large-macos-big-sur.jpg 1920w\" sizes=\"auto, (max-width: 700px) 100vw, 700px\" \/><\/a><\/p>\n<h2>Video: Adopt the new look of macOS<\/h2>\n<p><video poster=\"https:\/\/devimages-cdn.apple.com\/wwdc-services\/images\/49\/3364\/3364_wide_250x141_2x.jpg\" preload=\"no\" controls=\"controls\" width=\"700\" height=\"390\"><source src=\"https:\/\/devstreaming-cdn.apple.com\/videos\/wwdc\/2020\/10104\/7\/799B5780-61E4-4A99-AED5-C3F239958E29\/wwdc2020_10104_sd.mp4?dl=1\" \/><\/video><\/p>\n","protected":false},"excerpt":{"rendered":"<a href=\"https:\/\/www.ifun.de\/neu-in-macos-big-sur-app-entwickler-setzen-akzentfarben-156006\/\"><img width=\"150\" height=\"150\" src=\"https:\/\/images.ifun.de\/wp-content\/uploads\/2020\/06\/akzentfarben-large-macos-big-sur-150x150.jpg\" class=\"alignright tfe wp-post-image\" alt=\"Akzentfarben Large Macos Big Sur\" decoding=\"async\" loading=\"lazy\" \/><\/a><p>Die Auswahl pr\u00e4ferierte Akzentfarbe l\u00e4sst sich unter macOS schon seit einigen Jahren in den Systemeinstellungen ausw\u00e4hlen. Im Bereich Systemeinstellungen > Allgemein > Akzentfarbe l\u00e4sst sich daf\u00fcr zwischen Blau, Lila, Rosa, Rot, Orange, Gelb, Gr\u00fcn und Grau w\u00e4hlen. macOS Big Sur wird die acht Farben um eine weitere, vollst\u00e4ndig flexible Option erg\u00e4nzen, die nicht vom Anwender, [&hellip;]<\/p>\n","protected":false},"author":1,"featured_media":156009,"comment_status":"open","ping_status":"closed","sticky":false,"template":"","format":"standard","meta":{"_acf_changed":false,"footnotes":""},"categories":[1,1783],"tags":[250,4738,4958,4961],"class_list":["post-156006","post","type-post","status-publish","format-standard","has-post-thumbnail","hentry","category-news","category-feature","tag-design","tag-entwickler","tag-macos-big-sur","tag-neu-in-macos-big-sur"],"acf":[],"aioseo_notices":[],"featured_image":["https:\/\/images.ifun.de\/wp-content\/uploads\/2020\/06\/macos-big-sur-farben-feature.jpg"],"subheadline":["Die Multicolor-Option"],"rest_api_enabler":{"featured_image":"https:\/\/images.ifun.de\/wp-content\/uploads\/2020\/06\/macos-big-sur-farben-feature.jpg","subheadline":"Die Multicolor-Option"},"_links":{"self":[{"href":"https:\/\/www.ifun.de\/apiv2\/wp\/v2\/posts\/156006","targetHints":{"allow":["GET"]}}],"collection":[{"href":"https:\/\/www.ifun.de\/apiv2\/wp\/v2\/posts"}],"about":[{"href":"https:\/\/www.ifun.de\/apiv2\/wp\/v2\/types\/post"}],"author":[{"embeddable":true,"href":"https:\/\/www.ifun.de\/apiv2\/wp\/v2\/users\/1"}],"replies":[{"embeddable":true,"href":"https:\/\/www.ifun.de\/apiv2\/wp\/v2\/comments?post=156006"}],"version-history":[{"count":1,"href":"https:\/\/www.ifun.de\/apiv2\/wp\/v2\/posts\/156006\/revisions"}],"predecessor-version":[{"id":156010,"href":"https:\/\/www.ifun.de\/apiv2\/wp\/v2\/posts\/156006\/revisions\/156010"}],"wp:featuredmedia":[{"embeddable":true,"href":"https:\/\/www.ifun.de\/apiv2\/wp\/v2\/media\/156009"}],"wp:attachment":[{"href":"https:\/\/www.ifun.de\/apiv2\/wp\/v2\/media?parent=156006"}],"wp:term":[{"taxonomy":"category","embeddable":true,"href":"https:\/\/www.ifun.de\/apiv2\/wp\/v2\/categories?post=156006"},{"taxonomy":"post_tag","embeddable":true,"href":"https:\/\/www.ifun.de\/apiv2\/wp\/v2\/tags?post=156006"}],"curies":[{"name":"wp","href":"https:\/\/api.w.org\/{rel}","templated":true}]}}