{"id":155594,"date":"2020-06-22T17:51:09","date_gmt":"2020-06-22T15:51:09","guid":{"rendered":"https:\/\/www.ifun.de\/?p=155594"},"modified":"2020-06-22T17:51:09","modified_gmt":"2020-06-22T15:51:09","slug":"apple-keynote-zur-wwdc-live-auch-auf-apple-tv","status":"publish","type":"post","link":"https:\/\/www.ifun.de\/apple-keynote-zur-wwdc-live-auch-auf-apple-tv-155594\/","title":{"rendered":"Apple Keynote zur WWDC: Live auch auf Apple TV"},"content":{"rendered":"<p>Heute startet die Entwicklerkonferenz WWDC 2020 und eigentlich sollte die Live-\u00dcbertragung der Keynote auch \u00fcber Apple TV zu empfangen sein. In Deutschland zeigen sich Apple-Nutzer derzeit allerdings noch irritiert, denn hier fehlt bislang jedwede Ank\u00fcndigung, stattdessen wird ein R\u00fcckblick auf Apple-Veranstaltungen aus dem vergangenen Jahr angeboten.<\/p>\n<p><a href=\"https:\/\/images.ifun.de\/wp-content\/uploads\/2020\/06\/apple-events-auf-apple-tv.jpg\"><img loading=\"lazy\" decoding=\"async\" src=\"https:\/\/images.ifun.de\/wp-content\/uploads\/2020\/06\/apple-events-auf-apple-tv-500x295.jpg\" alt=\"Apple Events Auf Apple Tv\" width=\"500\" height=\"295\" class=\"alignnone size-medium wp-image-155596\" srcset=\"https:\/\/images.ifun.de\/wp-content\/uploads\/2020\/06\/apple-events-auf-apple-tv-500x295.jpg 500w, https:\/\/images.ifun.de\/wp-content\/uploads\/2020\/06\/apple-events-auf-apple-tv-700x412.jpg 700w, https:\/\/images.ifun.de\/wp-content\/uploads\/2020\/06\/apple-events-auf-apple-tv-768x452.jpg 768w, https:\/\/images.ifun.de\/wp-content\/uploads\/2020\/06\/apple-events-auf-apple-tv.jpg 1000w\" sizes=\"auto, (max-width: 500px) 100vw, 500px\" \/><\/a><\/p>\n<p>Wir sind allerdings zuversichtlich, dass Apple die \u00dcbertragung wie versprochen auch \u00fcber Apple TV bzw. die darauf installierte TV-App anbietet. Ab 19 Uhr k\u00f6nnt ihr der Keynote von Tim Cook live beiwohnen, als Alternative steht neben <a href=\"https:\/\/www.apple.com\/apple-events\/\" title=\"Apples Events-Webseite\">Apples Events-Webseite<\/a> zudem die M\u00f6glichkeit bereit, die Veranstaltung <a href=\"https:\/\/www.ifun.de\/wwdc-2020-apple-uebertraegt-auch-auf-youtube-live-155321\/\" title=\"WWDC 2020: Apple \u00fcbertr\u00e4gt auch auf YouTube live\">\u00fcber YouTube<\/a> live mitzuverfolgen.<\/p>\n<p>Wir werden euch begleitend dazu wie gewohnt mit gesonderten News-Eintr\u00e4gen zu allen Ank\u00fcndigungen und Neuerungen auf dem Laufenden halten. Im Fokus steht nat\u00fcrlich der Ausblick auf die kommenden, im Herbst erwarteten Apple-Betriebssysteme f\u00fcr iPhone, iPad, Mac, die Apple Watch und Apple TV.<\/p>\n","protected":false},"excerpt":{"rendered":"<a href=\"https:\/\/www.ifun.de\/apple-keynote-zur-wwdc-live-auch-auf-apple-tv-155594\/\"><img width=\"150\" height=\"150\" src=\"https:\/\/images.ifun.de\/wp-content\/uploads\/2020\/06\/apple-events-auf-apple-tv-150x150.jpg\" class=\"alignright tfe wp-post-image\" alt=\"Apple Events Auf Apple Tv\" decoding=\"async\" loading=\"lazy\" \/><\/a><p>Heute startet die Entwicklerkonferenz WWDC 2020 und eigentlich sollte die Live-\u00dcbertragung der Keynote auch \u00fcber Apple TV zu empfangen sein. In Deutschland zeigen sich Apple-Nutzer derzeit allerdings noch irritiert, denn hier fehlt bislang jedwede Ank\u00fcndigung, stattdessen wird ein R\u00fcckblick auf Apple-Veranstaltungen aus dem vergangenen Jahr angeboten. Wir sind allerdings zuversichtlich, dass Apple die \u00dcbertragung wie [&hellip;]<\/p>\n","protected":false},"author":2,"featured_media":155596,"comment_status":"open","ping_status":"closed","sticky":false,"template":"","format":"standard","meta":{"_acf_changed":false,"footnotes":""},"categories":[4],"tags":[],"class_list":["post-155594","post","type-post","status-publish","format-standard","has-post-thumbnail","hentry","category-appletv"],"acf":[],"aioseo_notices":[],"subheadline":["Heute ab 19 Uhr"],"featured_image":["https:\/\/images.ifun.de\/wp-content\/uploads\/2020\/05\/apple-wwdc-2020.jpg"],"rest_api_enabler":{"subheadline":"Heute ab 19 Uhr","featured_image":"https:\/\/images.ifun.de\/wp-content\/uploads\/2020\/05\/apple-wwdc-2020.jpg"},"_links":{"self":[{"href":"https:\/\/www.ifun.de\/apiv2\/wp\/v2\/posts\/155594","targetHints":{"allow":["GET"]}}],"collection":[{"href":"https:\/\/www.ifun.de\/apiv2\/wp\/v2\/posts"}],"about":[{"href":"https:\/\/www.ifun.de\/apiv2\/wp\/v2\/types\/post"}],"author":[{"embeddable":true,"href":"https:\/\/www.ifun.de\/apiv2\/wp\/v2\/users\/2"}],"replies":[{"embeddable":true,"href":"https:\/\/www.ifun.de\/apiv2\/wp\/v2\/comments?post=155594"}],"version-history":[{"count":2,"href":"https:\/\/www.ifun.de\/apiv2\/wp\/v2\/posts\/155594\/revisions"}],"predecessor-version":[{"id":155597,"href":"https:\/\/www.ifun.de\/apiv2\/wp\/v2\/posts\/155594\/revisions\/155597"}],"wp:featuredmedia":[{"embeddable":true,"href":"https:\/\/www.ifun.de\/apiv2\/wp\/v2\/media\/155596"}],"wp:attachment":[{"href":"https:\/\/www.ifun.de\/apiv2\/wp\/v2\/media?parent=155594"}],"wp:term":[{"taxonomy":"category","embeddable":true,"href":"https:\/\/www.ifun.de\/apiv2\/wp\/v2\/categories?post=155594"},{"taxonomy":"post_tag","embeddable":true,"href":"https:\/\/www.ifun.de\/apiv2\/wp\/v2\/tags?post=155594"}],"curies":[{"name":"wp","href":"https:\/\/api.w.org\/{rel}","templated":true}]}}