{"id":155321,"date":"2020-06-17T07:40:04","date_gmt":"2020-06-17T05:40:04","guid":{"rendered":"https:\/\/www.ifun.de\/?p=155321"},"modified":"2020-06-17T07:53:28","modified_gmt":"2020-06-17T05:53:28","slug":"wwdc-2020-apple-uebertraegt-auch-auf-youtube-live","status":"publish","type":"post","link":"https:\/\/www.ifun.de\/wwdc-2020-apple-uebertraegt-auch-auf-youtube-live-155321\/","title":{"rendered":"WWDC 2020: Apple \u00fcbertr\u00e4gt auch auf YouTube live"},"content":{"rendered":"<p>Eine knappe Woche noch, dann startet Apples diesj\u00e4hrige Entwicklerkonferenz <a href=\"https:\/\/developer.apple.com\/wwdc20\/\">WWDC 2020<\/a> erstmals in einem rein digitalen Format. Auf die er\u00f6ffnende Keynote durch Tim Cook m\u00fcssen wir dennoch nicht verzichten. Am Montag um 19 Uhr unserer Zeit wird der Apple-Chef die digitale B\u00fchne betreten.<\/p>\n<p>Apple wird die Auftaktveranstaltung wie gewohnt live ausstrahlen. Neben der Video-\u00dcbertragung \u00fcber <a href=\"https:\/\/www.apple.com\/apple-events\/\">Apples Events-Webseite<\/a> und Apple TV k\u00f6nnt ihr die voraussichtlich knapp zwei Stunden lange Pr\u00e4sentation von macOS 10.16, iOS 14 und hoffentlich auch neuer Hardware auch diesmal wieder \u00fcber YouTube verfolgen.<\/p>\n<p>Auf <a href=\"https:\/\/www.youtube.com\/watch?v=GEZhD3J89ZE\">Apples YouTube-Kanal<\/a> wurde die Video-\u00dcbertragung bereits vorbereitet. Unter dem Titel \u201eFull stream ahead\u201c wirbt bereits ein Platzhalter f\u00fcr das kommende Event. Wer m\u00f6chte, kann dort per Mausklick auch eine Erinnerung aktivieren.<\/p>\n<p><div class=\"responsive-video\"><iframe loading=\"lazy\" width=\"700\" height=\"371\" src=\"https:\/\/www.youtube-nocookie.com\/embed\/GEZhD3J89ZE\" frameborder=\"0\" allowfullscreen><\/iframe><\/div><\/p>\n","protected":false},"excerpt":{"rendered":"<a href=\"https:\/\/www.ifun.de\/wwdc-2020-apple-uebertraegt-auch-auf-youtube-live-155321\/\"><img width=\"150\" height=\"150\" src=\"https:\/\/images.ifun.de\/wp-content\/uploads\/2020\/06\/apple-wwdc-2020-150x150.jpg\" class=\"alignright tfe wp-post-image\" alt=\"Apple Wwdc 2020\" decoding=\"async\" loading=\"lazy\" \/><\/a><p>Eine knappe Woche noch, dann startet Apples diesj\u00e4hrige Entwicklerkonferenz WWDC 2020 erstmals in einem rein digitalen Format. Auf die er\u00f6ffnende Keynote durch Tim Cook m\u00fcssen wir dennoch nicht verzichten. Am Montag um 19 Uhr unserer Zeit wird der Apple-Chef die digitale B\u00fchne betreten. Apple wird die Auftaktveranstaltung wie gewohnt live ausstrahlen. Neben der Video-\u00dcbertragung \u00fcber [&hellip;]<\/p>\n","protected":false},"author":2,"featured_media":155323,"comment_status":"open","ping_status":"closed","sticky":false,"template":"","format":"standard","meta":{"_acf_changed":false,"footnotes":""},"categories":[3],"tags":[4858],"class_list":["post-155321","post","type-post","status-publish","format-standard","has-post-thumbnail","hentry","category-apple","tag-wwdc-2020"],"acf":[],"aioseo_notices":[],"subheadline":["Montag um 19 Uhr geht's los"],"featured_image":["https:\/\/images.ifun.de\/wp-content\/uploads\/2020\/06\/apple-wwdc-2020.jpg"],"rest_api_enabler":{"subheadline":"Montag um 19 Uhr geht's los","featured_image":"https:\/\/images.ifun.de\/wp-content\/uploads\/2020\/06\/apple-wwdc-2020.jpg"},"_links":{"self":[{"href":"https:\/\/www.ifun.de\/apiv2\/wp\/v2\/posts\/155321","targetHints":{"allow":["GET"]}}],"collection":[{"href":"https:\/\/www.ifun.de\/apiv2\/wp\/v2\/posts"}],"about":[{"href":"https:\/\/www.ifun.de\/apiv2\/wp\/v2\/types\/post"}],"author":[{"embeddable":true,"href":"https:\/\/www.ifun.de\/apiv2\/wp\/v2\/users\/2"}],"replies":[{"embeddable":true,"href":"https:\/\/www.ifun.de\/apiv2\/wp\/v2\/comments?post=155321"}],"version-history":[{"count":3,"href":"https:\/\/www.ifun.de\/apiv2\/wp\/v2\/posts\/155321\/revisions"}],"predecessor-version":[{"id":155325,"href":"https:\/\/www.ifun.de\/apiv2\/wp\/v2\/posts\/155321\/revisions\/155325"}],"wp:featuredmedia":[{"embeddable":true,"href":"https:\/\/www.ifun.de\/apiv2\/wp\/v2\/media\/155323"}],"wp:attachment":[{"href":"https:\/\/www.ifun.de\/apiv2\/wp\/v2\/media?parent=155321"}],"wp:term":[{"taxonomy":"category","embeddable":true,"href":"https:\/\/www.ifun.de\/apiv2\/wp\/v2\/categories?post=155321"},{"taxonomy":"post_tag","embeddable":true,"href":"https:\/\/www.ifun.de\/apiv2\/wp\/v2\/tags?post=155321"}],"curies":[{"name":"wp","href":"https:\/\/api.w.org\/{rel}","templated":true}]}}